{"id":12978,"date":"2021-05-26T14:54:32","date_gmt":"2021-05-26T12:54:32","guid":{"rendered":"https:\/\/wp.muchomaas.com\/article-vincent-drezet-notre-systeme-fiscal-est-tres-peu-redistributif\/"},"modified":"2023-06-24T00:16:18","modified_gmt":"2023-06-23T22:16:18","slug":"article-vincent-drezet-notre-systeme-fiscal-est-tres-peu-redistributif","status":"publish","type":"post","link":"https:\/\/archives.regards.fr\/?p=12978","title":{"rendered":"Vincent Drezet : \u00ab Notre syst\u00e8me fiscal est tr\u00e8s peu redistributif \u00bb"},"content":{"rendered":"<p class=\"post_excerpt\">Les pauvres ne paient pas d\u2019imp\u00f4ts. Ils sont des assist\u00e9s. Taxer les riches, emp\u00eache l\u2019investissement et contraint l\u2019emploi. Les clich\u00e9s ont la dent dure. Attac publie <em>Imp\u00f4ts : id\u00e9es fausses et vraies injustices<\/em> aux \u00c9ditions Les Liens qui Lib\u00e8rent. L\u2019un des auteurs, Vincent Drezet, \u00e9conomiste et fiscaliste, est l\u2019invit\u00e9 de #LaMidinale. <\/p>\n<h2>UNE MIDINALE \u00c0 VOIR&#8230;<\/h2>\n<p><iframe loading=\"lazy\" width=\"490\" height=\"276\" src=\"https:\/\/www.youtube.com\/embed\/I96pO936xp4\" title=\"YouTube video player\" frameborder=\"0\" allow=\"accelerometer; autoplay; clipboard-write; encrypted-media; gyroscope; picture-in-picture\" allowfullscreen><\/iframe><\/p>\n<p>&nbsp;<\/p>\n<p><h2>ET \u00c0 LIRE&#8230;<\/h2>\n<p><em>\u00a0<strong>Sur le principe de l\u2019imp\u00f4t\u00a0<\/em>\u00a0<\/strong><br \/>\n\u00ab\u00a0Une soci\u00e9t\u00e9 sans imp\u00f4t n\u2019est pas une soci\u00e9t\u00e9.\u00a0\u00bb<br \/>\n\u00ab\u00a0Il faut rel\u00e9gitimer l\u2019imp\u00f4t mais \u00e7a passe par une r\u00e9forme du syst\u00e8me fiscal.\u00a0\u00bb<br \/>\n\u00ab\u00a0Par l\u2019imp\u00f4t, on devrait r\u00e9duire les in\u00e9galit\u00e9s et notamment les in\u00e9galit\u00e9s de patrimoine mais \u00e7a n\u2019est pas le cas, parce que notre syst\u00e8me d\u2019imp\u00f4t est tr\u00e8s injuste.\u00a0\u00bb<br \/>\n\u00ab\u00a0La redistribution sociale et les services publics gratuits peuvent permettre de r\u00e9duire les in\u00e9galit\u00e9s.\u00a0\u00bb<br \/>\n\u00ab\u00a0Si on veut refaire soci\u00e9t\u00e9, il faut s\u2019interroger sur les besoins qui n\u00e9cessitent une contribution commune : les besoins sociaux, \u00e9cologiques et \u00e9conomiques.\u00a0\u00bb<\/p>\n<p><em>\u00a0<strong>Sur les in\u00e9galit\u00e9s de patrimoine\u00a0<\/em>\u00a0<\/strong><br \/>\n\u00ab\u00a0Les in\u00e9galit\u00e9s de patrimoine sont beaucoup plus importantes que les in\u00e9galit\u00e9s de revenu.\u00a0\u00bb<br \/>\n\u00ab\u00a0Les 1% des Fran\u00e7ais les plus riches ont presque 17% du patrimoine total des m\u00e9nages.\u00a0\u00bb<br \/>\n\u00ab\u00a0La fiscalit\u00e9 devrait permettre de taxer plus encore les patrimoines les plus importants.\u00a0\u00bb<br \/>\n\u00ab\u00a0Les imp\u00f4ts sur les donations et les successions pourraient jouer un r\u00f4le tr\u00e8s importants sur les in\u00e9galit\u00e9s (\u2026). Mais il y a des m\u00e9canismes qui permettent de r\u00e9duire consid\u00e9rablement l\u2019imp\u00f4t. \u00bb<br \/>\n\u00ab\u00a0De longue date, le syst\u00e8me fiscal a \u00e9t\u00e9 tr\u00e8s peu redistributif. C\u2019est vrai en mati\u00e8re de revenu et en mati\u00e8re de patrimoine.\u00a0\u00bb<\/p>\n<p><em>\u00a0<strong>Sur l\u2019exil des plus riches parce que trop tax\u00e9s\u00a0<\/em>\u00a0<\/strong><br \/>\n\u00ab\u00a0Les riches ne paient pas autant de taxes qu\u2019ils ne le croient.\u00a0\u00bb<br \/>\n\u00ab\u00a0L\u2019exil fiscal est totalement marginal et probablement m\u00eame sans effet sur l\u2019\u00e9conomie : on le dit depuis longtemps mais aujourd\u2019hui, m\u00eame l\u2019administration fiscale le dit.\u00a0\u00bb<br \/>\n\u00ab\u00a0L\u2019argument de l\u2019exil des plus riches a \u00e9t\u00e9 mont\u00e9 en \u00e9pingle pour supprimer l\u2019ISF.\u00a0\u00bb<br \/>\n\u00ab\u00a0Beaucoup de t\u00e9moignages de ceux qui sont partis \u00e0 l\u2019\u00e9tranger &#8211; et m\u00eame si \u00e7a reste marginal &#8211; disent qu\u2019ils sont revenus en France apr\u00e8s avoir eu des enfants et consid\u00e9rant que nos syst\u00e8mes d\u2019\u00e9ducation ou de sant\u00e9 \u00e9taient meilleurs : plus justes et plus efficaces.\u00a0\u00bb\u00a0<\/p>\n<p><em>\u00a0<strong>Sur la th\u00e9orie du ruissellement<\/em>\u00a0<\/strong><br \/>\n\u00ab\u00a0Il est tentant de se raccrocher \u00e0 ce que dit Joe Biden c\u2019est \u00e0 dire que la th\u00e9orie du ruissellement n\u2019a jamais fonctionn\u00e9.\u00a0Et il dit bien \u2018jamais\u2019. \u00bb<br \/>\n\u00ab\u00a0Le bilan des mesures d\u2019Emmanuel Macron &#8211; il a \u00e9t\u00e9 dress\u00e9 par un organisme qui s\u2019appelle France strat\u00e9gie, rattach\u00e9 \u00e0 Matignon, donc pas un rep\u00e8re de r\u00e9volutionnaires &#8211; dit dans deux rapports successifs qu\u2019il n\u2019y a pas d\u2019impact sur l\u2019investissement et sur l\u2019emploi.\u00a0Sauf que ces mesures tr\u00e8s couteuses ont aliment\u00e9 le d\u00e9ficit public. \u00bb<\/p>\n<p><em>\u00a0<strong>Sur la progressivit\u00e9 de l\u2019imp\u00f4t<\/em>\u00a0<\/strong><br \/>\n\u00ab\u00a0L\u2019\u00e9quit\u00e9 v\u00e9ritable fonde la progressivit\u00e9 de l\u2019imp\u00f4t sur le revenu.\u00a0L\u2019\u00e9quit\u00e9 v\u00e9ritable n\u2019est pas simplement juste et g\u00e9n\u00e9reuse, elle est n\u00e9cessaire sur un plan \u00e9conomique. \u00bb<br \/>\n\u00ab La progressivit\u00e9 de l\u2019imp\u00f4t est un choix politique.\u00a0\u00bb<br \/>\n\u00ab\u00a0En mati\u00e8re d\u2019imp\u00f4t sur le revenu, il y a beaucoup de mesures d\u00e9rogatoires avec des niches fiscales.\u00a0\u00bb<br \/>\nSur la fiscalit\u00e9 \u00e0 l\u2019\u00e9chelle europ\u00e9enne<br \/>\n\u00ab\u00a0Oui, \u00e7a a du sens, de penser une fiscalit\u00e9 \u00e0 l\u2019\u00e9chelle europ\u00e9enne et m\u00eame mondiale. On est dans un contexte avec des \u00e9changes et une globalisation financi\u00e8re, mondialisation qui est une r\u00e9alit\u00e9. Et ce qui est une autre r\u00e9alit\u00e9, c\u2019est que la plupart des Etats se sont engag\u00e9s dans cette concurrence fiscale en esp\u00e9rant avoir un avantage sur le voisin.\u00a0Tout le monde y perd. Donc l\u2019id\u00e9e, \u00e0 l\u2019\u00e9chelle de l\u2019union europ\u00e9enne et au moins de la zone euro, on pourrait instaurer plusieurs mesures et notamment harmoniser le syst\u00e8me de la TVA qui donne lieu \u00e0 beaucoup de fraudes au niveau intracommunautaire. \u00bb<br \/>\n\u00ab\u00a0Il faut neutraliser l\u2019\u00e9vasion fiscale et la concurrence fiscale.\u00a0\u00bb\u00a0<\/p>\n<p><em>\u00a0<strong>Sur l\u2019imp\u00f4t des pauvres\u00a0<\/em>\u00a0<\/strong><br \/>\n\u00ab\u00a0L\u2019id\u00e9e que les pauvres ne paient pas d\u2019imp\u00f4t est insupportable parce que c\u2019est faux.\u00a0\u00bb<br \/>\n\u00ab\u00a0Les pauvres paient des imp\u00f4ts en allant s\u2019acheter \u00e0 manger avec la TVA.\u00a0\u00bb<br \/>\n\u00ab\u00a0Le poids de la TVA dans le revenu des pauvres, leur taux d\u2019effort est de plus de 12% c\u2019est-\u00e0-dire qu\u2019ils paient 12% de leurs revenus, rien qu\u2019\u00e0 la TVA.\u00a0Et comme les plus riches ne consomment pas tous leurs revenus, leur taux d\u2019effort est inf\u00e9rieur \u00e0 5%. \u00bb<br \/>\n\u00ab\u00a0Les pauvres subissent en plus des in\u00e9galit\u00e9s de fiscalit\u00e9, les reculs des services publics et de certains droits sociaux. \u00bb<br \/>\n\u00ab\u00a0Quand on regarde la redistribution sociale, les 3\/4 b\u00e9n\u00e9ficient \u00e0 tout le monde &#8211; riches ou pauvres -.\u00a0\u00bb<br \/>\n\u00ab\u00a0Les pauvres font peu appel aux aides.\u00a0\u00bb<\/p>\n<p><em>\u00a0<strong>Sur les alternatives \u00e0 la TVA<\/em>\u00a0<\/strong><br \/>\n\u00ab\u00a0Avec le num\u00e9rique, il va y avoir un retour des utopies fiscales.\u00a0\u00bb<br \/>\n\u00ab\u00a0Il est en train d\u2019\u00e9merger le concept de microtaxe, c\u2019est-\u00e0-dire une taxe qui s\u2019appliquerait sur toutes les transitions \u00e9lectroniques, de l\u2019achat avec une carte bleue jusqu\u2019\u00e0 la transaction financi\u00e8re.\u00a0\u00bb<br \/>\n\u00ab\u00a0On pourrait imaginer une refonte du syst\u00e8me des imp\u00f4ts dans un syst\u00e8me de microtaxes qui serait appliqu\u00e9 de mani\u00e8re individuelle et ajust\u00e9e en fonction de la situation des personnes concern\u00e9es.\u00a0\u00bb<br \/>\n\u00ab\u00a0Cela pose une question de libert\u00e9 individuelle : l\u2019administration, avec un tel syst\u00e8me, aurait connaissance d\u2019\u00e0 peu pr\u00e8s tout.\u00a0\u00bb<\/p>\n<p><em>\u00a0<strong>Sur le fait que les imp\u00f4ts co\u00fbtent plus cher aux pauvres qu\u2019aux riches<\/em>\u00a0<\/strong><br \/>\n\u00ab\u00a0Quand on regarde les 10% les plus pauvres, on s\u2019aper\u00e7oit que tous les revenus sont consacr\u00e9s \u00e0 la consommation. Or, beaucoup d\u2019imp\u00f4ts portent sur la consommation. La proportion des plus pauvres consacr\u00e9e \u00e0 l\u2019imp\u00f4t est donc sup\u00e9rieure \u00e0 celle des plus riches quant \u00e0 la consommation. Mais il y a d\u2019autres imp\u00f4ts pour les plus riches.\u00a0\u00bb<br \/>\n\u00ab\u00a0Si on regarde en proportion et en valeur, les plus riches paient plus d\u2019imp\u00f4ts que les plus pauvres. Sauf que, lorsque l\u2019on regarde les fa\u00e7ons d\u2019\u00e9viter l\u2019imp\u00f4t par les processus de d\u00e9fiscalisation notamment, on s\u2019aper\u00e7oit que l\u2019imp\u00f4t progressif, au-del\u00e0 d\u2019un certain seuil, le taux r\u00e9el d\u2019imposition diminue.\u00a0\u00bb<\/p>\n<p><em>\u00a0<strong>Sur la fiscalit\u00e9 \u00e9cologique<\/em>\u00a0<\/strong><br \/>\n\u00ab\u00a0La fiscalit\u00e9 \u00e9cologique ne peut \u00eatre qu\u2019un petit aspect dans le cadre d&#8217;une politique globale en faveur de l\u2019environnement, c\u2019est-\u00e0-dire des normes, un budget\u2026\u00a0\u00bb<br \/>\n\u00ab\u00a0Le principe de la fiscalit\u00e9 \u00e9colo, c\u2019est de modifier le comportement.\u00a0\u00bb<br \/>\n\u00ab\u00a0Pour moi, il faudrait appliquer une taxe carbone mais en la redistribuant de mani\u00e8re \u00e0 ce que ceux qui sont \u00e9loign\u00e9s des centres-villes et qui n\u2019ont pas d\u2019alternative en mati\u00e8re de transports en commun, que ce soit neutre pour eux. Mais pas pour les autres, notamment ceux qui sont plus riches et prennent l\u2019avion par exemple.\u00a0\u00bb<div id='gallery-1' class='gallery galleryid-12978 gallery-columns-3 gallery-size-thumbnail'><figure class='gallery-item'>\n\t\t\t<div class='gallery-icon landscape'>\n\t\t\t\t<a href='https:\/\/archives.regards.fr\/wp-content\/uploads\/2021\/05\/capture_d_e_cran_2021-05-26_a_13-e06.29.24.png'><img loading=\"lazy\" decoding=\"async\" width=\"150\" height=\"150\" src=\"https:\/\/archives.regards.fr\/wp-content\/uploads\/2021\/05\/capture_d_e_cran_2021-05-26_a_13-e06.29.24-150x150.png\" class=\"attachment-thumbnail size-thumbnail\" alt=\"capture_d_e_cran_2021-05-26_a_13.29.24.png\" \/><\/a>\n\t\t\t<\/div><\/figure>\n\t\t<\/div>\n<\/p>\n","protected":false},"excerpt":{"rendered":"<p>Les pauvres ne paient pas d\u2019imp\u00f4ts. Ils sont des assist\u00e9s. Taxer les riches, emp\u00eache l\u2019investissement et contraint l\u2019emploi. Les clich\u00e9s ont la dent dure. Attac publie <em>Imp\u00f4ts : id\u00e9es fausses et vraies injustices<\/em> aux \u00c9ditions Les Liens qui Lib\u00e8rent. L\u2019un des auteurs, Vincent Drezet, \u00e9conomiste et fiscaliste, est l\u2019invit\u00e9 de #LaMidinale. <\/p>\n","protected":false},"author":1039,"featured_media":30633,"comment_status":"open","ping_status":"open","sticky":false,"template":"","format":"standard","meta":{"_themeisle_gutenberg_block_has_review":false,"footnotes":""},"categories":[238],"tags":[293],"class_list":["post-12978","post","type-post","status-publish","format-standard","has-post-thumbnail","hentry","category-la-midinale","tag-entretien"],"_links":{"self":[{"href":"https:\/\/archives.regards.fr\/index.php?rest_route=\/wp\/v2\/posts\/12978","targetHints":{"allow":["GET"]}}],"collection":[{"href":"https:\/\/archives.regards.fr\/index.php?rest_route=\/wp\/v2\/posts"}],"about":[{"href":"https:\/\/archives.regards.fr\/index.php?rest_route=\/wp\/v2\/types\/post"}],"author":[{"embeddable":true,"href":"https:\/\/archives.regards.fr\/index.php?rest_route=\/wp\/v2\/users\/1039"}],"replies":[{"embeddable":true,"href":"https:\/\/archives.regards.fr\/index.php?rest_route=%2Fwp%2Fv2%2Fcomments&post=12978"}],"version-history":[{"count":0,"href":"https:\/\/archives.regards.fr\/index.php?rest_route=\/wp\/v2\/posts\/12978\/revisions"}],"wp:featuredmedia":[{"embeddable":true,"href":"https:\/\/archives.regards.fr\/index.php?rest_route=\/wp\/v2\/media\/30633"}],"wp:attachment":[{"href":"https:\/\/archives.regards.fr\/index.php?rest_route=%2Fwp%2Fv2%2Fmedia&parent=12978"}],"wp:term":[{"taxonomy":"category","embeddable":true,"href":"https:\/\/archives.regards.fr\/index.php?rest_route=%2Fwp%2Fv2%2Fcategories&post=12978"},{"taxonomy":"post_tag","embeddable":true,"href":"https:\/\/archives.regards.fr\/index.php?rest_route=%2Fwp%2Fv2%2Ftags&post=12978"}],"curies":[{"name":"wp","href":"https:\/\/api.w.org\/{rel}","templated":true}]}}