{"id":12977,"date":"2021-05-25T12:22:49","date_gmt":"2021-05-25T10:22:49","guid":{"rendered":"https:\/\/wp.muchomaas.com\/article-malik-salemkour-le-gouvernement-n-a-plus-confiance-dans-la-democratie\/"},"modified":"2023-06-24T00:16:17","modified_gmt":"2023-06-23T22:16:17","slug":"article-malik-salemkour-le-gouvernement-n-a-plus-confiance-dans-la-democratie","status":"publish","type":"post","link":"https:\/\/archives.regards.fr\/?p=12977","title":{"rendered":"Malik Salemkour : \u00ab\u00a0Le gouvernement n\u2019a plus confiance dans la d\u00e9mocratie\u00a0\u00bb"},"content":{"rendered":"<p class=\"post_excerpt\">Manifestations de policiers, droits des migrants, libert\u00e9s publiques, instrumentalisation de la justice \u00e0 des fins politiques : notre d\u00e9mocratie en danger ? Malik Salemkour, pr\u00e9sident de la Ligue des Droits de l\u2019Homme, est l\u2019invit\u00e9 de #LaMidinale.<\/p>\n<h2>UNE MIDINALE \u00c0 VOIR&#8230;<\/h2>\n<p><iframe loading=\"lazy\" width=\"490\" height=\"276\" src=\"https:\/\/www.youtube.com\/embed\/8c_rztttXzE\" title=\"YouTube video player\" frameborder=\"0\" allow=\"accelerometer; autoplay; clipboard-write; encrypted-media; gyroscope; picture-in-picture\" allowfullscreen><\/iframe><\/p>\n<p>&nbsp;<\/p>\n<p><h2>ET \u00c0 LIRE&#8230;<\/h2>\n<p><em>\u00a0<strong>Sur la situation des migrants \u00e0 Ceuta (Espagne)<\/em>\u00a0<\/strong><br \/>\n\u00ab\u00a0C\u2019est un r\u00e8glement de compte entre l\u2019Espagne et le Maroc.\u00a0\u00bb<br \/>\n\u00ab\u00a0C\u2019est une horreur de voir ces milliers de jeunes hommes et femmes, de personnes qui demandent simplement \u00e0 pouvoir venir travailler.\u00a0\u00bb<br \/>\n\u00ab\u00a0On est dans une aberration : l\u2019Europe ne veut pas traiter ces questions d\u2019accueil.\u00a0\u00bb<br \/>\n\u00ab\u00a0La libert\u00e9 de circulation est un sujet compliqu\u00e9 qu\u2019il nous faut appr\u00e9hender et qu\u2019il faut traiter de m\u00eame que le droit d\u2019asile.\u00a0\u00bb<br \/>\n\u00ab\u00a0On est dans une situation d\u2019aberration et de rejet des personnes accueillies en Espagne. Il y a mati\u00e8re \u00e0 recours.\u00a0\u00bb<\/p>\n<p><em>\u00a0<strong>Sur le proc\u00e8s de l\u2019affaire M\u00e9ric<\/em>\u00a0<\/strong><br \/>\n\u00ab\u00a0L\u2019extr\u00eame droite n\u2019a jamais \u00e9t\u00e9 autre chose que dans la violence et dans la haine.\u00a0\u00bb<br \/>\n\u00ab\u00a0Il ne suffit de dissoudre G\u00e9n\u00e9ration identitaire pour que l\u2019extr\u00eame droite violente, raciste, x\u00e9nophobe, haineuse, disparaisse.\u00a0Au contraire. \u00bb<br \/>\n\u00ab\u00a0Il y a des mouvements d\u2019extr\u00eame droite, des mouvements supr\u00e9matistes aussi, qui se multiplient et qui sont de plus en plus violents. Ce sont des terroristes.\u00a0Ces gens veulent d\u00e9stabiliser l\u2019Etat. \u00bb<\/p>\n<p><em>\u00a0<strong>Sur l\u2019appel \u00e0 manifester le 12 juin pour les libert\u00e9s et contre l\u2019extr\u00eame droite<\/em>\u00a0<\/strong><br \/>\n\u00ab\u00a0Il faut que cette manifestation soit un succ\u00e8s.\u00a0\u00bb<br \/>\n\u00ab\u00a0Le probl\u00e8me c\u2019est l\u2019extr\u00eame droite et la prolif\u00e9ration de ses id\u00e9es qui dominent le d\u00e9bat public.\u00a0\u00bb<br \/>\n\u00ab\u00a0La d\u00e9sagr\u00e9gation de l\u2019Etat, le pouvoir et les institutions qui se succ\u00e8dent depuis des d\u00e9cennies, ne r\u00e9pondent pas aux aspirations sociales et de vie des individus.\u00a0\u00bb<br \/>\n\u00ab\u00a0Il faut travailler au fond pour r\u00e9affirmer que la spirale s\u00e9curitaire, r\u00e9pressive, la spirale de choisir des boucs \u00e9missaires, n\u2019est pas une r\u00e9ponse effective, efficace et durable.\u00a0\u00bb<br \/>\n\u00ab\u00a0Il y a un danger pour notre d\u00e9mocratie lorsqu\u2019on donne plus de pouvoir \u00e0 la police et aux pr\u00e9fets alors qu\u2019on entend pas les aspirations sociales et la demande de plus de justice et d\u2019\u00e9galit\u00e9.\u00a0\u00bb<\/p>\n<p><em>\u00a0<strong>Sur la manifestation des policiers\u00a0<\/em>\u00a0<\/strong><br \/>\n\u00ab\u00a0Cette manifestation est un nouveau signe de d\u00e9sagr\u00e9gation de l\u2019Etat et d\u2019une d\u00e9politisation des enjeux de s\u00e9curit\u00e9.\u00a0\u00bb<br \/>\n\u00ab\u00a0On demande aux policiers de faire des choses qu\u2019ils n\u2019ont pas les moyens de faire.\u00a0\u00bb<br \/>\n\u00ab\u00a0On ne s\u2019interroge plus sur le r\u00f4le et les missions de la police.\u00a0\u00bb<br \/>\n\u00ab\u00a0Le Rassemblement national et ses id\u00e9es s\u00e9curitaires, r\u00e9pressives semblent \u00eatre les seules r\u00e9ponses.\u00a0\u00bb<br \/>\n\u00ab\u00a0Les violences polici\u00e8res qu\u2019on a v\u00e9cu lors des manifestations des gilets jaunes ou lors des contr\u00f4les au faci\u00e8s dans certains quartiers sont des faits qui m\u00e9ritent d\u2019\u00eatre travaill\u00e9s pour apaiser la soci\u00e9t\u00e9.\u00a0\u00bb<br \/>\n\u00ab\u00a0Il faut travailler sur des propositions positives, notamment avec la soci\u00e9t\u00e9 civile, les syndicats, les associations.\u00a0\u00bb<\/p>\n<p><em>\u00a0<strong>Sur les libert\u00e9s publiques\u00a0<\/em>\u00a0<\/strong><br \/>\n\u00ab\u00a0On d\u00e9tricote l\u2019Etat de droit et les libert\u00e9s publiques.\u00a0\u00bb<br \/>\n\u00ab\u00a0Le gouvernement n\u2019a plus confiance dans la d\u00e9mocratie.\u00a0\u00bb<br \/>\n\u00ab\u00a0Il y a une d\u00e9rive autoritaire et s\u00e9curitaire du gouvernement qui est inqui\u00e9tante.\u00a0\u00bb<br \/>\n\u00ab\u00a0Les libert\u00e9s publiques sont mises \u00e0 mal.\u00a0\u00bb<br \/>\n\u00ab\u00a0La loi s\u00e9curit\u00e9 globale vient g\u00e9n\u00e9raliser la surveillance et le contr\u00f4le ce qui va mettre encore plus la police en confrontation avec la population avec les risques d\u2019arbitraire et de tension.\u00a0\u00bb<div id='gallery-1' class='gallery galleryid-12977 gallery-columns-3 gallery-size-thumbnail'><figure class='gallery-item'>\n\t\t\t<div class='gallery-icon landscape'>\n\t\t\t\t<a href='https:\/\/archives.regards.fr\/wp-content\/uploads\/2021\/05\/capture_d_e_cran_2021-05-25_a_11-096.54.56.png'><img loading=\"lazy\" decoding=\"async\" width=\"150\" height=\"150\" src=\"https:\/\/archives.regards.fr\/wp-content\/uploads\/2021\/05\/capture_d_e_cran_2021-05-25_a_11-096.54.56-150x150.png\" class=\"attachment-thumbnail size-thumbnail\" alt=\"capture_d_e_cran_2021-05-25_a_11.54.56.png\" \/><\/a>\n\t\t\t<\/div><\/figure>\n\t\t<\/div>\n<\/p>\n","protected":false},"excerpt":{"rendered":"<p>Manifestations de policiers, droits des migrants, libert\u00e9s publiques, instrumentalisation de la justice \u00e0 des fins politiques : notre d\u00e9mocratie en danger ? Malik Salemkour, pr\u00e9sident de la Ligue des Droits de l\u2019Homme, est l\u2019invit\u00e9 de #LaMidinale.<\/p>\n","protected":false},"author":1204,"featured_media":30631,"comment_status":"open","ping_status":"open","sticky":false,"template":"","format":"standard","meta":{"_themeisle_gutenberg_block_has_review":false,"footnotes":""},"categories":[238],"tags":[293],"class_list":["post-12977","post","type-post","status-publish","format-standard","has-post-thumbnail","hentry","category-la-midinale","tag-entretien"],"_links":{"self":[{"href":"https:\/\/archives.regards.fr\/index.php?rest_route=\/wp\/v2\/posts\/12977","targetHints":{"allow":["GET"]}}],"collection":[{"href":"https:\/\/archives.regards.fr\/index.php?rest_route=\/wp\/v2\/posts"}],"about":[{"href":"https:\/\/archives.regards.fr\/index.php?rest_route=\/wp\/v2\/types\/post"}],"author":[{"embeddable":true,"href":"https:\/\/archives.regards.fr\/index.php?rest_route=\/wp\/v2\/users\/1204"}],"replies":[{"embeddable":true,"href":"https:\/\/archives.regards.fr\/index.php?rest_route=%2Fwp%2Fv2%2Fcomments&post=12977"}],"version-history":[{"count":0,"href":"https:\/\/archives.regards.fr\/index.php?rest_route=\/wp\/v2\/posts\/12977\/revisions"}],"wp:featuredmedia":[{"embeddable":true,"href":"https:\/\/archives.regards.fr\/index.php?rest_route=\/wp\/v2\/media\/30631"}],"wp:attachment":[{"href":"https:\/\/archives.regards.fr\/index.php?rest_route=%2Fwp%2Fv2%2Fmedia&parent=12977"}],"wp:term":[{"taxonomy":"category","embeddable":true,"href":"https:\/\/archives.regards.fr\/index.php?rest_route=%2Fwp%2Fv2%2Fcategories&post=12977"},{"taxonomy":"post_tag","embeddable":true,"href":"https:\/\/archives.regards.fr\/index.php?rest_route=%2Fwp%2Fv2%2Ftags&post=12977"}],"curies":[{"name":"wp","href":"https:\/\/api.w.org\/{rel}","templated":true}]}}