{"id":12973,"date":"2021-05-21T13:48:17","date_gmt":"2021-05-21T11:48:17","guid":{"rendered":"https:\/\/wp.muchomaas.com\/article-alexis-levrier-l-erreur-de-macron-c-est-d-avoir-pense-pouvoir-controler-les\/"},"modified":"2023-06-24T00:16:16","modified_gmt":"2023-06-23T22:16:16","slug":"article-alexis-levrier-l-erreur-de-macron-c-est-d-avoir-pense-pouvoir-controler-les","status":"publish","type":"post","link":"https:\/\/archives.regards.fr\/?p=12973","title":{"rendered":"\u00ab L&#8217;erreur de Macron, c&#8217;est d&#8217;avoir pens\u00e9 pouvoir contr\u00f4ler les journalistes parce qu&#8217;il connaissait les actionnaires \u00bb"},"content":{"rendered":"<p class=\"post_excerpt\">La pr\u00e9sidence de la R\u00e9publique sous la V\u00e8me entretient des rapports particuliers avec la presse. Emmanuel Macron marque-t-il une rupture ou une continuit\u00e9 par rapport \u00e0 ses pr\u00e9d\u00e9cesseurs ? Alexis L\u00e9vrier, historien du journalisme et auteur de <em>Jupiter et Mercure, le pouvoir pr\u00e9sidentiel face \u00e0 la presse<\/em> (\u00e9ditions Les Petits Matins\/Celsa) est l&#8217;invit\u00e9 de #LaMidinale.<\/p>\n<h2>UNE MIDINALE \u00c0 VOIR&#8230;<\/h2>\n<p><iframe loading=\"lazy\" width=\"490\" height=\"276\" src=\"https:\/\/www.youtube.com\/embed\/9SYs_sAlLCg\" title=\"YouTube video player\" frameborder=\"0\" allow=\"accelerometer; autoplay; clipboard-write; encrypted-media; gyroscope; picture-in-picture\" allowfullscreen><\/iframe><\/p>\n<p>&nbsp;<\/p>\n<p><h2>ET \u00c0 LIRE&#8230;<\/h2>\n<p><em>\u00a0<strong>Sur la presse et le pouvoir<\/em>\u00a0<\/strong><br \/>\n\u00ab\u00a0Il y a une histoire fran\u00e7aise du journalisme marqu\u00e9e par la d\u00e9pendance \u00e0 l\u2019\u00e9gard de l\u2019Etat.\u00a0\u00bb<br \/>\n\u00ab\u00a0Il y a eu, depuis le XVIIe si\u00e8cle, des tentatives de cr\u00e9er des journaux ind\u00e9pendants qui ont \u00e9t\u00e9 tout de suite remis sous le contr\u00f4le de l\u2019Etat.\u00a0\u00bb<br \/>\n\u00ab\u00a0Il y a un assujettissement historiquement de la presse.\u00a0\u00bb<br \/>\n\u00ab\u00a0La Ve R\u00e9publique revient aux origines d\u2019un point de vue politique et m\u00e9diatique : on a un pouvoir fort, vertical, centralis\u00e9 et incarn\u00e9.\u00a0\u00bb<br \/>\n\u00ab\u00a0Quand De Gaulle cr\u00e9e la Ve R\u00e9publique, il assume son origine monarchique ce qui pose in\u00e9vitablement probl\u00e8me pour la presse, m\u00eame si l\u2019on n\u2019est pas dans un syst\u00e8me aussi contr\u00f4l\u00e9 que l\u2019Ancien R\u00e9gime ou le Premier Empire.\u00a0\u00bb<br \/>\n\u00ab\u00a0L\u2019inqui\u00e9tude qu\u2019on aurait pu avoir quand Emmanuel Macron est arriv\u00e9 au pouvoir, c\u2019est qu\u2019il a assum\u00e9 aussi cette origine monarchique.\u00a0\u00bb<br \/>\n\u00ab\u00a0Emmanuel Macron, pour rompre avec Fran\u00e7ois Hollande qui \u00e9tait dans un rapport horizontal avec les journalistes, de grande proximit\u00e9 voire de grande connivence, a voulu revenir \u00e0 cette tutelle.\u00a0\u00bb<br \/>\n\u00ab\u00a0Quand on voit les d\u00e9buts r\u00e9ussis d\u2019Emmanuel Macron avec la marche au Louvre ou l\u2019extr\u00eame verrouillage de la communication, on voit aussi qu\u2019il a \u00e9t\u00e9 bien accueilli par les journalistes.\u00a0On aurait pu se dire qu\u2019\u00e0 ce moment, la presse n\u2019allait pas assumer son r\u00f4le de contre-pouvoir. Mais tr\u00e8s vite, elle a critiqu\u00e9 la tentation de la main-mise sur les m\u00e9dias.\u00a0\u00bb<br \/>\n\u00ab\u00a0Le grand moment de basculement, c\u2019est l\u2019affaire Benalla : c\u2019est une enqu\u00eate journalistique qui d\u00e9masque le pouvoir en exhibant les m\u00e9thodes de communication tr\u00e8s verrouill\u00e9es du pouvoir (\u2026). A ce moment-l\u00e0, la presse a repris son r\u00f4le de contre-pouvoir.\u00a0\u00bb<br \/>\n\u00ab\u00a0Sous le quinquennat d\u2019Emmanuel Macron, pass\u00e9e la premi\u00e8re ann\u00e9e o\u00f9 elle a eu du mal \u00e0 trouver son juste r\u00f4le vis-\u00e0-vis du pouvoir, elle a assum\u00e9 son r\u00f4le de contre-pouvoir.\u00a0\u00bb<br \/>\n\u00ab\u00a0Le quinquennat d\u2019Emmanuel Macron marque une sorte de dignit\u00e9 du journalisme, notamment la presse \u00e9crite.\u00a0\u00bb<\/p>\n<p><em>\u00a0<strong>Sur l\u2019homog\u00e9n\u00e9it\u00e9 de la presse<\/em>\u00a0<\/strong><br \/>\n\u00ab\u00a0Dans la Ve R\u00e9publique, il faut bien distinguer les m\u00e9dias audiovisuels de la presse \u00e9crite.\u00a0\u00bb<br \/>\n\u00ab\u00a0Si on revient aux origines, De Gaulle d\u00e9cide d\u2019utiliser l\u2019ORTF comme un moyen de r\u00e9pondre \u00e0 la presse \u00e9crite.\u00a0\u00bb<br \/>\n\u00ab\u00a0La presse, c\u2019est l\u2019antre du pouvoir jupit\u00e9rien.\u00a0\u00bb<br \/>\n\u00ab\u00a0Il y a une lacune d\u2019Emmanuel Macron par rapport \u00e0 ses pr\u00e9d\u00e9cesseurs &#8211; et qui \u00e9tait sa force \u00e0 l\u2019origine -, c\u2019est de ne pas tr\u00e8s bien conna\u00eetre la presse, et vice-versa.\u00a0\u00bb<br \/>\n\u00ab\u00a0Sibeth Ndiaye, Sylvain Faure et Isma\u00ebl Emelien ont trait\u00e9 de haut, de mani\u00e8re m\u00e9prisante allant jusqu\u2019\u00e0 l\u2019injure, les journalistes et ce, d\u00e8s la campagne.\u00a0\u00bb<br \/>\n\u00ab\u00a0L\u2019erreur d\u2019Emmanuel Macron est d\u2019avoir pens\u00e9 que parce qu\u2019il connaissait les actionnaires, on pouvait contr\u00f4ler les journalistes.\u00a0\u00bb<\/p>\n<p><em>\u00a0<strong>Sur le rapport d\u2019Emmanuel Macron \u00e0 la presse au prisme de sa soi-disant modernit\u00e9<\/em>\u00a0<\/strong><br \/>\n\u00ab\u00a0La start-up nation, c\u2019est juste du vocabulaire.\u00a0\u00bb<br \/>\n\u00ab\u00a0Emmanuel Macron, c\u2019est un Jean Lecanuet qui a r\u00e9ussi.\u00a0\u00bb<br \/>\n \u00ab\u00a0Emmanuel Macron, d\u00e8s la campagne, assume de prendre en exemple la monarchie, Bonaparte, De Gaulle et Mitterrand &#8211; des monarques r\u00e9publicains ou non qui ont assum\u00e9 un pouvoir tr\u00e8s vertical et une tutelle sur la presse. \u00bb<br \/>\n\u00ab\u00a0Les gilets jaunes t\u00e9moignent de la fragilit\u00e9 du monarque Macron qui n\u2019a pas suffisamment de relais dans la presse et notamment dans la presse r\u00e9gionale.\u00a0\u00bb<br \/>\n\u00ab\u00a0Dans son rapport \u00e0 la presse, Emmanuel Macron, ce n\u2019est pas du tout le nouveau monde.\u00a0\u00bb<br \/>\n\u00ab\u00a0L\u2019interview par Laurent Delahousse d\u2019Emmanuel Macron, c\u2019\u00e9tait un terrible retour \u00e0 l\u2019Ancien R\u00e9gime : il accompagne le Pr\u00e9sident dans l\u2019Elys\u00e9e en lui posant des questions extr\u00eamement convenues. On aurait dit un courtisan\u2026\u00a0Heureusement, \u00e7a n\u2019est pas toujours comme cela, notamment lors de sa confrontation avec des journalistes comme Edwy Plenel et Jean-Jacques Bourdin.\u00a0\u00bb<\/p>\n<p><em>\u00a0<strong>Sur le r\u00f4le de la presse dans l\u2019hyperpersonnalisation de la politique dans le Ve R\u00e9publique<\/em>\u00a0<\/strong><br \/>\n\u00ab\u00a0De fa\u00e7on assez sid\u00e9r\u00e9e, j\u2019ai constat\u00e9 que la presse assumait parfois son inf\u00e9riorit\u00e9, notamment quand des journalistes trouvent normale la verticalit\u00e9 du pouvoir.\u00a0\u00bb<br \/>\n\u00ab\u00a0La presse refl\u00e8te et accompagne l\u2019opinion publique &#8211; m\u00eame si cela peut se faire au prisme d\u2019un miroir d\u00e9formant.\u00a0\u00bb<br \/>\n\u00ab\u00a0Les journaux fran\u00e7ais ont accompagn\u00e9 le go\u00fbt des Fran\u00e7ais pour la personnalisation du pouvoir.\u00a0\u00bb<br \/>\n\u00ab\u00a0Toutes les conqu\u00eates de la presse se sont faites sous des r\u00e9gimes parlementaires, notamment sous les IIIe R\u00e9publique. D\u00e8s qu\u2019il y a un r\u00e9gime personnalis\u00e9, il y a une tentation de tutelle.\u00a0\u00bb<\/p>\n<p><em>\u00a0<strong>Sur Emmanuel Macron et son rapport \u00e0 la presse dans la s\u00e9quence pr\u00e9sidentielle qui s\u2019ouvre aujourd\u2019hui<\/em>\u00a0<\/strong><br \/>\n\u00ab\u00a0Emmanuel Macron est tr\u00e8s mitterrandien dans son absence de volont\u00e9 de trancher entre les ministres.\u00a0\u00bb<br \/>\n\u00ab\u00a0D\u00e8s qu\u2019un ministre prend trop de surface m\u00e9diatique, il va avoir tendance \u00e0 les rel\u00e9guer au second plan voire \u00e0 les m\u00e9priser et les humilier.\u00a0\u00bb<br \/>\n\u00ab\u00a0Sur G\u00e9rald Darmanin, Emmanuel Macron ne tranche jamais : il le laisse avoir des sorties de plus en plus droiti\u00e8res dans la presse, ce qui est tr\u00e8s inqui\u00e9tant.\u00a0\u00bb<br \/>\n\u00ab\u00a0Emmanuel Macron veut faire une campagne tr\u00e8s \u00e0 droite et utilise les m\u00e9dias pour cela, notamment Cnews et Valeurs Actuelles. Et il ne donne pas tort, ni raison, aux ministres qui vont tr\u00e8s loin dans cette ligne-l\u00e0.\u00a0\u00bb<br \/>\n\u00ab\u00a0Il y a un c\u00f4t\u00e9 darwinien chez Emmanuel Macron : il observe ses ministres dans l\u2019espace m\u00e9diatique et, s\u2019il prenne trop de place comme avec Jean-Michel Blanquer, il les humilie publiquement, si \u00e7a ne prend pas, il va avoir tendance \u00e0 se d\u00e9tourner d\u2019eux.\u00a0\u00bb<br \/>\n \u00ab\u00a0Ce qui fascine le Pr\u00e9sident et son conseille Bruno Roger-Petit, c\u2019est Cnews et la droitisation du d\u00e9bat public.\u00a0\u00bb<br \/>\n\u00ab\u00a0Le temps m\u00e9diatique ne peut plus \u00eatre ma\u00eetris\u00e9 autant que du temps de Fran\u00e7ois Mitterrand.\u00a0\u00bb<br \/>\n\u00ab\u00a0Emmanuel Macron n\u2019est plus Jupiter au sens initial : il s\u2019est rapproch\u00e9 des journalistes, il a compris que l\u2019extr\u00eame verticalit\u00e9 avait ses limites. Mais il reste Jupiter au sens o\u00f9 il instrumentalise les m\u00e9dias : ses liens avec CNews ou Valeurs Actuelles visent \u00e0 trianguler.\u00a0\u00bb<div id='gallery-1' class='gallery galleryid-12973 gallery-columns-3 gallery-size-thumbnail'><figure class='gallery-item'>\n\t\t\t<div class='gallery-icon landscape'>\n\t\t\t\t<a href='https:\/\/archives.regards.fr\/wp-content\/uploads\/2021\/05\/capture_d_e_cran_2021-05-21_a_13-b6c.42.01.png'><img loading=\"lazy\" decoding=\"async\" width=\"150\" height=\"150\" src=\"https:\/\/archives.regards.fr\/wp-content\/uploads\/2021\/05\/capture_d_e_cran_2021-05-21_a_13-b6c.42.01-150x150.png\" class=\"attachment-thumbnail size-thumbnail\" alt=\"capture_d_e_cran_2021-05-21_a_13.42.01.png\" \/><\/a>\n\t\t\t<\/div><\/figure>\n\t\t<\/div>\n<\/p>\n","protected":false},"excerpt":{"rendered":"<p>La pr\u00e9sidence de la R\u00e9publique sous la V\u00e8me entretient des rapports particuliers avec la presse. Emmanuel Macron marque-t-il une rupture ou une continuit\u00e9 par rapport \u00e0 ses pr\u00e9d\u00e9cesseurs ? Alexis L\u00e9vrier, historien du journalisme et auteur de <em>Jupiter et Mercure, le pouvoir pr\u00e9sidentiel face \u00e0 la presse<\/em> (\u00e9ditions Les Petits Matins\/Celsa) est l&#8217;invit\u00e9 de #LaMidinale.<\/p>\n","protected":false},"author":1204,"featured_media":30626,"comment_status":"open","ping_status":"open","sticky":false,"template":"","format":"standard","meta":{"_themeisle_gutenberg_block_has_review":false,"footnotes":""},"categories":[238],"tags":[293],"class_list":["post-12973","post","type-post","status-publish","format-standard","has-post-thumbnail","hentry","category-la-midinale","tag-entretien"],"_links":{"self":[{"href":"https:\/\/archives.regards.fr\/index.php?rest_route=\/wp\/v2\/posts\/12973","targetHints":{"allow":["GET"]}}],"collection":[{"href":"https:\/\/archives.regards.fr\/index.php?rest_route=\/wp\/v2\/posts"}],"about":[{"href":"https:\/\/archives.regards.fr\/index.php?rest_route=\/wp\/v2\/types\/post"}],"author":[{"embeddable":true,"href":"https:\/\/archives.regards.fr\/index.php?rest_route=\/wp\/v2\/users\/1204"}],"replies":[{"embeddable":true,"href":"https:\/\/archives.regards.fr\/index.php?rest_route=%2Fwp%2Fv2%2Fcomments&post=12973"}],"version-history":[{"count":0,"href":"https:\/\/archives.regards.fr\/index.php?rest_route=\/wp\/v2\/posts\/12973\/revisions"}],"wp:featuredmedia":[{"embeddable":true,"href":"https:\/\/archives.regards.fr\/index.php?rest_route=\/wp\/v2\/media\/30626"}],"wp:attachment":[{"href":"https:\/\/archives.regards.fr\/index.php?rest_route=%2Fwp%2Fv2%2Fmedia&parent=12973"}],"wp:term":[{"taxonomy":"category","embeddable":true,"href":"https:\/\/archives.regards.fr\/index.php?rest_route=%2Fwp%2Fv2%2Fcategories&post=12973"},{"taxonomy":"post_tag","embeddable":true,"href":"https:\/\/archives.regards.fr\/index.php?rest_route=%2Fwp%2Fv2%2Ftags&post=12973"}],"curies":[{"name":"wp","href":"https:\/\/api.w.org\/{rel}","templated":true}]}}