{"id":12968,"date":"2021-05-20T11:43:25","date_gmt":"2021-05-20T09:43:25","guid":{"rendered":"https:\/\/wp.muchomaas.com\/article-aurelie-trouve-les-idees-de-la-gauche-et-de-l-ecologie-sont-majoritaires\/"},"modified":"2023-06-24T00:16:11","modified_gmt":"2023-06-23T22:16:11","slug":"article-aurelie-trouve-les-idees-de-la-gauche-et-de-l-ecologie-sont-majoritaires","status":"publish","type":"post","link":"https:\/\/archives.regards.fr\/?p=12968","title":{"rendered":"Aur\u00e9lie Trouv\u00e9 : \u00ab Les id\u00e9es de la gauche et de l\u2019\u00e9cologie sont majoritaires \u00bb"},"content":{"rendered":"<p class=\"post_excerpt\">De quoi le rassemblement de la police du 19 mai est-il le nom ? La gauche y avait-elle sa place, comme l\u2019ont d\u00e9fendu Roussel, Faure et Jadot, alors que Zemmour, Darmanin et Bardella y paradaient. Aur\u00e9lie Trouv\u00e9, porte-parole d\u2019Attac, est l\u2019invit\u00e9e de #LaMidinale.<\/p>\n<h2>UNE MIDINALE \u00c0 VOIR&#8230;<\/h2>\n<p><iframe loading=\"lazy\" width=\"490\" height=\"276\" src=\"https:\/\/www.youtube.com\/embed\/W6KAGBEorvY\" title=\"YouTube video player\" frameborder=\"0\" allow=\"accelerometer; autoplay; clipboard-write; encrypted-media; gyroscope; picture-in-picture\" allowfullscreen><\/iframe><\/p>\n<p>&nbsp;<\/p>\n<p><h2>ET \u00c0 LIRE&#8230;<\/h2>\n<p><em>\u00a0<strong>Sur le rassemblement de la police\u00a0<\/em>\u00a0<\/strong><br \/>\n\u00ab\u00a0Il ne s\u2019agissait pas d\u2019un hommage mais d\u2019un appel de syndicats de police sur des mots d\u2019ordre s\u00e9curitaires.\u00a0\u00bb<br \/>\n\u00ab\u00a0Cette manifestation s\u2019apparente \u00e0 un coup de force politique. Une mani\u00e8re de faire pression sur la justice et l\u2019assembl\u00e9e nationale pour rench\u00e9rir sur le s\u00e9curitaire.\u00a0\u00bb<br \/>\n\u00ab\u00a0Dans un contexte assez grave de contagion de la soci\u00e9t\u00e9 par les id\u00e9es d\u2019extr\u00eame droite, il faut garder des digues et \u00e7a commence par ne pas aller manifester avec Darmanin, Bardela ou Zemmour.\u00a0\u00bb<br \/>\n\u00ab\u00a0Ce qui est grave dans cette affaire, c\u2019est surtout d\u2019un point de vue de la reconstruction d\u2019une gauche qui soit solide sur ses valeurs sociales et de l\u2019\u00e9cologie mais aussi ses valeurs soci\u00e9tales &#8211; et notamment des questions de libert\u00e9s publiques et de l\u2019\u00e9galit\u00e9 r\u00e9elle.\u00a0\u00bb<br \/>\n\u00ab\u00a0Depuis un an, il y a un \u00e9touffement des libert\u00e9s publiques.\u00a0\u00bb<\/p>\n<p><em>\u00a0<strong>Sur la gauche face au rassemblement des policiers<\/em>\u00a0<\/strong><br \/>\n\u00ab\u00a0Une gauche qui est s\u00fbre d\u2019elle, c\u2019est une gauche qui tient bon sur ses valeurs des libert\u00e9s publiques et de l\u2019\u00e9galit\u00e9 r\u00e9elle.\u00a0\u00bb<br \/>\n\u00ab\u00a0Il ne faut pas l\u00e2cher un seul centim\u00e8tre de terrain \u00e0 l\u2019extr\u00eame droite.\u00a0\u00bb<br \/>\n\u00ab\u00a0Cette mobilisation, c\u2019est le signe d\u2019une contagion de plus en plus manifeste des id\u00e9es de l\u2019extr\u00eame droite dans la soci\u00e9t\u00e9 &#8211; y compris dans une dite gauche.\u00a0\u00bb<br \/>\n\u00ab\u00a0Une gauche qui gagne, c\u2019est une gauche qui parle aux quartiers populaires qui sont marqu\u00e9s par les violences polici\u00e8res, notamment envers les personnes racis\u00e9es.\u00a0\u00bb<br \/>\n\u00ab\u00a0Il est tr\u00e8s dangereux \u00e0 gauche d\u2019\u00eatre dans la surench\u00e8re s\u00e9curitaire l\u00e0 o\u00f9 il faudrait parler lutte contre le ch\u00f4mage et d\u2019un autre service public de la police.\u00a0\u00bb<br \/>\n\u00ab\u00a0On a besoin de moyens suppl\u00e9mentaires pour le service public de la police mais pas selon les termes s\u00e9curitaires qui sont utilis\u00e9s par les organisations de policiers qui ont appel\u00e9 \u00e0 cette manifestation.\u00a0\u00bb<br \/>\n\u00ab\u00a0La gauche c\u00e8de \u00e0 une certaine opinion et se plante.\u00a0\u00bb<br \/>\n\u00ab\u00a0Les id\u00e9es de la gauche et de l\u2019\u00e9cologie sont majoritaires.\u00a0\u00bb<\/p>\n<p><em>\u00a0<strong>Sur les d\u00e9saccords \u00e0 gauche et l\u2019appel \u00e0 l\u2019unit\u00e9\u00a0<\/em>\u00a0<\/strong><br \/>\n\u00ab\u00a0L\u2019unit\u00e9 de la gauche se fera sur des valeurs donc il y a besoin de d\u00e9bats.\u00a0\u00bb<br \/>\n\u00ab\u00a0L\u2019unit\u00e9 pour l\u2019unit\u00e9 n\u2019a pas de sens, il faut partir d\u2019un projet et pas d\u2019une personne.\u00a0\u00bb<br \/>\n\u00ab\u00a0Une gauche qui gagne, c\u2019est une gauche radicale au sens de la remise en cause des racines du syst\u00e8me.\u00a0\u00bb<\/p>\n<p><em>\u00a0<strong>Sur Plus Jamais \u00c7a\t<\/em>\u00a0<\/strong><br \/>\n\u00ab\u00a0On peut cr\u00e9er des centaines de milliers d\u2019emplois avec la transition \u00e9cologique et sociale et on pourrait m\u00eame atteindre le plein emploi en s\u2019appuyant sur les besoins sociaux et \u00e9cologiques.\u00a0\u00bb<br \/>\n\u00ab\u00a0On peut avoir un arc de force relativement large sur des bases radicales.\u00a0\u00bb<br \/>\n\u00ab\u00a0On a occup\u00e9 Ber\u00e7y il y a deux semaines pour sauver l\u2019usine de La Chapelle Darblay : c\u2019est une lutte concr\u00e8te et on arrive \u00e0 faire bouger le gouvernement. \u00bb<br \/>\n\u00ab\u00a0Il faut une grande mobilisation \u00e0 la rentr\u00e9e, en positif, face \u00e0 l\u2019extr\u00eame droite.\u00a0\u00bb<br \/>\n\u00ab\u00a0On ne s\u2019occupe pas de recomposition \u00e9lectorale.\u00a0\u00bb<br \/>\n\u00ab\u00a0On a un arc de force large avec des revendications radicales et on va interpeller au mois de juin, publiquement, l\u2019ensemble des forces de gauche et de l\u2019\u00e9cologie.\u00a0\u00bb\u00a0<br \/>\n\u00ab\u00a0Il y a beaucoup de mouvements avec de la cr\u00e9ativit\u00e9 et qui montrent une volont\u00e9 de convergence.\u00a0Il y a des alliances tr\u00e8s int\u00e9ressantes qui se cr\u00e9ent dans le mouvement social. \u00bb<\/p>\n<p><em>\u00a0<strong>Sur le d\u00e9bat public\u00a0<\/em>\u00a0<\/strong><br \/>\n\u00ab\u00a0Il y a des m\u00e9dias dominants qui ne sont pas des plus sympathiques avec la gauche et les \u00e9cologistes donc il faut compter sur les m\u00e9dias alternatifs qui se d\u00e9veloppent de plus en plus.\u00a0\u00bb<br \/>\n\u00ab\u00a0On ne peut plus en rester au conflit classique capital\/travail, c\u2019est aussi l\u2019\u00e9cologie et les questions de libert\u00e9s publiques et d\u2019\u00e9galit\u00e9 r\u00e9elle.\u00a0Il faut que la gauche l\u2019assume dans le d\u00e9bat. \u00bb<div id='gallery-1' class='gallery galleryid-12968 gallery-columns-3 gallery-size-thumbnail'><figure class='gallery-item'>\n\t\t\t<div class='gallery-icon landscape'>\n\t\t\t\t<a href='https:\/\/archives.regards.fr\/wp-content\/uploads\/2021\/05\/capture_d_e_cran_2021-05-20_a_11-f24.39.38.png'><img loading=\"lazy\" decoding=\"async\" width=\"150\" height=\"150\" src=\"https:\/\/archives.regards.fr\/wp-content\/uploads\/2021\/05\/capture_d_e_cran_2021-05-20_a_11-f24.39.38-150x150.png\" class=\"attachment-thumbnail size-thumbnail\" alt=\"capture_d_e_cran_2021-05-20_a_11.39.38.png\" \/><\/a>\n\t\t\t<\/div><\/figure>\n\t\t<\/div>\n<\/p>\n","protected":false},"excerpt":{"rendered":"<p>De quoi le rassemblement de la police du 19 mai est-il le nom ? La gauche y avait-elle sa place, comme l\u2019ont d\u00e9fendu Roussel, Faure et Jadot, alors que Zemmour, Darmanin et Bardella y paradaient. Aur\u00e9lie Trouv\u00e9, porte-parole d\u2019Attac, est l\u2019invit\u00e9e de #LaMidinale.<\/p>\n","protected":false},"author":1039,"featured_media":30620,"comment_status":"open","ping_status":"open","sticky":false,"template":"","format":"standard","meta":{"_themeisle_gutenberg_block_has_review":false,"footnotes":""},"categories":[238],"tags":[293],"class_list":["post-12968","post","type-post","status-publish","format-standard","has-post-thumbnail","hentry","category-la-midinale","tag-entretien"],"_links":{"self":[{"href":"https:\/\/archives.regards.fr\/index.php?rest_route=\/wp\/v2\/posts\/12968","targetHints":{"allow":["GET"]}}],"collection":[{"href":"https:\/\/archives.regards.fr\/index.php?rest_route=\/wp\/v2\/posts"}],"about":[{"href":"https:\/\/archives.regards.fr\/index.php?rest_route=\/wp\/v2\/types\/post"}],"author":[{"embeddable":true,"href":"https:\/\/archives.regards.fr\/index.php?rest_route=\/wp\/v2\/users\/1039"}],"replies":[{"embeddable":true,"href":"https:\/\/archives.regards.fr\/index.php?rest_route=%2Fwp%2Fv2%2Fcomments&post=12968"}],"version-history":[{"count":0,"href":"https:\/\/archives.regards.fr\/index.php?rest_route=\/wp\/v2\/posts\/12968\/revisions"}],"wp:featuredmedia":[{"embeddable":true,"href":"https:\/\/archives.regards.fr\/index.php?rest_route=\/wp\/v2\/media\/30620"}],"wp:attachment":[{"href":"https:\/\/archives.regards.fr\/index.php?rest_route=%2Fwp%2Fv2%2Fmedia&parent=12968"}],"wp:term":[{"taxonomy":"category","embeddable":true,"href":"https:\/\/archives.regards.fr\/index.php?rest_route=%2Fwp%2Fv2%2Fcategories&post=12968"},{"taxonomy":"post_tag","embeddable":true,"href":"https:\/\/archives.regards.fr\/index.php?rest_route=%2Fwp%2Fv2%2Ftags&post=12968"}],"curies":[{"name":"wp","href":"https:\/\/api.w.org\/{rel}","templated":true}]}}