{"id":12964,"date":"2021-05-19T14:01:03","date_gmt":"2021-05-19T12:01:03","guid":{"rendered":"https:\/\/wp.muchomaas.com\/article-stephane-goudet-le-public-veut-de-la-diversite-au-cinema-et-ca-passe-aussi-par\/"},"modified":"2023-06-24T00:16:02","modified_gmt":"2023-06-23T22:16:02","slug":"article-stephane-goudet-le-public-veut-de-la-diversite-au-cinema-et-ca-passe-aussi-par","status":"publish","type":"post","link":"https:\/\/archives.regards.fr\/?p=12964","title":{"rendered":"\u00ab Le public veut de la diversit\u00e9 au cin\u00e9ma et \u00e7a passe aussi par le meilleur du cin\u00e9ma am\u00e9ricain \u00bb"},"content":{"rendered":"<p class=\"post_excerpt\">Ce mercredi 19 mai, les salles de cin\u00e9ma rouvrent. Ils \u00e9taient nombreux ce matin \u00e0 se pr\u00e9cipiter au M\u00e9li\u00e8s, plus grand cin\u00e9ma public de France, situ\u00e9 \u00e0 Montreuil en Seine-Saint-Denis. St\u00e9phane Goudet, critique de cin\u00e9ma et directeur artistique du M\u00e9li\u00e8s, est l\u2019invit\u00e9 de #LaMidinale.<\/p>\n<h2>UNE MIDINALE \u00c0 VOIR&#8230;<\/h2>\n<p><iframe loading=\"lazy\" width=\"490\" height=\"276\" src=\"https:\/\/www.youtube.com\/embed\/ehNYNf2aOlg\" title=\"YouTube video player\" frameborder=\"0\" allow=\"accelerometer; autoplay; clipboard-write; encrypted-media; gyroscope; picture-in-picture\" allowfullscreen><\/iframe><\/p>\n<p>&nbsp;<\/p>\n<p><h2>ET \u00c0 LIRE&#8230;<\/h2>\n<p><em> <strong>Sur l\u2019embouteillage des sorties films<\/strong> <\/em><br \/>\n\u00ab La meilleure vitrine pour un film c\u2019est la grande salle, le grand \u00e9cran. \u00bb<br \/>\n\u00ab D\u2019habitude, il y a entre 15 et 20 films qui sortent par semaine, l\u00e0 il y en a 34. \u00bb<br \/>\n\u00ab On sait que certains films ne pourront pas acc\u00e9der aux \u00e9crans donc \u00e7a pose un vrai probl\u00e8me de d\u00e9fense de la diversit\u00e9 cin\u00e9matographique et des petits distributeurs qui risquent d\u2019\u00eatre \u00e9cras\u00e9s par les gros. \u00bb<br \/>\n\u00ab Sur les toutes premi\u00e8res semaines de programmation, les gros distributeurs sont relativement prudents et ne sont pas dans une pratique \u00e9crasante vis-\u00e0-vis des petits producteurs et comprennent les enjeux de diversit\u00e9. On est plut\u00f4t rassur\u00e9s. \u00bb<br \/>\n\u00ab On respecte une charte de bonne conduite qui est qu\u2019aucun film n\u2019est diffus\u00e9 en dessous de deux semaines de programmation. \u00bb<br \/>\n\u00ab On va devoir \u00eatre plus s\u00e9lectifs. \u00bb<br \/>\n\u00ab Notre enjeu, c\u2019est \u00e9videmment de conserver un principe d\u2019\u00e9ventail le plus large possible dans nos propres go\u00fbts de programmation pour faire en sorte qu\u2019il y ait quand m\u00eame des films grand public parmi les meilleurs d\u2019entre eux sur nos \u00e9crans et puis des films plus exigeants, plus &#8220;recherche&#8221; &#8211; comme on dit dans la profession &#8211; pour qu\u2019eux aussi puissent \u00eatre d\u00e9fendus dans la dur\u00e9e. \u00bb<\/p>\n<p><em> <strong>Sur la ministre de la Culture<\/strong> <\/em><br \/>\n\u00ab La fermeture des salles de cin\u00e9ma n\u2019\u00e9tait pas fond\u00e9e sur des crit\u00e8res sanitaires. On a fini par comprendre par la conseill\u00e8re culture d\u2019Emmanuel Macron que la raison principale, \u00e7a n\u2019\u00e9tait pas la pr\u00e9sence en salle des spectateurs mais des cigarettes partag\u00e9es \u00e0 l\u2019issue des s\u00e9ances avec un risque de contamination. C\u2019est une absurdit\u00e9. \u00bb<br \/>\n\u00ab On est dans une gestion de la crise qui est une gestion purement politicienne non fond\u00e9e sur des enjeux scientifiques. \u00bb<br \/>\n\u00ab Il y a une vraie provocation de la part de Roselyne Bachelot. On se retrouve avec des concurrents qui font un travail en termes de programmation et de qualit\u00e9 m\u00e9diocre &#8211; comme l\u2019UGC de Rosny &#8211; et qui vont \u00eatre tr\u00e8s fortement soutenus quand le M\u00e9li\u00e8s n\u2019aura rien du tout. \u00bb<\/p>\n<p><em> <strong>Sur le cin\u00e9ma fran\u00e7ais<\/strong> <\/em><br \/>\n\u00ab \u00c7a n\u2019est pas parce qu\u2019il y a des films am\u00e9ricains absents que tout \u00e0 coup les gens vont se ruer dans du cin\u00e9ma de recherche. C\u2019est un petit peu plus compliqu\u00e9 que \u00e7a. \u00bb<br \/>\n\u00ab Ce dont les gens ont envie c\u2019est la diversit\u00e9 du cin\u00e9ma qui passe aussi par le meilleur du cin\u00e9ma am\u00e9ricain. \u00bb<\/p>\n<p><em> <strong>Sur le M\u00e9li\u00e8s, cin\u00e9ma public <\/strong>  <\/em><br \/>\n\u00ab D\u2019habitude, les aides &#8211; en particulier celles du CNC &#8211; sont attribu\u00e9es aux salles les plus innovantes mais aussi les plus actives dans le champ de la recherche &#8211; donc fond\u00e9es sur des crit\u00e8res qualitatifs &#8211; et l\u00e0 tout \u00e0 coup le syst\u00e8me mis en place est venu aider les plus puissants. \u00bb<br \/>\n\u00ab Le cin\u00e9ma public est un cin\u00e9ma qui re\u00e7oit une esp\u00e8ce d\u2019ordre de mission pour favoriser un travail qui a deux vis\u00e9es : servir le cin\u00e9ma et servir les spectateurs et la population. \u00bb<br \/>\n\u00ab Nous sommes une sorte d\u2019agora o\u00f9 tous les publics peuvent se croiser. \u00bb<\/p>\n<p><em> <strong>Sur le cin\u00e9ma post-Covid<\/strong> <\/em><br \/>\n\u00ab On ne peut pas estimer la principale menace qui p\u00e8se sur le cin\u00e9ma le jour o\u00f9 les salles ouvrent c\u2019est-\u00e0-dire : est-ce que les pratiques culturelles des Fran\u00e7ais ont \u00e9t\u00e9 modifi\u00e9es par le confinement sur la d\u00e9multiplication des abonnements aux plateformes ? \u00bb<br \/>\n\u00ab La pratique du cin\u00e9ma est fragile. \u00bb<div id='gallery-1' class='gallery galleryid-12964 gallery-columns-3 gallery-size-thumbnail'><figure class='gallery-item'>\n\t\t\t<div class='gallery-icon landscape'>\n\t\t\t\t<a href='https:\/\/archives.regards.fr\/wp-content\/uploads\/2021\/05\/screenshot_2021-05-19_13-bdd.59.02.png'><img loading=\"lazy\" decoding=\"async\" width=\"150\" height=\"150\" src=\"https:\/\/archives.regards.fr\/wp-content\/uploads\/2021\/05\/screenshot_2021-05-19_13-bdd.59.02-150x150.png\" class=\"attachment-thumbnail size-thumbnail\" alt=\"screenshot_2021-05-19_13.59.02.png\" \/><\/a>\n\t\t\t<\/div><\/figure>\n\t\t<\/div>\n<\/p>\n","protected":false},"excerpt":{"rendered":"<p>Ce mercredi 19 mai, les salles de cin\u00e9ma rouvrent. Ils \u00e9taient nombreux ce matin \u00e0 se pr\u00e9cipiter au M\u00e9li\u00e8s, plus grand cin\u00e9ma public de France, situ\u00e9 \u00e0 Montreuil en Seine-Saint-Denis. St\u00e9phane Goudet, critique de cin\u00e9ma et directeur artistique du M\u00e9li\u00e8s, est l\u2019invit\u00e9 de #LaMidinale.<\/p>\n","protected":false},"author":1039,"featured_media":30614,"comment_status":"open","ping_status":"open","sticky":false,"template":"","format":"standard","meta":{"_themeisle_gutenberg_block_has_review":false,"footnotes":""},"categories":[238],"tags":[293],"class_list":["post-12964","post","type-post","status-publish","format-standard","has-post-thumbnail","hentry","category-la-midinale","tag-entretien"],"_links":{"self":[{"href":"https:\/\/archives.regards.fr\/index.php?rest_route=\/wp\/v2\/posts\/12964","targetHints":{"allow":["GET"]}}],"collection":[{"href":"https:\/\/archives.regards.fr\/index.php?rest_route=\/wp\/v2\/posts"}],"about":[{"href":"https:\/\/archives.regards.fr\/index.php?rest_route=\/wp\/v2\/types\/post"}],"author":[{"embeddable":true,"href":"https:\/\/archives.regards.fr\/index.php?rest_route=\/wp\/v2\/users\/1039"}],"replies":[{"embeddable":true,"href":"https:\/\/archives.regards.fr\/index.php?rest_route=%2Fwp%2Fv2%2Fcomments&post=12964"}],"version-history":[{"count":0,"href":"https:\/\/archives.regards.fr\/index.php?rest_route=\/wp\/v2\/posts\/12964\/revisions"}],"wp:featuredmedia":[{"embeddable":true,"href":"https:\/\/archives.regards.fr\/index.php?rest_route=\/wp\/v2\/media\/30614"}],"wp:attachment":[{"href":"https:\/\/archives.regards.fr\/index.php?rest_route=%2Fwp%2Fv2%2Fmedia&parent=12964"}],"wp:term":[{"taxonomy":"category","embeddable":true,"href":"https:\/\/archives.regards.fr\/index.php?rest_route=%2Fwp%2Fv2%2Fcategories&post=12964"},{"taxonomy":"post_tag","embeddable":true,"href":"https:\/\/archives.regards.fr\/index.php?rest_route=%2Fwp%2Fv2%2Ftags&post=12964"}],"curies":[{"name":"wp","href":"https:\/\/api.w.org\/{rel}","templated":true}]}}