{"id":12958,"date":"2021-05-17T14:31:20","date_gmt":"2021-05-17T12:31:20","guid":{"rendered":"https:\/\/wp.muchomaas.com\/article-clementine-autain-si-nous-sommes-la-cible-de-pecresse-c-est-parce-qu-elle-sait\/"},"modified":"2023-06-24T00:15:52","modified_gmt":"2023-06-23T22:15:52","slug":"article-clementine-autain-si-nous-sommes-la-cible-de-pecresse-c-est-parce-qu-elle-sait","status":"publish","type":"post","link":"https:\/\/archives.regards.fr\/?p=12958","title":{"rendered":"Cl\u00e9mentine Autain : \u00ab Si nous sommes la cible de P\u00e9cresse, c\u2019est parce qu\u2019elle sait que nous pouvons remporter la r\u00e9gion \u00bb"},"content":{"rendered":"<p class=\"post_excerpt\">Ce weekend, Val\u00e9rie P\u00e9cresse a multipli\u00e9 ses attaques contre la gauche et les \u00e9cologistes. Cl\u00e9mentine Autain, d\u00e9put\u00e9e de la Seine-Saint-Denis, candidate t\u00eate de liste \u00e0 la r\u00e9gion Ile-de-France, est l\u2019invit\u00e9e de #LaMidinale. <\/p>\n<h2><strong><em>UNE MIDINALE \u00c0 VOIR&#8230;<\/h2>\n<p><iframe loading=\"lazy\" width=\"490\" height=\"276\" src=\"https:\/\/www.youtube.com\/embed\/LsQS8UCZFWs\" title=\"YouTube video player\" frameborder=\"0\" allow=\"accelerometer; autoplay; clipboard-write; encrypted-media; gyroscope; picture-in-picture\" allowfullscreen><\/iframe><\/p>\n<p>&nbsp;<\/p>\n<p><h2>ET \u00c0 LIRE&#8230;<\/h2>\n<p><\/strong><\/em><br \/>\n<em>\u00a0<strong>Sur le pouvoir vivre\u00a0<\/em>\u00a0<\/strong><br \/>\n\u00ab\u00a0Il faut avoir les moyens pour pouvoir vivre en Ile-de-France.\u00a0\u00bb<br \/>\n\u00ab\u00a0Dans pouvoir vivre, j\u2019entends aussi pouvoir bien vivre et pas seulement survivre.\u00a0\u00bb<br \/>\n\u00ab\u00a0Il y a le mot pouvoir et comme l\u2019enjeu c\u2019est de pr\u00e9sider la r\u00e9gion, j\u2019aime bien l\u2019id\u00e9e du pouvoir qui dit quelque chose de l\u2019ordre de la capacit\u00e9 d\u2019agir : si nous pr\u00e9sidons, nous agirons.\u00a0\u00bb<\/p>\n<p><em>\u00a0<strong>Sur les attaques de Val\u00e9rie P\u00e9cresse<\/em>\u00a0<\/strong><br \/>\n\u00ab\u00a0L\u2019antis\u00e9mitisme est hors la loi en France et le combat contre l\u2019antis\u00e9mitisme est notre combat y compris au prix de violentes attaques de l\u2019extr\u00eame droite dont j\u2019ai fait l\u2019objet sans que Val\u00e9rie P\u00e9cresse n\u2019ait jamais eu rien \u00e0 dire.\u00a0\u00bb<br \/>\n\u00ab\u00a0P\u00e9cresse ne veut pas entrer en campagne avec un d\u00e9bat sur le fond avec ses adversaires donc au lieu d\u2019assumer son bilan elle fait une campagne qui vise \u00e0 stigmatiser, \u00e0 d\u00e9l\u00e9gitimer et \u00e0 mentir vis-\u00e0-vis de ses adversaires.\u00a0\u00bb<br \/>\n\u00ab\u00a0Si nous sommes une cible pour Val\u00e9rie P\u00e9cresse, c\u2019est parce qu\u2019elle sait que nous pouvons remporter la r\u00e9gion.\u00a0\u00bb<\/p>\n<p><em>\u00a0<strong>Sur les questions de s\u00e9curit\u00e9\u00a0<\/em>\u00a0<\/strong><br \/>\n\u00ab\u00a0Il y a trois candidats de droite et d\u2019extr\u00eame droite qui ont d\u00e9cid\u00e9 de faire porter le d\u00e9bat sur les r\u00e9gionales sur la question de la s\u00e9curit\u00e9. Ce sont des d\u00e9bats r\u00e9galiens parce que la s\u00e9curit\u00e9 est une comp\u00e9tence d\u2019Etat. C\u2019est donc un moyen pour eux d\u2019\u00e9viter les grands enjeux que sont : transports, lyc\u00e9es, am\u00e9nagement du territoire.\u00a0\u00bb<br \/>\n\u00ab\u00a0Je veux bien que nous discutions de la tranquillit\u00e9 publique mais ne nous trompons pas d\u2019\u00e9lection et ne mentons pas aux \u00e9lecteurs sur le v\u00e9ritables enjeux des \u00e9lections r\u00e9gionales.\u00a0\u00bb<\/p>\n<p><em>\u00a0<strong>Sur l\u2019extr\u00eame droite et l\u2019\u00e9lectorat populaire<\/em>\u00a0<\/strong><br \/>\n\u00ab\u00a0Une des raisons pour lesquelles je suis candidate dans ces \u00e9lections c\u2019est pour faire entendre une voix de gauche issue des quartiers populaires.\u00a0\u00bb<br \/>\n\u00ab\u00a0Il faut disputer sur le fond \u00e0 l\u2019extr\u00eame droite cette id\u00e9e que l\u2019extr\u00eame droite pourrait repr\u00e9senter l\u2019\u00e9lectorat populaire.\u00a0\u00bb<br \/>\n\u00ab\u00a0Il y a une courte \u00e9chelle id\u00e9ologique qui est faite en ce moment \u00e0 l\u2019extr\u00eame droite.\u00a0\u00bb<\/p>\n<p><em>\u00a0<strong>Sur les classes moyennes<\/em>\u00a0<\/strong><br \/>\n\u00ab\u00a0Notre projet ne s\u2019adresse pas seulement aux cat\u00e9gories populaires mais un projet qui globalement va am\u00e9liorer la vie des plus fragiles avec le choc de solidarit\u00e9 et les mesures d\u2019urgences imm\u00e9diates que nous proposons.\u00a0\u00bb<br \/>\n\u00ab\u00a0Nous allons multiplier par dix l\u2019aide alimentaire.\u00a0\u00bb<br \/>\n\u00ab\u00a0Tout notre projet est tourn\u00e9 en faveur des classes moyennes puisqu\u2019il s\u2019agit pour nous d\u2019enclencher un bifurcation sociale et \u00e9cologique qui va am\u00e9liorer la qualit\u00e9 de vie.\u00a0\u00bb<br \/>\n\u00ab\u00a0Nous allons nous soucier, non pas de l\u2019attractivit\u00e9 et de la comp\u00e9titivit\u00e9 de la r\u00e9gion comme le fait Val\u00e9rie P\u00e9cresse, mais du quotidien des franciliennes.\u00a0\u00bb<br \/>\n\u00ab\u00a0Le projet que nous portons va rendre la vie plus douce \u00e0 la population.\u00a0\u00bb<\/p>\n<p><em>\u00a0<strong>Sur les transports\u00a0<\/em>\u00a0<\/strong><br \/>\n\u00ab\u00a0Nous avons une priorit\u00e9 en mati\u00e8re de transports qu\u2019est le d\u00e9veloppement et l\u2019am\u00e9lioration des transports en commun notamment en banlieue.\u00a0\u00bb\u00a0<br \/>\n\u00ab\u00a0Il faut tenir les deux bouts : l\u2019horizon de la gratuit\u00e9 que nous voulons atteindre et la modernisation, la r\u00e9novation des transports en communs.\u00a0\u00bb<\/p>\n<p><em>\u00a0<strong>Sur l\u2019\u00e9cologie\u00a0<\/em>\u00a0<\/strong><br \/>\n\u00ab\u00a0Si je suis pr\u00e9sidente de la r\u00e9gion Ile-de-France, je serai la garante d\u2019une \u00e9cologie populaire.\u00a0\u00bb<br \/>\n\u00ab\u00a0Je veux tenir l\u2019objectif de 80% de cantine bio, demain avec 50% de circuits courts et un maximum de circuits de proximit\u00e9.\u00a0\u00bb<br \/>\n\u00ab\u00a0Nous avons la proposition politique la plus coh\u00e9rente en mati\u00e8re de transformations sociale et \u00e9cologique.\u00a0\u00bb<\/p>\n<p><em>\u00a0<strong>Sur les aides aux entreprises<\/em>\u00a0<\/strong><br \/>\n\u00ab\u00a0On va d\u00e9gager de l\u2019argent en arr\u00eatant de donner des moyens publics \u00e0 des grands groupes qui licencient et ne respectent pas leurs engagements sociaux et environnementaux.\u00a0\u00bb<br \/>\n\u00ab\u00a0Nous allons soutenir les entreprises socialement utiles.\u00a0\u00bb\u00a0<br \/>\n\u00ab\u00a0Nous allons cr\u00e9er des dizaines de milliers d\u2019emplois solidaires qui vont profiter notamment au tissu associatif l\u00e0 o\u00f9 Val\u00e9rie P\u00e9cresse avait supprim\u00e9 les emplois tremplins.\u00a0\u00bb<br \/>\n\u00ab\u00a0Je veux multiplier les ressourceries en Ile-de-France et investir dans un service public de la r\u00e9paration.\u00a0\u00bb<br \/>\n\u00ab\u00a0Nous allons lancer un syst\u00e8me de fond r\u00e9gional &#8211; avec des milliards d\u2019euros &#8211; et qui g\u00e9n\u00e9rerait des ch\u00e8ques franciliens fl\u00e9ch\u00e9s sur une \u00e9conomie utile : les commerces de proximit\u00e9, les activit\u00e9s sportives et culturelles ou les entreprises de l\u2019\u00e9conomie sociale et solidaire.\u00a0\u00bb<\/p>\n<p><em>\u00a0<strong>Sur l\u2019attractivit\u00e9 de la r\u00e9gion Ile-de-France<\/em>\u00a0<\/strong><br \/>\n\u00ab\u00a0C\u2019est la r\u00e9gion capitale donc son probl\u00e8me majeur, ce n\u2019est pas son attractivit\u00e9.\u00a0\u00bb<br \/>\n\u00ab\u00a0Investir dans le Charles-De-Gaulle Express, c\u2019est-\u00e0-dire un train pour lequel il faut d\u00e9bourser 24 euros pour faire Paris-Roissy, c\u2019est n\u2019investir que pour les touristes riches et les hommes d\u2019affaires.\u00a0\u00bb<br \/>\n\u00ab\u00a0L\u2019urgence, c\u2019est d\u2019investir dans le RER B et son million d\u2019usagers quotidiens.\u00a0\u00bb<br \/>\n\u00ab\u00a0Si on construit une politique publique en partant de la comp\u00e9titivit\u00e9, on arrive au Charles-De-Gaulle Express, si on se soucie d\u2019abord de l\u2019int\u00e9r\u00eat des Franciliennes et des Franciliens, on privil\u00e9gie la modernisation du RER B.\u00a0\u00bb<br \/>\n\u00ab\u00a0La r\u00e9gion doit se tourner davantage vers les besoins des Francilien-nes et des Franciliens sans essayer de courir \u00e0 l\u2019ob\u00e9sit\u00e9 financi\u00e8re internationale.\u00a0\u00bb<\/p>\n<p><em>\u00a0<strong>Sur la sant\u00e9<\/em>\u00a0<\/strong><br \/>\n\u00ab\u00a0Je fais une place de choix aux quetsions de sant\u00e9 dans mon projet.\u00a0\u00bb<br \/>\n\u00ab\u00a0La t\u00eate de liste que nous avons en Seine-Saint-Denis, c\u2019est Christophe Prudhomme qui est un formidable urgentiste.\u00a0\u00bb<br \/>\n\u00ab\u00a0Nous allons cr\u00e9er 300 centres de sant\u00e9, c\u2019est-\u00e0-dire avec le tiers payant (on n\u2019aura pas \u00e0 y d\u00e9bourser d\u2019argent), les gens y seront salari\u00e9s, et ce sera en secteur 1.\u00a0\u00bb<br \/>\n\u00ab\u00a0Les centres de sant\u00e9 seront strat\u00e9giquement implant\u00e9s pour lutter contre les d\u00e9serts m\u00e9dicaux.\u00a0\u00bb<br \/>\n\u00ab\u00a0Nous allons former 20.000 infirmi\u00e8res, aides-soignantes et personnels de sant\u00e9, moyennant une r\u00e9mun\u00e9ration.\u00a0\u00bb<\/p>\n<p><em>\u00a0<strong>Sur la gauche au deuxi\u00e8me tour de l\u2019\u00e9lection r\u00e9gionale<\/em>\u00a0<\/strong><br \/>\n\u00ab\u00a0La gauche peut l\u2019emporter si elle sait se r\u00e9unir au second tour.\u00a0\u00bb<br \/>\n\u00ab\u00a0Si je suis en t\u00eate au premier tour, je mettrai toutes mes forces pour mobiliser le rassemblement des trois listes de gauche, avec Julien Bayou et Audrey Pulvar. Je souhaite d\u2019ailleurs que ces deux candidats fassent de m\u00eame.\u00a0\u00bb<br \/>\n\u00ab\u00a0Il faut que tout le monde soit riv\u00e9 sur l\u2019objectif de ravir la r\u00e9gion \u00e0 Val\u00e9rie P\u00e9cresse pour permettre d\u2019am\u00e9liorer le quotidien des Franciliens et des Franciliennes.\u00a0\u00bb<div id='gallery-1' class='gallery galleryid-12958 gallery-columns-3 gallery-size-thumbnail'><figure class='gallery-item'>\n\t\t\t<div class='gallery-icon landscape'>\n\t\t\t\t<a href='https:\/\/archives.regards.fr\/wp-content\/uploads\/2021\/05\/capture_d_e_cran_2021-05-17_a_14-de4.26.39.png'><img loading=\"lazy\" decoding=\"async\" width=\"150\" height=\"150\" src=\"https:\/\/archives.regards.fr\/wp-content\/uploads\/2021\/05\/capture_d_e_cran_2021-05-17_a_14-de4.26.39-150x150.png\" class=\"attachment-thumbnail size-thumbnail\" alt=\"capture_d_e_cran_2021-05-17_a_14.26.39.png\" \/><\/a>\n\t\t\t<\/div><\/figure>\n\t\t<\/div>\n<\/p>\n","protected":false},"excerpt":{"rendered":"<p>Ce weekend, Val\u00e9rie P\u00e9cresse a multipli\u00e9 ses attaques contre la gauche et les \u00e9cologistes. Cl\u00e9mentine Autain, d\u00e9put\u00e9e de la Seine-Saint-Denis, candidate t\u00eate de liste \u00e0 la r\u00e9gion Ile-de-France, est l\u2019invit\u00e9e de #LaMidinale. <\/p>\n","protected":false},"author":1039,"featured_media":30597,"comment_status":"open","ping_status":"open","sticky":false,"template":"","format":"standard","meta":{"_themeisle_gutenberg_block_has_review":false,"footnotes":""},"categories":[238],"tags":[293],"class_list":["post-12958","post","type-post","status-publish","format-standard","has-post-thumbnail","hentry","category-la-midinale","tag-entretien"],"_links":{"self":[{"href":"https:\/\/archives.regards.fr\/index.php?rest_route=\/wp\/v2\/posts\/12958","targetHints":{"allow":["GET"]}}],"collection":[{"href":"https:\/\/archives.regards.fr\/index.php?rest_route=\/wp\/v2\/posts"}],"about":[{"href":"https:\/\/archives.regards.fr\/index.php?rest_route=\/wp\/v2\/types\/post"}],"author":[{"embeddable":true,"href":"https:\/\/archives.regards.fr\/index.php?rest_route=\/wp\/v2\/users\/1039"}],"replies":[{"embeddable":true,"href":"https:\/\/archives.regards.fr\/index.php?rest_route=%2Fwp%2Fv2%2Fcomments&post=12958"}],"version-history":[{"count":0,"href":"https:\/\/archives.regards.fr\/index.php?rest_route=\/wp\/v2\/posts\/12958\/revisions"}],"wp:featuredmedia":[{"embeddable":true,"href":"https:\/\/archives.regards.fr\/index.php?rest_route=\/wp\/v2\/media\/30597"}],"wp:attachment":[{"href":"https:\/\/archives.regards.fr\/index.php?rest_route=%2Fwp%2Fv2%2Fmedia&parent=12958"}],"wp:term":[{"taxonomy":"category","embeddable":true,"href":"https:\/\/archives.regards.fr\/index.php?rest_route=%2Fwp%2Fv2%2Fcategories&post=12958"},{"taxonomy":"post_tag","embeddable":true,"href":"https:\/\/archives.regards.fr\/index.php?rest_route=%2Fwp%2Fv2%2Ftags&post=12958"}],"curies":[{"name":"wp","href":"https:\/\/api.w.org\/{rel}","templated":true}]}}