{"id":12953,"date":"2021-05-14T13:01:38","date_gmt":"2021-05-14T11:01:38","guid":{"rendered":"https:\/\/wp.muchomaas.com\/article-julien-salingue-israel-et-sa-politique-coloniale-sont-responsables-de-l\/"},"modified":"2023-06-24T00:15:46","modified_gmt":"2023-06-23T22:15:46","slug":"article-julien-salingue-israel-et-sa-politique-coloniale-sont-responsables-de-l","status":"publish","type":"post","link":"https:\/\/archives.regards.fr\/?p=12953","title":{"rendered":"Julien Salingue : \u00ab Isra\u00ebl et sa politique coloniale sont responsables de l&#8217;explosion actuelle \u00bb"},"content":{"rendered":"<p class=\"post_excerpt\">La situation est dramatique en Palestine : les bombardements isra\u00e9liens et les tirs de roquettes se poursuivent alors qu&#8217;en une semaine, plus de cent Palestiniens et sept Isra\u00e9liens ont \u00e9t\u00e9 tu\u00e9s. Pour en parler, Julien Salingue, docteur en science politique sp\u00e9cialiste de la Palestine, est l&#8217;invit\u00e9 de la Midinale.\n<\/p>\n<h2><strong><em>UNE MIDINALE \u00c0 VOIR&#8230;<\/h2>\n<p><iframe loading=\"lazy\" width=\"490\" height=\"276\" src=\"https:\/\/www.youtube.com\/embed\/smZfQsE8K7o\" title=\"YouTube video player\" frameborder=\"0\" allow=\"accelerometer; autoplay; clipboard-write; encrypted-media; gyroscope; picture-in-picture\" allowfullscreen><\/iframe><\/p>\n<p>&nbsp;<\/p>\n<p><h2>ET \u00c0 LIRE&#8230;<\/h2>\n<p><\/strong><\/em><br \/>\n<em>\u00a0<strong>Sur les causes de la situation actuelle en Palestine<\/em>\u00a0<\/strong><br \/>\n\u00ab\u00a0C\u2019est \u00e0 cause des politiques des autorit\u00e9s isra\u00e9liennes qu\u2019on est dans la situation actuelle.\u00a0\u00bb<br \/>\n\u00ab\u00a0Un des gros biais m\u00e9diatiques et politiques que l\u2019on voit ces derniers jours, c\u2019est de vouloir faire commencer la s\u00e9quence au d\u00e9but de la semaine alors qu\u2019en r\u00e9alit\u00e9, sans remonter jusqu\u2019en 1948, on s\u2019inscrit dans une s\u00e9quence longue et, en ce qui concerne sp\u00e9cifiquement J\u00e9rusalem, si des dizaines de milliers de Palestiniens de Jerusalem se sont mobilis\u00e9s ces derni\u00e8res semaines autour du quartier de Cheikh Jarrah contre les expulsions de familles palestiniennes, c\u2019est parce que cela s\u2019inscrit dans une politique g\u00e9n\u00e9rale de juda\u00efsation de la partie orientale de Jerusalem faite de colonisation et d\u2019expulsions.\u00a0\u00bb<br \/>\n\u00ab\u00a0La population palestinienne dit, une fois de plus, trop, c\u2019est trop.\u00a0\u00bb<br \/>\n\u00ab\u00a0La situation n\u2019a pas commenc\u00e9 \u00e0 se d\u00e9t\u00e9riorer avec les tirs du Hamas de lundi : la politique coloniale dure depuis des d\u00e9cennies, avec des acc\u00e9l\u00e9rations et des ralentissements.\u00a0\u00bb<br \/>\n\u00ab\u00a0L\u2019explosion \u00e0 laquelle on assiste actuellement est de l\u2019enti\u00e8re responsabilit\u00e9 d\u2019Isra\u00ebl et de sa politique coloniale.\u00a0\u00bb<\/p>\n<p><em>\u00a0<strong>Sur les \u00e9volutions possibles de la situation en Palestine<\/em>\u00a0<\/strong><br \/>\n\u00ab\u00a0On est h\u00e9las dans une configuration assez classique &#8211; et c\u2019est triste de le dire comme \u00e7a.\u00a0\u00bb<br \/>\n\u00ab\u00a0Isra\u00ebl est en train de faire une d\u00e9monstration de sa force militaire et de rappeler \u00e0 l\u2019ensemble de la population palestinienne les r\u00e8gles du jeu : nous sommes ceux qui d\u00e9cidons et si vous osez relever la t\u00eate, on vous \u00e9crasera.\u00a0\u00bb<br \/>\n\u00ab\u00a0La situation politique en Isra\u00ebl est une situation de crise qui dure depuis deux ans : quatre \u00e9lections l\u00e9gislatives, une incapacit\u00e9 \u00e0 former une majorit\u00e9 gouvernementale, Netanyahu tr\u00e8s contest\u00e9 avec des proc\u00e9dures judiciaires en cours contre lui\u2026\u00a0\u00bb<br \/>\n\u00ab\u00a0Netanyahu a l\u2019opportunit\u00e9 de se placer comme chef de guerre et en d\u00e9fenseur des colons.\u00a0\u00bb<br \/>\n\u00ab\u00a0Quand bien m\u00eame on dirait qu\u2019il y a eu des provocations suppl\u00e9mentaires de la part des autorit\u00e9s isra\u00e9liennes ou des colons, il ne faut pas sous-estimer qu\u2019il y a une col\u00e8re sourde, larv\u00e9e et forte de la population palestinienne et c\u2019est normal qu\u2019elle explose au bout d\u2019un moment parce que la situation quotidienne des Palestiniens est indigne et intol\u00e9rable.\u00a0\u00bb<\/p>\n<p><em>\u00a0<strong>Sur la responsabilit\u00e9 de la situation <\/em>\u00a0<\/strong><br \/>\n\u00ab\u00a0La responsabilit\u00e9 de la colonisation en incombe \u00e0 la puissance coloniale.\u00a0\u00bb<br \/>\n\u00ab\u00a0On parle des tirs de roquettes du Hamas depuis lundi mais avant, ces derni\u00e8res semaines et mois, il n\u2019y avait pas eu de tirs de roquettes. Par contre, on a assist\u00e9 \u00e0 la poursuite de la politique coloniale avec des expulsions, avec, en 2 ans, 170 morts, 1.200 Palestiniens qui ont vu leur maison d\u00e9truite, 11.000 Palestiniens arr\u00eat\u00e9s.\u00a0Le probl\u00e8me, c\u2019est qu\u2019on ne se focalise que sur les moments de tensions militaires visibles. \u00bb<br \/>\n\u00ab\u00a0Il y a une violence quotidienne inflig\u00e9e aux Palestiniens.\u00a0\u00bb<br \/>\n\u00ab\u00a0Moi, je n\u2019ai pas de sympathie du tout pour le Hamas : c\u2019est un projet de soci\u00e9t\u00e9 qui est tr\u00e8s loin d\u2019\u00eatre le mien. Mais \u00e7a ne veut pas dire qu\u2019il faut les rendre responsables de la d\u00e9gradation de la situation.\u00a0\u00bb<\/p>\n<p><em>\u00a0<strong>Sur le positionnement de la France par rapport \u00e0 la situation palestinienne<\/em>\u00a0<\/strong><br \/>\n\u00ab\u00a0L\u2019id\u00e9e du positionnement palestinien de la France a des racines historiques et des bases mat\u00e9rielles mais elle a fait son temps : les mandats Sarkozy, Hollande et Macron sont l\u2019expression d\u2019un alignement de plus en plus fort sur les positions isra\u00e9liennes.\u00a0\u00bb<br \/>\n\u00ab\u00a0Emmanuel Macron ne condamne pas les bombardements isra\u00e9liens : on n\u2019est m\u00eame plus dans une position d\u2019\u00e9quilibriste qui consiste \u00e0 renvoyer tout le monde dos-\u00e0-dos. C\u2019est un soutien quasiment explicite \u00e0 l\u2019Etat d\u2019Isra\u00ebl.\u00a0\u00bb<br \/>\n\u00ab\u00a0Ceux qui disent qu\u2019il faut revenir au calme doivent comprendre que cela veut dire revenir au calme colonial, c\u2019est-\u00e0-dire que les Palestiniens se taisent. En fait, le calme passe par le d\u00e9mant\u00e8lement des colonies, la fin de l\u2019occupation, la fin du blocus de Gaza\u2026\u00a0\u00bb<br \/>\n\u00ab\u00a0Il y a m\u00eame des interdictions de manifester \u00e0 Paris mais c\u2019\u00e9tait d\u00e9j\u00e0 le cas \u00e0 l\u2019\u00e9t\u00e9 2014 sous Hollande et Valls.\u00a0\u00bb<\/p>\n<p><em>\u00a0<strong>Sur le positionnement de la gauche fran\u00e7aise<\/em>\u00a0<\/strong><br \/>\n\u00ab\u00a0Toute une partie de la gauche fran\u00e7aise s\u2019est align\u00e9e sur une position pacifiste abstraite : d\u00e9noncer les violences de mani\u00e8re tr\u00e8s g\u00e9n\u00e9rale sans aucune prise avec la r\u00e9alit\u00e9. Et surtout, on est tr\u00e8s loin de al solidarit\u00e9 avec un peuple opprim\u00e9.\u00a0\u00bb<br \/>\n\u00ab\u00a0La gauche la plus institutionnalis\u00e9e et int\u00e9gr\u00e9e \u00e0 l\u2019appareil d\u2019Etat suit l\u2019alignement de l\u2019ex\u00e9cutif sur les positions de l\u2019Etat d\u2019Isra\u00ebl : du c\u00f4t\u00e9 du Parti socialiste, on a parfois \u00e9t\u00e9 plus align\u00e9 sur Isra\u00ebl qu\u2019une partie de la droite.\u00a0\u00bb<br \/>\n\u00ab\u00a0On ne peut pas faire abstraction du contexte plus g\u00e9n\u00e9ral en France, raciste et islamophobe, le d\u00e9lire contre le post-colonialisme\u2026 Cela correspond aussi \u00e0 des positions politiques.\u00a0\u00bb<div id='gallery-1' class='gallery galleryid-12953 gallery-columns-3 gallery-size-thumbnail'><figure class='gallery-item'>\n\t\t\t<div class='gallery-icon landscape'>\n\t\t\t\t<a href='https:\/\/archives.regards.fr\/wp-content\/uploads\/2021\/05\/capture_d_e_cran_2021-05-14_a_12-ec8.38.02.png'><img loading=\"lazy\" decoding=\"async\" width=\"150\" height=\"150\" src=\"https:\/\/archives.regards.fr\/wp-content\/uploads\/2021\/05\/capture_d_e_cran_2021-05-14_a_12-ec8.38.02-150x150.png\" class=\"attachment-thumbnail size-thumbnail\" alt=\"capture_d_e_cran_2021-05-14_a_12.38.02.png\" \/><\/a>\n\t\t\t<\/div><\/figure>\n\t\t<\/div>\n<\/p>\n","protected":false},"excerpt":{"rendered":"<p>La situation est dramatique en Palestine : les bombardements isra\u00e9liens et les tirs de roquettes se poursuivent alors qu&#8217;en une semaine, plus de cent Palestiniens et sept Isra\u00e9liens ont \u00e9t\u00e9 tu\u00e9s. Pour en parler, Julien Salingue, docteur en science politique sp\u00e9cialiste de la Palestine, est l&#8217;invit\u00e9 de la Midinale.<\/p>\n","protected":false},"author":1204,"featured_media":30590,"comment_status":"open","ping_status":"open","sticky":false,"template":"","format":"standard","meta":{"_themeisle_gutenberg_block_has_review":false,"footnotes":""},"categories":[238],"tags":[293],"class_list":["post-12953","post","type-post","status-publish","format-standard","has-post-thumbnail","hentry","category-la-midinale","tag-entretien"],"_links":{"self":[{"href":"https:\/\/archives.regards.fr\/index.php?rest_route=\/wp\/v2\/posts\/12953","targetHints":{"allow":["GET"]}}],"collection":[{"href":"https:\/\/archives.regards.fr\/index.php?rest_route=\/wp\/v2\/posts"}],"about":[{"href":"https:\/\/archives.regards.fr\/index.php?rest_route=\/wp\/v2\/types\/post"}],"author":[{"embeddable":true,"href":"https:\/\/archives.regards.fr\/index.php?rest_route=\/wp\/v2\/users\/1204"}],"replies":[{"embeddable":true,"href":"https:\/\/archives.regards.fr\/index.php?rest_route=%2Fwp%2Fv2%2Fcomments&post=12953"}],"version-history":[{"count":0,"href":"https:\/\/archives.regards.fr\/index.php?rest_route=\/wp\/v2\/posts\/12953\/revisions"}],"wp:featuredmedia":[{"embeddable":true,"href":"https:\/\/archives.regards.fr\/index.php?rest_route=\/wp\/v2\/media\/30590"}],"wp:attachment":[{"href":"https:\/\/archives.regards.fr\/index.php?rest_route=%2Fwp%2Fv2%2Fmedia&parent=12953"}],"wp:term":[{"taxonomy":"category","embeddable":true,"href":"https:\/\/archives.regards.fr\/index.php?rest_route=%2Fwp%2Fv2%2Fcategories&post=12953"},{"taxonomy":"post_tag","embeddable":true,"href":"https:\/\/archives.regards.fr\/index.php?rest_route=%2Fwp%2Fv2%2Ftags&post=12953"}],"curies":[{"name":"wp","href":"https:\/\/api.w.org\/{rel}","templated":true}]}}