{"id":12951,"date":"2021-05-12T15:36:47","date_gmt":"2021-05-12T13:36:47","guid":{"rendered":"https:\/\/wp.muchomaas.com\/article-boris-vallaud-il-y-a-chez-macron-une-forme-de-haine-de-l-etat\/"},"modified":"2023-06-24T00:15:45","modified_gmt":"2023-06-23T22:15:45","slug":"article-boris-vallaud-il-y-a-chez-macron-une-forme-de-haine-de-l-etat","status":"publish","type":"post","link":"https:\/\/archives.regards.fr\/?p=12951","title":{"rendered":"Boris Vallaud : \u00ab Il y a chez Macron une forme de haine de l\u2019\u00c9tat \u00bb"},"content":{"rendered":"<p class=\"post_excerpt\">Il vient de publier <em>Un esprit de r\u00e9sistance<\/em> aux \u00c9ditions Flammarion. Le d\u00e9put\u00e9 socialiste des Landes est l\u2019invit\u00e9 de #LaMidinale.<\/p>\n<h2><strong><em>UNE MIDINALE \u00c0 VOIR&#8230;<\/h2>\n<p><iframe loading=\"lazy\" width=\"490\" height=\"276\" src=\"https:\/\/www.youtube.com\/embed\/K5K12iqATkQ\" title=\"YouTube video player\" frameborder=\"0\" allow=\"accelerometer; autoplay; clipboard-write; encrypted-media; gyroscope; picture-in-picture\" allowfullscreen><\/iframe><\/p>\n<p>&nbsp;<\/p>\n<p><h2>ET \u00c0 LIRE&#8230;<\/h2>\n<p><\/strong><\/em><br \/>\n<em>\u00a0<strong>Sur le d\u00e9sint\u00e9r\u00eat pour la politique et la place des partis<\/em>\u00a0<\/strong><br \/>\n\u00ab\u00a0Quand j\u2019\u00e9cris ce livre, je pense \u00e0 ceux qui ne vont pas voter.\u00a0Quand je vais \u00e0 l\u2019Assembl\u00e9e nationale, j\u2019ai toujours en t\u00eate que moins d\u2019un \u00e9lecteur sur deux a \u00e9lu cette Assembl\u00e9e nationale. C\u2019est un probl\u00e8me majeur. \u00bb<br \/>\n\u00ab\u00a0Il faut repenser les formes de l\u2019engagement mais je ne crois pas que les partis politiques soient disqualifi\u00e9s ou obsol\u00e8tes. Les partis doivent malgr\u00e9 tout se renouveler.\u00a0\u00bb<\/p>\n<p><em>\u00a0<strong>Sur la gauche et les id\u00e9es<\/em>\u00a0<\/strong><br \/>\n\u00ab\u00a0Je vais envoyer \u00e0 Fran\u00e7ois Hollande les propositions du Parti socialiste.\u00a0\u00bb<br \/>\n\u00ab\u00a0On a renou\u00e9 plus qu\u2019avant avec les universitaires, les chercheurs et la soci\u00e9t\u00e9 civile. On est en dialogue permanent avec eux.\u00a0\u00bb<br \/>\n\u00ab\u00a0On n\u2019est pas suffisamment audibles et c\u2019est une r\u00e9alit\u00e9.\u00a0\u00bb<br \/>\n\u00ab\u00a0La gauche a des id\u00e9es concr\u00e8tes.\u00a0\u00bb<br \/>\n\u00ab\u00a0Avec plus de justice et de partage de la richesse, tout le monde vit mieux &#8211; et en particulier les plus modestes.\u00a0\u00bb<br \/>\n\u00ab\u00a0Si on avait fait la m\u00eame distribution des revenus dans la masse salariale, entre les tr\u00e8s hauts revenus &#8211; qui ont capt\u00e9 une part essentielle de cette richesse &#8211; et les bas revenus, 30% des salaires les plus bas auraient augment\u00e9 de 10%. \u00c7a n\u2019est pas rien.\u00a0\u00bb<\/p>\n<p><em>\u00a0<strong>Sur les in\u00e9galit\u00e9s de capital\u00a0<\/em>\u00a0<\/strong><br \/>\n\u00ab\u00a0Je propose une r\u00e9forme de la taxation des tr\u00e8s grosses successions.\u00a0\u00bb<br \/>\n\u00ab\u00a0Je propose une dotation en capital pour tous les jeunes pour que bien d\u00e9marrer dans la vie ne soit pas le privil\u00e8ge de quelques-uns.\u00a0\u00bb<br \/>\n\u00ab\u00a0Je plaide pour la co-d\u00e9termination c\u2019est-\u00e0-dire le partage de la d\u00e9cision avec les salari\u00e9s dans l\u2019entreprise.\u00a0\u00bb<\/p>\n<p><em>\u00a0<strong>Sur l\u2019emploi et le travail<\/em>\u00a0<\/strong><br \/>\n\u00ab\u00a0Il faut laisser le travail des machines aux machines mais il faut surtout laisser le travail des hommes aux hommes. \u00bb<br \/>\n\u00ab\u00a0Il y a des m\u00e9tiers qui vont dispara\u00eetre et tant mieux mais il y en a plein d\u2019autres qui ont s\u2019inventer.\u00a0\u00bb<br \/>\n\u00ab\u00a0Il faut penser la soci\u00e9t\u00e9 du plein travail plus que du plein emploi.\u00a0\u00bb<br \/>\n\u00ab\u00a0Il faut inventer d\u2019autres modes de r\u00e9mun\u00e9ration.\u00a0\u00bb<\/p>\n<p><em>\u00a0<strong>Sur le progr\u00e8s\u00a0<\/em>\u00a0<\/strong><br \/>\n\u00ab\u00a0On a besoin de progr\u00e8s humains. On a besoin de se retrouver. C\u2019est une le\u00e7on de la pand\u00e9mie. On s\u2019est beaucoup manqu\u00e9 les uns aux autres.\u00a0\u00bb<br \/>\n\u00ab\u00a0Je rencontre plein de Daniel Blake dans ma permanence [r\u00e9f\u00e9rence au personnage du film\u00a0Moi, Daniel Blake\u00a0de Ken Loach].\u00a0\u00bb<br \/>\n\u00ab\u00a0Il faut redonner de l\u2019humanit\u00e9 \u00e0 nos processus.\u00a0\u00bb<br \/>\n\u00ab\u00a0Consid\u00e9rer qu\u2019on n\u2019a pas besoin des progr\u00e8s techniques et de la science est une fa\u00e7on d\u2019\u00e9teindre la lumi\u00e8re.\u00a0\u00bb<br \/>\n\u00ab\u00a0J\u2019esp\u00e8re de la science, de la raison et du progr\u00e8s.\u00a0\u00bb<\/p>\n<p><em>\u00a0<strong>Sur les protections sociales\u00a0<\/em>\u00a0<\/strong><br \/>\n\u00ab\u00a0On est au milieu d\u2019immenses r\u00e9volutions.\u00a0\u00bb<br \/>\n\u00ab\u00a0Le trait commun de nos soci\u00e9t\u00e9s, c\u2019est l\u2019incertitude. Les gens sont inquiets et ins\u00e9curit\u00e9s.\u00a0\u00bb<br \/>\n\u00ab\u00a0Je souhaite un syst\u00e8me universel avec une protection pour tous.\u00a0\u00bb<br \/>\n\u00ab\u00a0Je suis pour une s\u00e9curit\u00e9 sociale qui \u00e9mancipe, qui s\u00e9curise et qui est tremplin, pas seulement un filet.\u00a0\u00bb<\/p>\n<p><em>\u00a0<strong>Sur l\u2019impuissance politique et la haute administration<\/em>\u00a0<\/strong>\u00a0<br \/>\n\u00ab\u00a0Je ne suis pas de ceux qui d\u00e9noncent la mar\u00e9e montante du fonctionnarisme ou qui d\u00e9noncent\u00a0l\u2019Etat profond.\u00a0\u00bb<br \/>\n\u00ab\u00a0Il y a chez Macron une forme de haine de l\u2019Etat.\u00a0\u00bb<br \/>\n\u00ab\u00a0J\u2019ai une vision romantique de l\u2019Etat.\u00a0\u00bb<br \/>\n\u00ab\u00a0Quand des responsables politiques d\u00e9missionnent, c\u2019est l\u2019administration qui commande. Est-ce que parfois l\u2019administration fait plus mal que les politiques, je n\u2019en suis pas toujours certain.\u00a0\u00bb<br \/>\n\u00ab\u00a0Le temps politique et le temps administratif sont deux choses diff\u00e9rentes mais on a besoin d\u2019une politique qui s\u2019affirme.\u00a0\u00bb<\/p>\n<p><em>\u00a0<strong>Sur l\u2019universalisme\u00a0<\/em>\u00a0<\/strong><br \/>\n\u00ab\u00a0L\u2019affirmation d\u2019une identit\u00e9 n\u2019est pas n\u00e9cessairement une concession faite au repli sur soi ou une d\u00e9claration s\u00e9paratiste.\u00a0L\u2019universalisme n\u2019est pas forc\u00e9ment la n\u00e9gation des identit\u00e9s. \u00bb<br \/>\n\u00ab\u00a0Il fait penser la question des rapports de l\u2019universel au particulier et du particulier \u00e0 l\u2019universel comme quelque chose de fertile.\u00a0\u00bb<br \/>\n\u00ab\u00a0Il n\u2019y a pas assez de place pour la nuance et la r\u00e9flexion.\u00a0\u00bb<br \/>\n\u00ab\u00a0Il faut avoir le courage de la nuance.\u00a0\u00bb<br \/>\n\u00ab\u00a0Les valeurs de la R\u00e9publique ne peuvent pas \u00eatre simplement un truc qu\u2019on ass\u00e8ne comme le fait Blanquer ex cathedra.\u00a0\u00bb<br \/>\n\u00ab\u00a0L\u2019universel permet de penser au-del\u00e0 de soi-m\u00eame.\u00a0\u00bb<\/p>\n<p><em>\u00a0<strong>Sur la souverainet\u00e9\u00a0<\/em>\u00a0<\/strong><br \/>\n\u00ab\u00a0Une souverainet\u00e9 qui ne s\u2019adosserait pas \u00e0 l\u2019expression de la d\u00e9mocratie, c\u2019est-\u00e0-dire l\u2019acquiescement du peuple, \u00e7a serait le refuge de l\u2019autoritarisme et de la souverainet\u00e9 nationale au sens souverainet\u00e9 nationaliste.\u00a0\u00bb<\/p>\n<p><em> <strong>Sur les accords\/d\u00e9saccords \u00e0 gauche<\/strong> <\/em><br \/>\n\u00ab\u00a0Je pense qu\u2019il y a plus d\u2019accords \u00e0 gauche qu\u2019il n\u2019y a de d\u00e9saccords.\u00a0\u00bb<br \/>\n\u00ab\u00a0Il y a des gens \u00e0 gauche qui sont irr\u00e9conciliables mais les gauches ne sont pas irr\u00e9conciliables.\u00a0\u00bb<\/p>\n<p><em>\u00a0<strong>Sur la gauche face \u00e0 2022<\/em>\u00a0<\/strong><br \/>\n\u00ab\u00a0J\u2019aime ne pas penser que la gauche aurait d\u00e9j\u00e0 act\u00e9 sa d\u00e9faite.\u00a0\u00bb<br \/>\n\u00ab\u00a0Le prix de la d\u00e9faite serait consid\u00e9rable pour la gauche mais surtout pour le pays.\u00a0\u00bb<br \/>\n\u00ab\u00a0La gauche a besoin d\u2019affirmer ce qu\u2019elle est.\u00a0\u00bb<br \/>\n\u00ab\u00a0Comme je suis optimiste, je me dis qu\u2019il va se passer quelque chose.\u00a0\u00bb<br \/>\n\u00ab\u00a0La gauche doit retrouver ce que j\u2019appelle la geste de Fran\u00e7ois Mitterrand avec son discours sur la rupture.\u00a0\u00bb<br \/>\n\u00ab\u00a0Il faut retrouver de l\u2019audace r\u00e9formatrice.\u00a0\u00bb<\/p>\n<p><em>\u00a0<strong>Sur la place du compromis en politique\u00a0<\/em>\u00a0<\/strong><br \/>\n\u00ab\u00a0Je crains le simplisme en politique. La soci\u00e9t\u00e9 n\u2019est pas comme \u00e7a. Elle est compliqu\u00e9e.\u00a0\u00bb<div id='gallery-1' class='gallery galleryid-12951 gallery-columns-3 gallery-size-thumbnail'><figure class='gallery-item'>\n\t\t\t<div class='gallery-icon landscape'>\n\t\t\t\t<a href='https:\/\/archives.regards.fr\/wp-content\/uploads\/2021\/05\/capture_d_e_cran_2021-05-12_a_15-0d2.35.02.png'><img loading=\"lazy\" decoding=\"async\" width=\"150\" height=\"150\" src=\"https:\/\/archives.regards.fr\/wp-content\/uploads\/2021\/05\/capture_d_e_cran_2021-05-12_a_15-0d2.35.02-150x150.png\" class=\"attachment-thumbnail size-thumbnail\" alt=\"capture_d_e_cran_2021-05-12_a_15.35.02.png\" \/><\/a>\n\t\t\t<\/div><\/figure>\n\t\t<\/div>\n<\/p>\n","protected":false},"excerpt":{"rendered":"<p>Il vient de publier <em>Un esprit de r\u00e9sistance<\/em> aux \u00c9ditions Flammarion. Le d\u00e9put\u00e9 socialiste des Landes est l\u2019invit\u00e9 de #LaMidinale.<\/p>\n","protected":false},"author":1039,"featured_media":30588,"comment_status":"open","ping_status":"open","sticky":false,"template":"","format":"standard","meta":{"_themeisle_gutenberg_block_has_review":false,"footnotes":""},"categories":[238],"tags":[293],"class_list":["post-12951","post","type-post","status-publish","format-standard","has-post-thumbnail","hentry","category-la-midinale","tag-entretien"],"_links":{"self":[{"href":"https:\/\/archives.regards.fr\/index.php?rest_route=\/wp\/v2\/posts\/12951","targetHints":{"allow":["GET"]}}],"collection":[{"href":"https:\/\/archives.regards.fr\/index.php?rest_route=\/wp\/v2\/posts"}],"about":[{"href":"https:\/\/archives.regards.fr\/index.php?rest_route=\/wp\/v2\/types\/post"}],"author":[{"embeddable":true,"href":"https:\/\/archives.regards.fr\/index.php?rest_route=\/wp\/v2\/users\/1039"}],"replies":[{"embeddable":true,"href":"https:\/\/archives.regards.fr\/index.php?rest_route=%2Fwp%2Fv2%2Fcomments&post=12951"}],"version-history":[{"count":0,"href":"https:\/\/archives.regards.fr\/index.php?rest_route=\/wp\/v2\/posts\/12951\/revisions"}],"wp:featuredmedia":[{"embeddable":true,"href":"https:\/\/archives.regards.fr\/index.php?rest_route=\/wp\/v2\/media\/30588"}],"wp:attachment":[{"href":"https:\/\/archives.regards.fr\/index.php?rest_route=%2Fwp%2Fv2%2Fmedia&parent=12951"}],"wp:term":[{"taxonomy":"category","embeddable":true,"href":"https:\/\/archives.regards.fr\/index.php?rest_route=%2Fwp%2Fv2%2Fcategories&post=12951"},{"taxonomy":"post_tag","embeddable":true,"href":"https:\/\/archives.regards.fr\/index.php?rest_route=%2Fwp%2Fv2%2Ftags&post=12951"}],"curies":[{"name":"wp","href":"https:\/\/api.w.org\/{rel}","templated":true}]}}