{"id":12950,"date":"2021-05-12T14:12:30","date_gmt":"2021-05-12T12:12:30","guid":{"rendered":"https:\/\/wp.muchomaas.com\/article-accrochez-vous-bien-emmanuel-macron-prepare-son-moment-social\/"},"modified":"2023-06-24T00:15:44","modified_gmt":"2023-06-23T22:15:44","slug":"article-accrochez-vous-bien-emmanuel-macron-prepare-son-moment-social","status":"publish","type":"post","link":"https:\/\/archives.regards.fr\/?p=12950","title":{"rendered":"Accrochez-vous bien, Emmanuel Macron pr\u00e9pare son \u00ab moment social \u00bb"},"content":{"rendered":"<p class=\"post_excerpt\">Ceci n&#8217;est pas une blague\u2026 M\u00eame si l&#8217;on peut rire du comique de r\u00e9p\u00e9tition : il s&#8217;agit-l\u00e0 du onzi\u00e8me \u00ab tournant \u00bb, \u00ab virage \u00bb (appelez- \u00e7a comme vous voulez) social du quinquennat.<\/p>\n<p>Ce mercredi 12 mai, en lisant <a href=\"https:\/\/www.franceinter.fr\/emmanuel-macron-prepare-son-moment-social\">cet article<\/a> de France Inter, nous avons d&#8217;abord cru \u00e0 un poisson d&#8217;avril \u2013 ce qui nous a paru tr\u00e8s \u00e9trange pour un 12 mai. <em>\u00ab Comment Emmanuel Macron pr\u00e9pare son &#8220;moment social&#8221; \u00bb<\/em>, voil\u00e0 pour le titre. Puis, cette accroche : <em>\u00ab C&#8217;est l&#8217;image dont r\u00eave l&#8217;Elys\u00e9e : la superstar Beyonc\u00e9 mettant le feu aux jardins du Palais, sous les yeux \u00e9bahis d&#8217;Hillary Clinton et de Kamala Harris, la vice-pr\u00e9sidente am\u00e9ricaine, symbole plan\u00e9taire de diversit\u00e9 et de r\u00e9ussite. \u00bb<\/em><\/p>\n<p>Les jours passent, les semaines, les mois, les ann\u00e9es, et tout porte \u00e0 croire qu&#8217;Emmanuel Macron a raison : nous avons des <a href=\"https:\/\/twitter.com\/paul_denton\/status\/1391764715215458313\"><em>\u00ab probl\u00e8mes psy \u00bb<\/em><\/a>. Car, aussi \u00e9trange qu&#8217;il puisse para\u00eetre, nous n&#8217;avons jamais, ici \u00e0 <em>Regards<\/em>, consid\u00e9r\u00e9 le pr\u00e9sident de la R\u00e9publique comme un homme de gauche. Comparaison n&#8217;est pas raison, mais nous avons plus souvent vu en lui un Ronald Reagan qu&#8217;un John F. Kennedy, un Donald Trump qu&#8217;un Barack Obama, du moins sur l&#8217;\u00e9chelle de Joe Biden\u2026<\/p>\n<p>&nbsp;<\/p>\n<p>\n<strong>LIRE AUSSI SUR REGARDS.FR<br \/>\n>><\/strong> <em><a href=\"https:\/\/wp.muchomaas.com\/monde\/article\/ecologie-fiscalite-covid-comment-biden-ridiculise-macron\">\u00c9cologie, fiscalit\u00e9, Covid : comment Biden ridiculise Macron<\/a><\/em><\/p>\n<p>&nbsp;<\/p>\n<p>Et pourtant, non, Macron se prend pour Obama et ce n&#8217;est pas un canular. \u00c0 l&#8217;occasion du Forum g\u00e9n\u00e9ration \u00e9galit\u00e9 \u2013 pr\u00e9sid\u00e9 par la France et le Mexique, qui se tiendra \u00e0 Paris du 30 juin au 2 juillet \u2013, Emmanuel Macron entend bien redorer son image de beau gosse mondial du camp lib\u00e9ral. <a href=\"https:\/\/wp.muchomaas.com\/idees-culture\/article\/a-quoi-peut-bien-servir-notre-ministere-charge-de-l-egalite-entre-les-femmes-et\">Rappelons, encore et encore<\/a>, que la grande cause du quinquennat est l&#8217;\u00e9galit\u00e9 entre les hommes et les femmes\u2026 et que rien dans la politique men\u00e9e par Emmanuel Macron n\u2019a men\u00e9, de pr\u00e8s ou de loin, \u00e0 une am\u00e9lioration des conditions des femmes.<\/p>\n<p>Mais \u00e7a, c&#8217;\u00e9tait avant.<\/p>\n<p>Car voyez-vous, Emmanuel Macron, aussi jupit\u00e9rien soit-il, reste un mortel. Il a deux yeux, deux bras et deux jambes et, comme on le lit toujours sur France Inter, <em>\u00ab \u00e0 moins d&#8217;un an de la pr\u00e9sidentielle, le chef de l&#8217;\u00c9tat a trouv\u00e9 le moyen de renforcer sa &#8220;jambe gauche&#8221; \u00bb<\/em>. Comment ? En prenant des cours particuliers avec Lionel Messi ? Non. En ne faisant plus que du cloche-pied ? Non plus. En venant au chevet de la jeunesse :<\/p>\n<p><em>\u00ab C&#8217;est aussi en ce tout d\u00e9but d&#8217;\u00e9t\u00e9 que le chef de l&#8217;\u00c9tat devrait annoncer sa mesure tant attendue pour les jeunes : 500 euros par mois, d\u00e8s septembre, pour les moins de 25 ans en difficult\u00e9, en contrepartie d&#8217;un d&#8217;accompagnement intensif vers l&#8217;emploi. Une sorte de &#8220;garantie jeunes universelle&#8221;, \u00e9largie \u00e0 &#8220;au moins un million de jeunes&#8221; (contre 200.000 sur l&#8217;ann\u00e9e 2021) selon l&#8217;objectif du minist\u00e8re du Travail. Ajoutez \u00e0 cela la fin du couvre-feu et la r\u00e9ouverture quasi-totale du pays le 30 juin&#8230; Emmanuel Macron tient l\u00e0 sa s\u00e9quence &#8220;bonnes nouvelles&#8221;, pour sortir enfin des d\u00e9bats sanitaires et s\u00e9curitaires. \u00bb<\/em><\/p>\n<p>La France est-elle pr\u00eate pour tant de g\u00e9n\u00e9rosit\u00e9 ? Dieu seul sait. Nous, ce que l&#8217;on sait, c&#8217;est qu&#8217;Emmanuel Macron n&#8217;en est pas \u00e0 son premier \u00ab tournant social \u00bb. \u00c0 l&#8217;\u00e9t\u00e9 2020, <a href=\"https:\/\/wp.muchomaas.com\/politique\/article\/gouvernement-castex-la-parite-nivelee-par-le-bas#bonus\">nous en comptions d\u00e9j\u00e0\u2026 dix<\/a>. Alors, \u00e0 ce niveau-l\u00e0 de social \u2013 de socialisme ! \u2013, on n&#8217;a plus qu&#8217;une h\u00e2te : applaudir le onzi\u00e8me changement de braquet !<\/p>\n<p>&nbsp;<\/p>\n<p>\n<a href=\"https:\/\/wp.muchomaas.com\/auteur\/loic-le-clerc\"><strong>Lo\u00efc Le Clerc<\/strong><\/a><div id='gallery-1' class='gallery galleryid-12950 gallery-columns-3 gallery-size-thumbnail'><figure class='gallery-item'>\n\t\t\t<div class='gallery-icon landscape'>\n\t\t\t\t<a href='https:\/\/archives.regards.fr\/wp-content\/uploads\/2021\/05\/befunky-collage-375-afc-scaled.jpg'><img loading=\"lazy\" decoding=\"async\" width=\"150\" height=\"150\" src=\"https:\/\/archives.regards.fr\/wp-content\/uploads\/2021\/05\/befunky-collage-375-afc-150x150.jpg\" class=\"attachment-thumbnail size-thumbnail\" alt=\"befunky-collage-375.jpg\" \/><\/a>\n\t\t\t<\/div><\/figure>\n\t\t<\/div>\n<\/p>\n","protected":false},"excerpt":{"rendered":"<p>Ceci n&#8217;est pas une blague\u2026 M\u00eame si l&#8217;on peut rire du comique de r\u00e9p\u00e9tition : il s&#8217;agit-l\u00e0 du onzi\u00e8me \u00ab tournant \u00bb, \u00ab virage \u00bb (appelez- \u00e7a comme vous voulez) social du quinquennat.<\/p>\n","protected":false},"author":1203,"featured_media":30586,"comment_status":"open","ping_status":"open","sticky":false,"template":"","format":"standard","meta":{"_themeisle_gutenberg_block_has_review":false,"footnotes":""},"categories":[6],"tags":[487],"class_list":["post-12950","post","type-post","status-publish","format-standard","has-post-thumbnail","hentry","category-actu","tag-emmanuel-macron"],"_links":{"self":[{"href":"https:\/\/archives.regards.fr\/index.php?rest_route=\/wp\/v2\/posts\/12950","targetHints":{"allow":["GET"]}}],"collection":[{"href":"https:\/\/archives.regards.fr\/index.php?rest_route=\/wp\/v2\/posts"}],"about":[{"href":"https:\/\/archives.regards.fr\/index.php?rest_route=\/wp\/v2\/types\/post"}],"author":[{"embeddable":true,"href":"https:\/\/archives.regards.fr\/index.php?rest_route=\/wp\/v2\/users\/1203"}],"replies":[{"embeddable":true,"href":"https:\/\/archives.regards.fr\/index.php?rest_route=%2Fwp%2Fv2%2Fcomments&post=12950"}],"version-history":[{"count":0,"href":"https:\/\/archives.regards.fr\/index.php?rest_route=\/wp\/v2\/posts\/12950\/revisions"}],"wp:featuredmedia":[{"embeddable":true,"href":"https:\/\/archives.regards.fr\/index.php?rest_route=\/wp\/v2\/media\/30586"}],"wp:attachment":[{"href":"https:\/\/archives.regards.fr\/index.php?rest_route=%2Fwp%2Fv2%2Fmedia&parent=12950"}],"wp:term":[{"taxonomy":"category","embeddable":true,"href":"https:\/\/archives.regards.fr\/index.php?rest_route=%2Fwp%2Fv2%2Fcategories&post=12950"},{"taxonomy":"post_tag","embeddable":true,"href":"https:\/\/archives.regards.fr\/index.php?rest_route=%2Fwp%2Fv2%2Ftags&post=12950"}],"curies":[{"name":"wp","href":"https:\/\/api.w.org\/{rel}","templated":true}]}}