{"id":12945,"date":"2021-05-10T14:03:09","date_gmt":"2021-05-10T12:03:09","guid":{"rendered":"https:\/\/wp.muchomaas.com\/article-tribune-pour-un-10-mai-de-l-ecologie-populaire\/"},"modified":"2021-05-10T14:03:09","modified_gmt":"2021-05-10T12:03:09","slug":"article-tribune-pour-un-10-mai-de-l-ecologie-populaire","status":"publish","type":"post","link":"https:\/\/archives.regards.fr\/?p=12945","title":{"rendered":"TRIBUNE. Pour un 10 mai de l\u2019\u00e9cologie populaire !"},"content":{"rendered":"<p class=\"post_excerpt\">Je suis d\u2019une g\u00e9n\u00e9ration qui ne conna\u00eet le 10 mai 1981 que par les r\u00e9cits qui lui en ont \u00e9t\u00e9 faits. Ma g\u00e9n\u00e9ration aura son 10 mai, celui de l\u2019\u00e9cologie populaire qui rassemblera toute la gauche !<\/p>\n<p>Je suis d\u2019une g\u00e9n\u00e9ration qui ne conna\u00eet le 10 mai 1981 que par les r\u00e9cits qui lui en ont \u00e9t\u00e9 faits. Cette date projette dans nos imaginaires une puissance in\u00e9gal\u00e9e dans l\u2019histoire politique de la gauche depuis la fin de la seconde guerre mondiale. Certes, il y a eu depuis 81 d\u2019autres victoires, mais aucune d\u2019une intensit\u00e9 et d\u2019une port\u00e9e \u00e9quivalentes.<\/p>\n<p>&nbsp;<\/p>\n<p>\n<strong>LIRE AUSSI SUR REGARDS.FR<br \/>\n>><\/strong> <em><a href=\"https:\/\/wp.muchomaas.com\/politique\/article\/1981-ou-le-courage-des-idees\">1981 ou le courage des id\u00e9es<\/a><\/em><\/p>\n<p>&nbsp;<\/p>\n<p>Parce que nous avons \u00e9t\u00e9 autant malmen\u00e9s par l\u2019Histoire que nous l\u2019avons manqu\u00e9, notre victoire prochaine, si elle advient, aura pour ma g\u00e9n\u00e9ration le go\u00fbt d\u2019un 10 mai tel que l\u2019ont connu nos parents et nos grands-parents. Mais il aura pour la soci\u00e9t\u00e9 le parfum d\u2019une autre \u00e9poque, celle de l\u2019\u00e9cologie politique. <\/p>\n<p><strong>Le 10 mai \u00e0 venir sera celui de l\u2019\u00e9cologie politique comme nouvel imaginaire.<\/strong> <\/p>\n<p>Le 10 mai 1981, c\u2019est d\u2019abord l\u2019entr\u00e9e dans la modernit\u00e9 avec le souffle d\u2019une alternance d\u00e9mocratique dans la paix, mais surtout avec de grandes avanc\u00e9es pour la justice, l\u2019\u00e9galit\u00e9, les libert\u00e9s, le mod\u00e8le \u00e9conomique et social. La modernit\u00e9 de 2021, c\u2019est l\u2019\u00e9cologie. <\/p>\n<p>Un Mitterrand (ou une d\u2019ailleurs, il serait temps) revenu d\u2019outre tombe et se portant candidat \u00e0 l\u2019heure du r\u00e9chauffement climatique ferait le choix de laisser au placard les dogmes productivistes d\u2019un autre \u00e2ge et proposerait de b\u00e2tir une industrie r\u00e9solument tourn\u00e9e vers l\u2019excellence \u00e9nerg\u00e9tique, le souci de ne pas engendrer des pollutions dont les plus pauvres sont les premi\u00e8res victimes, et mise au service du progr\u00e8s humain. <\/p>\n<p>Ce Mitterrand ressuscit\u00e9 par les forces de l\u2019esprit, en bon socialiste, verrait la corr\u00e9lation flagrante entre les in\u00e9galit\u00e9s de richesses et les in\u00e9galit\u00e9s d\u2019usage des ressources naturelles, d\u2019\u00e9missions de carbone. Il en d\u00e9duirait donc que le mod\u00e8le capitaliste dont il d\u00e9non\u00e7ait avec force la nature, et avec lequel il appelait \u00e0 \u00ab la rupture \u00bb ab\u00eeme autant les individus que leur espace de vie, la plan\u00e8te et qu\u2019une croissance qui ne se soucie pas de son impact sur le climat et l\u2019\u00e9quilibre de la biodiversit\u00e9 n\u2019est pas bonne pour les g\u00e9n\u00e9rations futures. Visionnaire, il proposerait de transformer notre mod\u00e8le \u00e9conomique pour lui assigner, en plus de l\u2019objectif de l\u2019\u00e9galit\u00e9 et de la dignit\u00e9 des citoyens, celui de la durabilit\u00e9 et du temps long, par nature \u00e9loign\u00e9 du temps des sp\u00e9culateurs et des <em>\u00ab forces de l\u2019argent \u00bb<\/em> dont il \u00e9tait l\u2019adversaire. <\/p>\n<p>En r\u00e9publicain, il trouverait aussi probablement dans une vision \u00e9cologiste qui pense le monde d\u2019apr\u00e8s et le bien \u00eatre des g\u00e9n\u00e9rations \u00e0 venir, un chemin capable de f\u00e9d\u00e9rer une nation et de lui fixer \u00e0 nouveau des objectifs communs pour sortir des logiques d\u2019affrontement et de morcellement dans lesquelles elle est entra\u00een\u00e9e par un lib\u00e9ralisme qui met sans cesse les uns en comp\u00e9tition avec les autres.  <\/p>\n<p><strong>Le 10 mai \u00e0 venir ne sera rendu possible que par la d\u00e9termination unitaire des \u00e9cologistes.<\/strong><\/p>\n<p>Le 10 mai 1981, c\u2019est l\u2019unit\u00e9 dans les urnes malgr\u00e9 les crises et ruptures qui avaient fractur\u00e9 les partis du Programme commun. Celui-ci aura tout de m\u00eame largement contribu\u00e9 \u00e0 la progression de la gauche et \u00e0 sa capacit\u00e9 \u00e0 faire bloc pour gagner. <\/p>\n<p>La fin de la bipolarisation du paysage politique, la menace permanente d\u2019une extr\u00eame droite aux relais m\u00e9diatiques et financiers puissants qui ferait basculer la R\u00e9publique vers le pire, la dispersion de nos forces et de nos combats qui appauvrit notre intelligence collective et affaiblit notre capacit\u00e9 \u00e0 mener la bataille culturelle face \u00e0 nos ennemis et adversaires, la r\u00e9signation de celles et ceux qui attendent et esp\u00e8rent un changement politique majeur conforme \u00e0 nos valeurs, rendent indispensable le rassemblement. <\/p>\n<p>C\u2019est \u00e0 ce prix que nous pourrons fa\u00e7onner l\u2019agenda politique et m\u00e9diatique du pays, et nous adresser au plus grand nombre. <\/p>\n<p><strong>Le 10 mai \u00e0 venir sera celui de l\u2019affirmation d\u2019une force de l\u2019\u00e9cologie politique cr\u00e9dible et pr\u00e9par\u00e9e.<\/strong><\/p>\n<p>Le 10 mai 1981, c\u2019est la conqu\u00eate du pouvoir par un camp politique qui en avait \u00e9t\u00e9 \u00e9cart\u00e9 longuement et structurellement. Il avait su affirmer ses positions locales, s\u2019ancrer dans le pays, convaincre de sa cr\u00e9dibilit\u00e9 et rassembler une majorit\u00e9 politique conforme \u00e0 la majorit\u00e9 sociale qu\u2019il pr\u00e9tendait incarner. <\/p>\n<p>Le temps est venu de donner \u00e0 l\u2019\u00e9cologie politique la solidit\u00e9 qui lui permettra de gagner et de gouverner, non pas comme une force d\u2019appoint mais comme le c\u0153ur d\u2019une coalition de transformation. C\u2019est une culture qu\u2019il nous faut collectivement r\u00e9activer ou acqu\u00e9rir dans nos pratiques, dans nos strat\u00e9gies et dans notre rapport \u00e0 tous les partenaires qui sont les n\u00f4tres. Dans des villes aujourd\u2019hui, et demain dans des r\u00e9gions, nous renfor\u00e7ons cette exp\u00e9rience essentielle et cet ancrage indispensable. <\/p>\n<p>L\u2019Histoire en t\u00e9moigne, on ne transforme pas le pays sans une mobilisation et une adh\u00e9sion massive de la soci\u00e9t\u00e9. Face au plus grand d\u00e9fi de l\u2019Histoire de l\u2019humanit\u00e9 que repr\u00e9sente le p\u00e9ril climatique, devant l\u2019effondrement d\u00e9mocratique et la violence des injustices, il nous faudra mobiliser bien au-del\u00e0 des 25% d\u2019\u00e9lecteurs suffisants pour acc\u00e9der au second tour de l\u2019\u00e9lection pr\u00e9sidentielle. Pour parler au plus grand nombre, pr\u00e9parer l\u2019exercice des responsabilit\u00e9s, il faut une force politique au niveau des d\u00e9fis de la p\u00e9riode. Elle ne peut \u00eatre seulement la somme de nos faibles forces, elle doit attirer massivement \u00e0 elle des centaines de milliers de citoyennes et de citoyens. <\/p>\n<p>Ma g\u00e9n\u00e9ration aura son 10 mai, celui de l\u2019\u00e9cologie populaire qui rassemblera toute la gauche !<\/p>\n<p>&nbsp;<\/p>\n<p>\n<a href=\"https:\/\/wp.muchomaas.com\/auteur\/benjamin-lucas\"><strong>Benjamin Lucas<\/strong><\/a>, coordinateur national de G\u00e9n\u00e9ration.s<\/p>\n","protected":false},"excerpt":{"rendered":"<p>Je suis d\u2019une g\u00e9n\u00e9ration qui ne conna\u00eet le 10 mai 1981 que par les r\u00e9cits qui lui en ont \u00e9t\u00e9 faits. Ma g\u00e9n\u00e9ration aura son 10 mai, celui de l\u2019\u00e9cologie populaire qui rassemblera toute la gauche !<\/p>\n","protected":false},"author":1,"featured_media":0,"comment_status":"open","ping_status":"open","sticky":false,"template":"","format":"standard","meta":{"_themeisle_gutenberg_block_has_review":false,"footnotes":""},"categories":[278],"tags":[],"class_list":["post-12945","post","type-post","status-publish","format-standard","hentry","category-tribunes"],"_links":{"self":[{"href":"https:\/\/archives.regards.fr\/index.php?rest_route=\/wp\/v2\/posts\/12945","targetHints":{"allow":["GET"]}}],"collection":[{"href":"https:\/\/archives.regards.fr\/index.php?rest_route=\/wp\/v2\/posts"}],"about":[{"href":"https:\/\/archives.regards.fr\/index.php?rest_route=\/wp\/v2\/types\/post"}],"author":[{"embeddable":true,"href":"https:\/\/archives.regards.fr\/index.php?rest_route=\/wp\/v2\/users\/1"}],"replies":[{"embeddable":true,"href":"https:\/\/archives.regards.fr\/index.php?rest_route=%2Fwp%2Fv2%2Fcomments&post=12945"}],"version-history":[{"count":0,"href":"https:\/\/archives.regards.fr\/index.php?rest_route=\/wp\/v2\/posts\/12945\/revisions"}],"wp:attachment":[{"href":"https:\/\/archives.regards.fr\/index.php?rest_route=%2Fwp%2Fv2%2Fmedia&parent=12945"}],"wp:term":[{"taxonomy":"category","embeddable":true,"href":"https:\/\/archives.regards.fr\/index.php?rest_route=%2Fwp%2Fv2%2Fcategories&post=12945"},{"taxonomy":"post_tag","embeddable":true,"href":"https:\/\/archives.regards.fr\/index.php?rest_route=%2Fwp%2Fv2%2Ftags&post=12945"}],"curies":[{"name":"wp","href":"https:\/\/api.w.org\/{rel}","templated":true}]}}