{"id":12934,"date":"2021-05-05T12:03:56","date_gmt":"2021-05-05T10:03:56","guid":{"rendered":"https:\/\/wp.muchomaas.com\/article-pierre-serna-sur-napoleon-la-republique-ne-devrait-pas-commemorer-un-homme-qui\/"},"modified":"2023-06-24T00:15:21","modified_gmt":"2023-06-23T22:15:21","slug":"article-pierre-serna-sur-napoleon-la-republique-ne-devrait-pas-commemorer-un-homme-qui","status":"publish","type":"post","link":"https:\/\/archives.regards.fr\/?p=12934","title":{"rendered":"Pierre Serna sur Napol\u00e9on : \u00ab La R\u00e9publique ne devrait pas comm\u00e9morer un homme qui a tu\u00e9 plusieurs fois l&#8217;id\u00e9e r\u00e9publicaine \u00bb"},"content":{"rendered":"<p class=\"post_excerpt\">Qu\u2019a la gauche \u00e0 dire sur Napol\u00e9on ? Pierre Serna, historien, sp\u00e9cialiste de la R\u00e9volution fran\u00e7aise, est l\u2019invit\u00e9 de #LaMidinale.<\/p>\n<h2>UNE MIDINALE \u00c0 VOIR&#8230;<\/h2>\n<p><iframe loading=\"lazy\" width=\"490\" height=\"276\" src=\"https:\/\/www.youtube.com\/embed\/tADUgIl0dzU\" title=\"YouTube video player\" frameborder=\"0\" allow=\"accelerometer; autoplay; clipboard-write; encrypted-media; gyroscope; picture-in-picture\" allowfullscreen><\/iframe><\/p>\n<p>&nbsp;<\/p>\n<p><h2>ET \u00c0 LIRE&#8230;<\/h2>\n<p><em>\u00a0<strong>Sur la gauche et Napol\u00e9on\u00a0<\/em>\u00a0<\/strong><br \/>\n\u00ab\u00a0Les pr\u00e9misses du bonapartisme \u00e9taient une sorte d\u2019extr\u00eame droite populiste extr\u00eamement virulente contre la R\u00e9publique.\u00a0\u00bb<br \/>\n\u00ab\u00a0De qui parlons-nous ? Du g\u00e9n\u00e9ral qui pille l\u2019Italie &#8211; occupant violent \u00e0 partir de 1796 ? Parlons-nous du g\u00e9n\u00e9ral r\u00e9publicain mais qui n\u2019est plus d\u00e9mocrate et devient la matrice des c\u00e9sarismes du 19\u00e8 et 20\u00e8 si\u00e8cles et donc des pires dictateurs de l\u2019Am\u00e9rique latine que conna\u00eet trop bien Bonaparte et qui s\u2019en inspireront ? Parlons-nous d\u2019un homme qui a toujours \u00e9t\u00e9 l\u2019homme ch\u00e9ri d\u2019une droite conservatrice qui a toujours \u00e9t\u00e9 contre-r\u00e9volutionnaire ?\u00a0\u00bb<br \/>\n\u00ab\u00a0Si l\u2019on parle de gauche et de Napol\u00e9on, le probl\u00e8me devrait \u00eatre r\u00e9gl\u00e9 assez rapidement.\u00a0\u00bb<br \/>\n\u00ab\u00a0La R\u00e9publique ne devrait pas comm\u00e9morer un homme qui a tu\u00e9 plusieurs fois l\u2019id\u00e9e r\u00e9publicaine et qui a trahi l\u2019id\u00e9al r\u00e9publicain dont il \u00e9tait lui-m\u00eame l\u2019objet. La R\u00e9publique a permis l\u2019\u00e9closion de Bonaparte et il s\u2019est comport\u00e9 de la mani\u00e8re la plus ingrate, la plus violemment cynique contre la R\u00e9publique qui l\u2019avait fait g\u00e9n\u00e9ral.\u00a0\u00bb<\/p>\n<p><em>\u00a0<strong>Sur Macron et la comm\u00e9moration de Napol\u00e9on\u00a0<\/em>\u00a0<\/strong><br \/>\n\u00ab\u00a0Emmanuel Macron est dans une impasse politique parce que le temps l\u2019a rattrap\u00e9.\u00a0\u00bb<br \/>\n\u00ab\u00a0Napol\u00e9on est une enveloppe vide dans laquelle des fantasmes et des imaginaires se projettent. Il est le premier \u00e0 l\u2019avoir su et compris : c\u2019est un communicant politique de fa\u00e7on assez remarquable.\u00a0\u00bb<br \/>\n\u00ab Si comme le dit Macron \u2018comm\u00e9morer n\u2019est pas c\u00e9l\u00e9brer\u2019, alors qu\u2019il laisse faire aux historiens leur m\u00e9tier.\u00a0\u00bb<br \/>\n\u00ab\u00a0Le pass\u00e9 se rejoue dans le pr\u00e9sent et dans les pi\u00e8ges et impasses dans lesquelles se retrouve Emmanuel Macron.\u00a0\u00bb<br \/>\n\u00ab\u00a0Macron a compris qu\u2019il y avait des enjeux de m\u00e9moire et des enjeux soci\u00e9taux autour de la question de la couleur et des discriminations raciales (\u2026). L\u00e0, il se retrouve face en difficult\u00e9 parce qu\u2019on est face \u00e0 un personnage, Napol\u00e9on, a eu des politiques d\u2019expansion probl\u00e9matique vis-\u00e0-vis d\u2019une domination coloniale. Il ne faut pas oublier que le grand projet c\u2019est de constituer un grand empire am\u00e9ricain \u00e0 partir de Saint-Domingue &#8211; aujourd\u2019hui devenu Ha\u00efti &#8211; avec la Floride, la Louisiane, la Guadeloupe, la Guyane. \u00bb<br \/>\n\u00ab\u00a0Ce danger de l\u2019expansion qui est un \u00e9chec pour Napol\u00e9on pose aujourd\u2019hui probl\u00e8me notamment pour la notion de nation et de souverainet\u00e9 et alors que la France joue encore un r\u00f4le militaire et pr\u00e9tend jouer encore militaire aussi important en Afrique.\u00a0De quel Napol\u00e9on Emmanuel Macron va-t-il parler \u00bb<\/p>\n<p><em>\u00a0<strong>Sur l\u2019h\u00e9ritage de Napol\u00e9on\u00a0<\/strong>\u00a0<\/em><br \/>\n\u00ab\u00a0Il y a des millions d\u2019ouvriers qui sont opprim\u00e9s et que l\u2019on fait taire avec le r\u00e9tablissement du carnet ouvrier. La moiti\u00e9 de la France qui sont des femmes font face \u00e0 la domination totale d\u2019un syst\u00e8me patriarcal voulu par un terme que ch\u00e9ri Napol\u00e9on c\u2019est-\u00e0-dire les notables.\u00a0\u00bb<br \/>\n\u00ab\u00a0Bonaparte est une cr\u00e9ature de la grande bourgeoisie fran\u00e7aise qui cherche une \u00e9p\u00e9e et qui pense trouver en lui une incarnation des institutions fran\u00e7aises.\u00a0\u00bb<br \/>\n\u00ab\u00a0Sous Napol\u00e9on, on a une soci\u00e9t\u00e9 tr\u00e8s fragment\u00e9e et tr\u00e8s binaire.\u00a0\u00bb<br \/>\n\u00ab\u00a0Avec Napol\u00e9on, on invente le c\u00e9sarisme contemporain c\u2019est-\u00e0-dire\u00a0 la figure du sauveur en face du peuple.\u00a0\u00bb<br \/>\n\u00ab\u00a0Il y a un Bonaparte du peuple, des notables et des militaires qui va fonctionner dans des imaginaires sans le personnage et va donner des cadeaux empoisonn\u00e9s \u00e0 tout le 19\u00e8 si\u00e8cle.\u00a0\u00bb<br \/>\n\u00ab\u00a0\u00c0 l\u2019\u00e9ch\u00e9ance de 2022, cette id\u00e9e d\u2019une extr\u00eame droite populaire est un h\u00e9ritage bonapartien dont on voit les d\u00e9g\u00e2ts aujourd\u2019hui.\u00a0\u00bb<br \/>\nSur le r\u00e9tablissement de l\u2019esclavage par Napol\u00e9on<br \/>\n\u00ab\u00a0Le jour qui a suivi la grande loi du 16 Pluvi\u00f4se de l\u2019an 2, c\u2019est-\u00e0-dire le 4 f\u00e9vrier 1794 quand, pour la premi\u00e8re fois dans les pays occidentaux, un Parlement, c\u2019est-\u00e0-dire les repr\u00e9sentants d\u2019une nation, abolit l\u2019esclavage, un d\u00e9put\u00e9 affirme que l\u2019esclavage est un crime contre l\u2019humanit\u00e9.\u00a0\u00bb\u00a0<br \/>\n\u00ab\u00a0Pour tous les gens conservateurs de droite qui avaient critiqu\u00e9 Mme Taubira en disant qu\u2019elle fait de l\u2019anachronisme parce qu\u2019\u00e0 cette \u00e9poque-l\u00e0, il aurait \u00e9t\u00e9 normal de consid\u00e9rer que la traite faisait partie des syst\u00e8mes \u00e9conomiques : ce n\u2019est pas vrai. Les Conventionnels ont exig\u00e9 de penser que l\u2019esclavage \u00e9tait un crime contre l\u2019humanit\u00e9 d\u00e8s 1794.\u00a0\u00bb<br \/>\n\u00ab\u00a0L\u2019abb\u00e9 Gr\u00e9goire, celui qui se qualifiait comme l\u2019ami des animaux, l\u2019ami des femmes, l\u2019ami des noirs, l\u2019ami de tous les domin\u00e9s, voulait que le mot esclave soit dans la loi pour ne pas confondre avec les libres de couleurs, c\u2019est-\u00e0-dire les noirs qui \u00e9taient d\u00e9j\u00e0 libres.\u00a0\u00bb<br \/>\n\u00ab\u00a0Huit ans apr\u00e8s cette abolition de l\u2019esclavage en 1794, une r\u00e9gression : jamais un pays ayant aboli l\u2019esclavage n\u2019est revenu dessus.\u00a0Or Bonaparte revient.\u00a0\u00bb<br \/>\n\u00ab Bonaparte n\u2019a pas forc\u00e9ment une pens\u00e9e raciste au sens o\u00f9 on l\u2019entend aujourd\u2019hui mais il a une pens\u00e9e racialiste au sens o\u00f9 il estime que l\u2019inf\u00e9riorisation des Africains est un fait civilisationnel contre lequel on ne peut rien : ce n\u2019est pas tant par la biologie que les Africains sont inf\u00e9rieurs que par l\u2019Histoire.\u00a0\u00bb<br \/>\n\u00ab\u00a0A l\u2019Institut, la classe des sciences morales et politiques lutte contre les pr\u00e9jug\u00e9s de couleur de races : Bonaparte va la fermer en 1802.\u00a0\u00bb<br \/>\n\u00ab\u00a0Le r\u00e9tablissement de l\u2019esclavage s\u2019inscrit dans un tout.\u00a0\u00bb<\/p>\n<p><em>\u00a0<strong>Sur le Code civil<\/em>\u00a0<\/strong><br \/>\n\u00ab\u00a0[L\u2019invention du Code civil par Napol\u00e9on] est une pure mystification.\u00a0\u00bb<br \/>\n\u00ab\u00a0Le Code p\u00e9nal ne date pas de 1808 mais de 1791 : c\u2019est l&#8217;\u0153uvre des premiers d\u00e9put\u00e9s constituants.\u00a0\u00bb<br \/>\n\u00ab\u00a0C\u2019est faux de dire que Napol\u00e9on a invent\u00e9 le Code civil : Cambac\u00e9r\u00e8s, un des p\u00e8res du Code civil, d\u00e8s 1794, pendant la Convention, commence \u00e0 faire voter les premiers actes du Code civil. Donc le Code civil a \u00e9t\u00e9 invent\u00e9 par les d\u00e9put\u00e9s r\u00e9volutionnaires et par les conventionnels.\u00a0\u00bb<br \/>\n\u00ab\u00a0Bonaparte est une cr\u00e9ature des fr\u00e8res Robespierre.\u00a0\u00bb<div id='gallery-1' class='gallery galleryid-12934 gallery-columns-3 gallery-size-thumbnail'><figure class='gallery-item'>\n\t\t\t<div class='gallery-icon landscape'>\n\t\t\t\t<a href='https:\/\/archives.regards.fr\/wp-content\/uploads\/2021\/05\/capture_d_e_cran_2021-05-05_a_12-a5e.02.07.png'><img loading=\"lazy\" decoding=\"async\" width=\"150\" height=\"150\" src=\"https:\/\/archives.regards.fr\/wp-content\/uploads\/2021\/05\/capture_d_e_cran_2021-05-05_a_12-a5e.02.07-150x150.png\" class=\"attachment-thumbnail size-thumbnail\" alt=\"capture_d_e_cran_2021-05-05_a_12.02.07.png\" \/><\/a>\n\t\t\t<\/div><\/figure>\n\t\t<\/div>\n<\/p>\n","protected":false},"excerpt":{"rendered":"<p>Qu\u2019a la gauche \u00e0 dire sur Napol\u00e9on ? Pierre Serna, historien, sp\u00e9cialiste de la R\u00e9volution fran\u00e7aise, est l\u2019invit\u00e9 de #LaMidinale.<\/p>\n","protected":false},"author":1204,"featured_media":30554,"comment_status":"open","ping_status":"open","sticky":false,"template":"","format":"standard","meta":{"_themeisle_gutenberg_block_has_review":false,"footnotes":""},"categories":[238],"tags":[293],"class_list":["post-12934","post","type-post","status-publish","format-standard","has-post-thumbnail","hentry","category-la-midinale","tag-entretien"],"_links":{"self":[{"href":"https:\/\/archives.regards.fr\/index.php?rest_route=\/wp\/v2\/posts\/12934","targetHints":{"allow":["GET"]}}],"collection":[{"href":"https:\/\/archives.regards.fr\/index.php?rest_route=\/wp\/v2\/posts"}],"about":[{"href":"https:\/\/archives.regards.fr\/index.php?rest_route=\/wp\/v2\/types\/post"}],"author":[{"embeddable":true,"href":"https:\/\/archives.regards.fr\/index.php?rest_route=\/wp\/v2\/users\/1204"}],"replies":[{"embeddable":true,"href":"https:\/\/archives.regards.fr\/index.php?rest_route=%2Fwp%2Fv2%2Fcomments&post=12934"}],"version-history":[{"count":0,"href":"https:\/\/archives.regards.fr\/index.php?rest_route=\/wp\/v2\/posts\/12934\/revisions"}],"wp:featuredmedia":[{"embeddable":true,"href":"https:\/\/archives.regards.fr\/index.php?rest_route=\/wp\/v2\/media\/30554"}],"wp:attachment":[{"href":"https:\/\/archives.regards.fr\/index.php?rest_route=%2Fwp%2Fv2%2Fmedia&parent=12934"}],"wp:term":[{"taxonomy":"category","embeddable":true,"href":"https:\/\/archives.regards.fr\/index.php?rest_route=%2Fwp%2Fv2%2Fcategories&post=12934"},{"taxonomy":"post_tag","embeddable":true,"href":"https:\/\/archives.regards.fr\/index.php?rest_route=%2Fwp%2Fv2%2Ftags&post=12934"}],"curies":[{"name":"wp","href":"https:\/\/api.w.org\/{rel}","templated":true}]}}