{"id":12931,"date":"2021-05-04T14:06:38","date_gmt":"2021-05-04T12:06:38","guid":{"rendered":"https:\/\/wp.muchomaas.com\/article-david-cormand-l-injonction-unitaire-est-une-forme-de-paresse-intellectuelle\/"},"modified":"2023-06-24T00:15:20","modified_gmt":"2023-06-23T22:15:20","slug":"article-david-cormand-l-injonction-unitaire-est-une-forme-de-paresse-intellectuelle","status":"publish","type":"post","link":"https:\/\/archives.regards.fr\/?p=12931","title":{"rendered":"David Cormand : \u00ab L&#8217;injonction unitaire est une forme de paresse intellectuelle \u00bb"},"content":{"rendered":"<p class=\"post_excerpt\">R\u00e9gionales, pr\u00e9sidentielle, loi climat, Verts allemands : o\u00f9 va l&#8217;\u00e9cologie politique ? David Cormand, d\u00e9put\u00e9 europ\u00e9en EELV, est l&#8217;invit\u00e9 de #LaMidinale.<\/p>\n<h2>UNE MIDINALE \u00c0 VOIR&#8230;<\/h2>\n<p><iframe loading=\"lazy\" width=\"490\" height=\"276\" src=\"https:\/\/www.youtube.com\/embed\/l8IQ7d1WuTo\" title=\"YouTube video player\" frameborder=\"0\" allow=\"accelerometer; autoplay; clipboard-write; encrypted-media; gyroscope; picture-in-picture\" allowfullscreen><\/iframe><\/p>\n<p>&nbsp;<\/p>\n<p><h2>ET \u00c0 LIRE&#8230;<\/h2>\n<p><em>\u00a0<strong>Sur les r\u00e9gionales dans les Hauts-de-France\u00a0<\/em>\u00a0<\/strong><br \/>\n\u00ab\u00a0C\u2019est jamais agr\u00e9able d\u2019avoir des sondages qui sont d\u00e9cevants.\u00a0Il faut les relativiser parce que le paysage politique est particuli\u00e8rement chamboul\u00e9. \u00bb<br \/>\n\u00ab La bonne nouvelle dans les Hauts-de-France, c\u2019est qu\u2019il y a une ligne claire qui est celle de l\u2019\u00e9cologie, du climat et de l\u2019emploi avec Karima Delli.\u00a0\u00bb<br \/>\n\u00ab\u00a0Karima Delli est une responsable politique qui est respect\u00e9e au niveau du Parlement europ\u00e9en.\u00a0\u00bb<br \/>\n\u00ab\u00a0Il faut que les choses se d\u00e9cantent.\u00a0\u00bb<br \/>\n\u00ab\u00a0Je n\u2019ai jamais \u00e9t\u00e9 un des croyants de la martingale unitaire.\u00a0\u00bb<br \/>\n\u00ab\u00a0L\u2019injonction unitaire est une forme de paresse intellectuelle par rapport \u00e0 ce qui arrive au paysage politique.\u00a0\u00bb<br \/>\n\u00ab\u00a0Ce n\u2019est pas un hasard si la gauche s\u2019effondre pas seulement en France mais en Europe et dans le monde.\u00a0Son mod\u00e8le id\u00e9ologique, la promesse social-d\u00e9mocrate est une promesse th\u00e9oriquement et id\u00e9ologiquement obsol\u00e8te et c\u2019est pour \u00e7a qu\u2019il faut en inventer une autre. \u00bb<br \/>\n\u00ab\u00a0La force propulsive pour lutter contre les droites qui se radicalisent, c\u2019est la promesse \u00e9cologiste qui peut permettre la victoire.\u00a0\u00bb<br \/>\n\u00ab\u00a0On a eu raison de faire l\u2019accord dans les Hauts-de-France &#8211; et j\u2019esp\u00e8re aussi bient\u00f4t en PACA &#8211; parce que ce sont des territoires o\u00f9 il faut faire front, \u00e0 condition que \u00e7a se fasse sur un ligne claire.\u00a0\u00bb<\/p>\n<p><em>\u00a0<strong>Sur l\u2019\u00e9lectorat populaire et l\u2019offre politique<\/em>\u00a0<\/strong><br \/>\n\u00ab\u00a0L\u2019\u00e9lectorat populaire a \u00e9t\u00e9 oubli\u00e9 par tout le monde depuis des d\u00e9cennies.\u00a0\u00bb<br \/>\n\u00ab\u00a0L\u2019\u00e9lectorat populaire consid\u00e8re que la politique est men\u00e9e par des gens qui ne se pr\u00e9occupent pas de leur sort.\u00a0\u00bb<br \/>\n\u00ab\u00a0Les classes populaires sont en premi\u00e8re ligne face au d\u00e9r\u00e8glement de notre soci\u00e9t\u00e9 et de notre mod\u00e8le de d\u00e9veloppement et de qualit\u00e9 environnementale.\u00a0\u00bb<br \/>\n\u00ab\u00a0Le pr\u00e9alable au rassemblement, c\u2019est d\u2019avoir un r\u00e9cit politique qui renoue le lien avec celles et ceux qui ont \u00e9t\u00e9 oubli\u00e9s.\u00a0\u00bb<br \/>\n\u00ab\u00a0\u00c7a n\u2019est pas le rabibochage de la social-d\u00e9mocratie d\u00e9compos\u00e9e sur un centre de gravit\u00e9 politique flou qui redonnera de la perspective politique.\u00a0\u00bb<br \/>\n\u00ab\u00a0C\u2019est la clart\u00e9 qui rassemble et c\u2019est l\u2019ambigu\u00eft\u00e9 qui divise.\u00a0\u00bb<br \/>\n\u00ab\u00a0Le projet \u00e9mancipateur du XXI\u00e8 si\u00e8cle c\u2019est autour de la matrice et de l\u2019imaginaire \u00e9cologistes qu\u2019il faut le construire.\u00a0\u00bb<br \/>\n\u00ab\u00a0Le champ de bataille politique o\u00f9 va se structurer le d\u00e9bat et les conflictualit\u00e9s va \u00eatre la question \u00e9cologique.\u00a0\u00bb<\/p>\n<p><em>\u00a0<strong>Sur l\u2019hypoth\u00e8se d\u2019une victoire de Marine Le Pen\u00a0<\/em>\u00a0<\/strong><br \/>\n\u00ab\u00a0C\u2019est une hypoth\u00e8se possible et d\u2019une certaine fa\u00e7on, probable.\u00a0\u00bb<br \/>\n\u00ab\u00a0La mont\u00e9e de l\u2019extr\u00eame droite et l\u2019\u00e9mergence \u00e9lectorale de l\u2019extr\u00eame droite est un sympt\u00f4me des crises.\u00a0Elle n\u2019est pas une r\u00e9ponse aux crises, elle est un sympt\u00f4me. \u00bb<br \/>\n\u00ab\u00a0L\u2019extr\u00eame droite peut prendre le pouvoir (\u2026).\u00a0Il faut \u00eatre lucide sur ce risque.\u00a0\u00bb<br \/>\n\u00ab\u00a0Il y a une grande confusion dans le d\u00e9bat public o\u00f9 les militants antiracistes sont tax\u00e9s de racisme.\u00a0\u00bb<br \/>\n\u00ab\u00a0Il faut mener la bataille culturelle.\u00a0\u00bb<\/p>\n<p><em>\u00a0<strong>Sur la loi climat et r\u00e9silience<\/em>\u00a0<\/strong><br \/>\n\u00ab\u00a0On sait combien de million de tonnes de CO2 il faut arr\u00eater d\u2019\u00e9mettre pour respecter les 1,5 degr\u00e9 pour que la plan\u00e8te terre reste viable pour notre civilisation.\u00a0\u00bb<br \/>\n\u00ab\u00a0Cette loi, et \u00e7a n\u2019est pas seulement les ONG et les \u00e9colos qui le disent, c\u2019est aussi les scientifiques, n\u2019est qu\u2019\u00e0 10% de ce qu\u2019il faudrait faire.\u00a0On est en retard. \u00bb<br \/>\n\u00ab\u00a0Tous les voyants sont au rouge. Les cons\u00e9quences sont terribles pour la vie sur terre.\u00a0\u00bb<br \/>\n\u00ab\u00a0LREM a un rapport \u00e0 la loi qui n\u2019est pas prescriptrice.\u00a0Il faut donner des cadres l\u00e9gislatifs extr\u00eamement pr\u00e9cis et contraignants. \u00bb<br \/>\n\u00ab Les r\u00e9gions n\u2019ont pas d\u2019autonomie fiscale donc faire une fiscalit\u00e9 propre aux r\u00e9gions est une bonne id\u00e9e. Mais dans la concurrence entre les diff\u00e9rents territoires, je pense que tout ce qui rel\u00e8ve de la fiscalit\u00e9 carbone et de la fiscalit\u00e9 des plus riches doit \u00eatre fait \u00e0 un niveau macro.\u00a0\u00bb<br \/>\n\u00ab\u00a0Pour la question \u00e9cologique, il faut une fiscalit\u00e9 macro. Aujourd\u2019hui, on a le sentiment que l\u2019Etat se d\u00e9charge sur les r\u00e9gions en assumant pas cette fiscalit\u00e9 mais en ne l\u2019emp\u00eachant pas.\u00a0\u00bb<br \/>\n\u00ab\u00a0L\u2019\u00e9cologie est un paradoxe : \u00e0 la fois c\u2019est consensuel &#8211; il faut sauver la vie sur terre (\u2026) &#8211; mais pour y parvenir \u00e7a n\u2019est plus consensuel. Et d\u2019ailleurs, l\u2019\u00e9cologie structure les conflictualit\u00e9s.\u00a0\u00bb<br \/>\n\u00ab\u00a0Barbara Pompilli a une vision de l\u2019\u00e9cologie qui ne devrait d\u00e9ranger personne alors que l\u2019\u00e9cologie devrait d\u00e9ranger les puissances dominantes.\u00a0\u00bb<\/p>\n<p><em>\u00a0<strong>Sur les \u00e9cologistes allemands<\/em>\u00a0<\/strong><br \/>\n\u00ab\u00a0L\u2019Allemagne a un autre mod\u00e8le institutionnel que la France.\u00a0\u00bb\u00a0<br \/>\n\u00ab\u00a0En France, il n\u2019y a pas de culture de coalition contrairement \u00e0 beaucoup d\u2019autres d\u00e9mocraties parlementaires.\u00a0\u00bb<br \/>\n\u00ab\u00a0En politique, il faut assumer des conflictualit\u00e9s en construisant des majorit\u00e9s autour d\u2019un programme lisible.\u00a0\u00bb<br \/>\n\u00ab\u00a0Quand on rejette le pr\u00e9-projet des verts allemands, il y a des marqueurs qui ne sont pas du tout centristes.\u00a0\u00bb\u00a0<div id='gallery-1' class='gallery galleryid-12931 gallery-columns-3 gallery-size-thumbnail'><figure class='gallery-item'>\n\t\t\t<div class='gallery-icon landscape'>\n\t\t\t\t<a href='https:\/\/archives.regards.fr\/wp-content\/uploads\/2021\/05\/capture_d_e_cran_2021-05-04_a_13-d41.53.52.png'><img loading=\"lazy\" decoding=\"async\" width=\"150\" height=\"150\" src=\"https:\/\/archives.regards.fr\/wp-content\/uploads\/2021\/05\/capture_d_e_cran_2021-05-04_a_13-d41.53.52-150x150.png\" class=\"attachment-thumbnail size-thumbnail\" alt=\"capture_d_e_cran_2021-05-04_a_13.53.52.png\" \/><\/a>\n\t\t\t<\/div><\/figure>\n\t\t<\/div>\n<\/p>\n","protected":false},"excerpt":{"rendered":"<p>R\u00e9gionales, pr\u00e9sidentielle, loi climat, Verts allemands : o\u00f9 va l&#8217;\u00e9cologie politique ? David Cormand, d\u00e9put\u00e9 europ\u00e9en EELV, est l&#8217;invit\u00e9 de #LaMidinale.<\/p>\n","protected":false},"author":1039,"featured_media":30552,"comment_status":"open","ping_status":"open","sticky":false,"template":"","format":"standard","meta":{"_themeisle_gutenberg_block_has_review":false,"footnotes":""},"categories":[238],"tags":[],"class_list":["post-12931","post","type-post","status-publish","format-standard","has-post-thumbnail","hentry","category-la-midinale"],"_links":{"self":[{"href":"https:\/\/archives.regards.fr\/index.php?rest_route=\/wp\/v2\/posts\/12931","targetHints":{"allow":["GET"]}}],"collection":[{"href":"https:\/\/archives.regards.fr\/index.php?rest_route=\/wp\/v2\/posts"}],"about":[{"href":"https:\/\/archives.regards.fr\/index.php?rest_route=\/wp\/v2\/types\/post"}],"author":[{"embeddable":true,"href":"https:\/\/archives.regards.fr\/index.php?rest_route=\/wp\/v2\/users\/1039"}],"replies":[{"embeddable":true,"href":"https:\/\/archives.regards.fr\/index.php?rest_route=%2Fwp%2Fv2%2Fcomments&post=12931"}],"version-history":[{"count":0,"href":"https:\/\/archives.regards.fr\/index.php?rest_route=\/wp\/v2\/posts\/12931\/revisions"}],"wp:featuredmedia":[{"embeddable":true,"href":"https:\/\/archives.regards.fr\/index.php?rest_route=\/wp\/v2\/media\/30552"}],"wp:attachment":[{"href":"https:\/\/archives.regards.fr\/index.php?rest_route=%2Fwp%2Fv2%2Fmedia&parent=12931"}],"wp:term":[{"taxonomy":"category","embeddable":true,"href":"https:\/\/archives.regards.fr\/index.php?rest_route=%2Fwp%2Fv2%2Fcategories&post=12931"},{"taxonomy":"post_tag","embeddable":true,"href":"https:\/\/archives.regards.fr\/index.php?rest_route=%2Fwp%2Fv2%2Ftags&post=12931"}],"curies":[{"name":"wp","href":"https:\/\/api.w.org\/{rel}","templated":true}]}}