{"id":12927,"date":"2021-05-03T09:58:00","date_gmt":"2021-05-03T07:58:00","guid":{"rendered":"https:\/\/wp.muchomaas.com\/article-edito-a-droite-extreme-toute\/"},"modified":"2021-05-03T09:58:00","modified_gmt":"2021-05-03T07:58:00","slug":"article-edito-a-droite-extreme-toute","status":"publish","type":"post","link":"https:\/\/archives.regards.fr\/?p=12927","title":{"rendered":"\u00c0 droite extr\u00eame toute !"},"content":{"rendered":"<p class=\"post_excerpt\">\u00c7a fait d\u00e9j\u00e0 un bon moment que le Rassemblement national de Marine Le Pen donne le <em>La<\/em> du d\u00e9bat public. La gauche s\u2019y engouffre parfois \u2013 notamment sur les questions d\u2019identit\u00e9, de migration ou de la\u00efcit\u00e9 en y apportant parfois les r\u00e9ponses de la droite la plus radicale \u2013 et la droite ne fait m\u00eame plus semblant de suivre les pas de l\u2019extr\u00eame droite. <\/p>\n<p>Difficile de faire plus clair lorsqu\u2019\u00c9ric Ciotti d\u00e9clare, il y a quelques jours : <em>\u00ab Ce qui nous s\u00e9pare avec le RN c\u2019est notre capacit\u00e9 \u00e0 gouverner \u00bb<\/em>. Pour le d\u00e9put\u00e9 LR, plus rien ne semble s\u00e9parer le RN des LR sur le fond.<\/p>\n<p>Les R\u00e9publicains de Bourgogne viennent m\u00eame de sceller un accord pour les \u00e9lections r\u00e9gionales avec le mouvement de Nicolas Dupont-Aignan, Debout la France. Celui-l\u00e0 m\u00eame qui aurait d\u00fb devenir Premier ministre de Marine Le Pen si elle avait \u00e9t\u00e9 \u00e9lue en 2017 \u2013 selon la promesse de la candidate du \u00ab Rassemblement bleue Marine \u00bb \u2013, ne sait plus vraiment o\u00f9 il habite. L\u2019heure est donc aux combines \u00e9lectorales.<\/p>\n<p>&nbsp;<\/p>\n<p>\n<strong>LIRE AUSSI SUR REGARDS.FR<br \/>\n>><\/strong> <em><a href=\"https:\/\/wp.muchomaas.com\/politique\/article\/edito-macronisation-du-lepenisme-et-lepenisation-du-macronisme\">Macronisation du lep\u00e9nisme et lep\u00e9nisation du macronisme<\/a><\/em><\/p>\n<p>&nbsp;<\/p>\n<p>M\u00eames combines en \u00cele-de-France o\u00f9 la candidate sortante, Val\u00e9rie P\u00e9cresse, sans chercher un accord avec Jordan Bardella \u2013 t\u00eate de liste du Rassemblement national et cr\u00e9dit\u00e9 de 19% des intentions de vote dans un dernier sondage \u2013 s\u2019essaie au jeu du plus-droite-que-moi-tu-meures : <em>\u00ab Il faut cesser de nier le lien entre terrorisme et immigration. Il y a un lien \u00bb<\/em>, a-t-elle assur\u00e9 dans Le Grand Rendez-vous d\u2019Europe 1, CNews et <em>Le Figaro<\/em>. Thierry Mariani a \u00e9t\u00e9 pr\u00e9curseur. Et l\u2019ex-UMP est d\u00e9sormais candidat RN en PACA. Ses chances de victoire suscitent d\u2019ailleurs de vives tensions : Renaud Muselier (pr\u00e9sident sortant LR), apr\u00e8s avoir scell\u00e9 un accord avec LREM, vient de se voir retirer son investiture par le patron des LR. La droite risque de se diviser. Et le RN m\u00e8ne joyeusement la danse.<\/p>\n<p>\u00c0 gauche, on d\u00e9livre aussi des brevets en respectabilit\u00e9 de la pr\u00e9sidente du RN. Ainsi, selon Julien Dray, secr\u00e9taire national du Parti socialiste \u2013 responsable de la prospective \u2013, Marine Le Pen n\u2019est pas <em>\u00ab de m\u00eame nature \u00bb<\/em> que son p\u00e8re : <em>\u00ab Je pense que ce n\u2019est pas la m\u00eame chose. Je vais aller jusqu\u2019au bout, on diabolisait le Front national de Jean-Marie Le Pen parce qu\u2019il faisait lui-m\u00eame r\u00e9f\u00e9rence \u00e0 des parties de l\u2019histoire qui \u00e9taient diaboliques. Ce n\u2019est pas le cas de Marine Le Pen \u00bb<\/em>, a-t-il sugg\u00e9r\u00e9 sur CNews. Le m\u00e9dia de propagande de l\u2019extr\u00eame droite agit sur ses propres chroniqueurs : les quelques rares cautions de \u00ab gauche \u00bb de la cha\u00eene en sont r\u00e9duites \u00e0 devoir dire du bien de la favorite de Bollor\u00e9 (le patron de CNews). Olivier Faure a tout de suite recadr\u00e9 celui que l\u2019on surnomme le \u00ab baron noir \u00bb. Et pour son camarade Boris Vallaud, d\u00e9put\u00e9 des Landes : <em>\u00ab L&#8217;extr\u00eame droite, c&#8217;est l&#8217;extr\u00eame droite, peu importe qui la repr\u00e9sente \u00bb<\/em>. Voil\u00e0 qui est dit et bien dit. Mais le mal est fait. Le mal est fait aussi quand une partie de la gauche \u2013 ou pr\u00e9tendument de gauche \u2013 tente de se construire une \u00ab cr\u00e9dibilit\u00e9 \u00bb ou plut\u00f4t estime donner des gages de \u00ab responsabilit\u00e9 \u00bb en apportant les m\u00eames r\u00e9ponses aux \u00ab bonnes questions \u00bb que se poseraient Marine Le Pen et ses amis. Cette gauche qui oublie parfois d&#8217;\u00eatre de gauche. Qui n\u2019assume pas vraiment \u00eatre de gauche. Qui pr\u00e9f\u00e8re taper, cogner et soup\u00e7onner ses petits camarades \u00e0 coup de \u00ab \u00eates-vous bien r\u00e9publicains \u00bb ?  <\/p>\n<p>Tous les sondages sont inqui\u00e9tants. Marine Le Pen, en plus de surclasser les candidats \u2013 ou pr\u00e9tendus candidats \u00e0 la pr\u00e9sidentielle \u2013 semble gagner en \u00ab cr\u00e9dibilit\u00e9 \u00bb. Elle progresse de mani\u00e8re significative sur les indicateurs de \u00ab bonnes opinions \u00bb ou de \u00ab confiance \u00bb. Et elle est de moins en moins per\u00e7ues comme une candidate \u00ab extr\u00eame \u00bb et \u00ab non r\u00e9publicaine \u00bb. C\u2019est un cercle vicieux. Tout le monde, ou presque, estime aujourd\u2019hui qu\u2019elle peut devenir la prochaine pr\u00e9sidente de la R\u00e9publique. Et rien qu\u2019en le disant, on se l\u2019imagine, on se le projette \u2013 tel un cauchemar \u2013 et on participe de la construction d\u2019une cr\u00e9dibilit\u00e9 politique. Et donc de sa probable victoire. Le fameux \u00ab on fait le jeu de \u00bb. Dans le m\u00eame temps, nier cette hypoth\u00e8se serait irresponsable. Parce que si Marine Le Pen a l\u2019art de s\u2019autod\u00e9truire lors des campagnes \u00e9lectorales \u2013 elle \u00e9tait cr\u00e9dit\u00e9e de 26% et a recueilli 21,3% des suffrages en 2017 \u2013 il y a fort \u00e0 parier que, pour cette fois, les le\u00e7ons sont bien retenues. Le message du 1er mai <a href=\"https:\/\/twitter.com\/MLP_officiel\/status\/1388425585848901632\">adress\u00e9<\/a> \u00e0 la jeunesse depuis son compte Twitter en \u00e9tait un parfait exemple. Et peut-\u00eatre que si on n\u2019avait pas la gauche la plus b\u00eate du monde, c\u2019est-\u00e0-dire une gauche qui s\u2019assume \u00eatre de gauche, une gauche qui porterait un projet cr\u00e9dible, s\u2019adressant aux classes populaires \u2013 qui ont le plus \u00e0 perdre avec la droite ou l\u2019extr\u00eame droite au pouvoir \u2013, peut-\u00eatre alors qu\u2019on n\u2019en serait pas \u00e0 tergiverser sur les probables victoires de l\u2019extr\u00eame droite \u00e0 venir. <\/p>\n<p>&nbsp;<\/p>\n<p>\n<a href=\"https:\/\/wp.muchomaas.com\/auteur\/pierre-jacquemain\"><strong>Pierre Jacquemain<\/strong><\/a><\/p>\n","protected":false},"excerpt":{"rendered":"<p>\u00c7a fait d\u00e9j\u00e0 un bon moment que le Rassemblement national de Marine Le Pen donne le <em>La<\/em> du d\u00e9bat public. La gauche s\u2019y engouffre parfois \u2013 notamment sur les questions d\u2019identit\u00e9, de migration ou de la\u00efcit\u00e9 en y apportant parfois les r\u00e9ponses de la droite la plus radicale \u2013 et la droite ne fait m\u00eame plus semblant de suivre les pas de l\u2019extr\u00eame droite. <\/p>\n","protected":false},"author":1039,"featured_media":0,"comment_status":"open","ping_status":"open","sticky":false,"template":"","format":"standard","meta":{"_themeisle_gutenberg_block_has_review":false,"footnotes":""},"categories":[6],"tags":[357,355],"class_list":["post-12927","post","type-post","status-publish","format-standard","hentry","category-actu","tag-chronique","tag-extreme-droite"],"_links":{"self":[{"href":"https:\/\/archives.regards.fr\/index.php?rest_route=\/wp\/v2\/posts\/12927","targetHints":{"allow":["GET"]}}],"collection":[{"href":"https:\/\/archives.regards.fr\/index.php?rest_route=\/wp\/v2\/posts"}],"about":[{"href":"https:\/\/archives.regards.fr\/index.php?rest_route=\/wp\/v2\/types\/post"}],"author":[{"embeddable":true,"href":"https:\/\/archives.regards.fr\/index.php?rest_route=\/wp\/v2\/users\/1039"}],"replies":[{"embeddable":true,"href":"https:\/\/archives.regards.fr\/index.php?rest_route=%2Fwp%2Fv2%2Fcomments&post=12927"}],"version-history":[{"count":0,"href":"https:\/\/archives.regards.fr\/index.php?rest_route=\/wp\/v2\/posts\/12927\/revisions"}],"wp:attachment":[{"href":"https:\/\/archives.regards.fr\/index.php?rest_route=%2Fwp%2Fv2%2Fmedia&parent=12927"}],"wp:term":[{"taxonomy":"category","embeddable":true,"href":"https:\/\/archives.regards.fr\/index.php?rest_route=%2Fwp%2Fv2%2Fcategories&post=12927"},{"taxonomy":"post_tag","embeddable":true,"href":"https:\/\/archives.regards.fr\/index.php?rest_route=%2Fwp%2Fv2%2Ftags&post=12927"}],"curies":[{"name":"wp","href":"https:\/\/api.w.org\/{rel}","templated":true}]}}