{"id":12921,"date":"2021-04-29T12:19:41","date_gmt":"2021-04-29T10:19:41","guid":{"rendered":"https:\/\/wp.muchomaas.com\/article-quentin-parrinello-les-criteres-de-fixation-des-salaires-des-patrons-se-font-au\/"},"modified":"2023-06-24T00:15:07","modified_gmt":"2023-06-23T22:15:07","slug":"article-quentin-parrinello-les-criteres-de-fixation-des-salaires-des-patrons-se-font-au","status":"publish","type":"post","link":"https:\/\/archives.regards.fr\/?p=12921","title":{"rendered":"\u00ab Les crit\u00e8res de fixation des salaires des patrons se font au d\u00e9triment des enjeux climatiques \u00bb"},"content":{"rendered":"<p class=\"post_excerpt\">Mardi 27 avril, Oxfam France a publi\u00e9 une note sur la r\u00e9mun\u00e9ration des PDG du CAC 40 dont l&#8217;indexation sur des objectifs de long-terme comme la lutte contre le r\u00e9chauffement climatique est tr\u00e8s relative. Quentin Parrinello, charg\u00e9 de plaidoyer pour l&#8217;ONG, est l&#8217;invit\u00e9 de #LaMidinale.<\/p>\n<h2>UNE MIDINALE \u00c0 VOIR&#8230;<\/h2>\n<p><iframe loading=\"lazy\" width=\"490\" height=\"276\" src=\"https:\/\/www.youtube.com\/embed\/Nd9cdzChcBo\" title=\"YouTube video player\" frameborder=\"0\" allow=\"accelerometer; autoplay; clipboard-write; encrypted-media; gyroscope; picture-in-picture\" allowfullscreen><\/iframe><\/p>\n<p>&nbsp;<\/p>\n<p><h2>ET \u00c0 LIRE&#8230;<\/h2>\n<p><em>\u00a0<strong>Sur les crit\u00e8res financiers des salaires des grands patrons<\/em>\u00a0<\/strong><br \/>\n\u00ab\u00a0La r\u00e9mun\u00e9ration d\u2019un PDG est divis\u00e9e en deux : une partie fixe et une partie variable qui est bas\u00e9e sur des crit\u00e8res de performance financiers et non financiers &#8211; sociaux, environnementaux ou climatiques.\u00a0\u00bb<br \/>\n\u00ab\u00a0Il y a une surrepr\u00e9sentation des crit\u00e8res financiers puisque l\u2019ensemble de la r\u00e9mun\u00e9ration moyenne des PDG du CAC40 p\u00e8se deux tiers alors que les crit\u00e8res non financiers p\u00e8sent 10%.\u00a0\u00bb<br \/>\n\u00ab\u00a0On a des PDG qui sont incit\u00e9s \u00e0 se pr\u00e9occuper du court terme au d\u00e9triment des sujets de plus long terme comme le sujet climatique ou le virage \u00e9cologique des entreprises.\u00a0\u00bb<\/p>\n<p><em>\u00a0<strong>Sur les crit\u00e8res sociaux et environnementaux des entreprises<\/em>\u00a0<\/strong><br \/>\n\u00ab\u00a0Le fait d\u2019indexer une plus grande partie de la r\u00e9mun\u00e9ration des PDG sur des sujets non financiers peut inciter les entreprises \u00e0 s\u2019occuper des sujets sociaux et environnementaux.\u00a0Pour autant, \u00e7a n\u2019est pas suffisant parce qu\u2019il faudrait dans le m\u00eame temps s\u2019attaquer \u00e0 la structure des actionnaires sp\u00e9culateurs et redonner de la voix aux salari\u00e9s des entreprises. \u00bb<br \/>\n\u00ab\u00a0Le PDG a un regard direct sur l\u2019ensemble des crit\u00e8res financiers et non financiers (\u2026). Ce n&#8217;est pas les syndicats ou les parties prenantes qui fixent les priorit\u00e9s de l\u2019entreprise.\u00a0\u00bb<\/p>\n<p><em>\u00a0<strong>Sur les propositions d\u2019Oxfam<\/em>\u00a0<\/strong><br \/>\n\u00ab\u00a0Les r\u00e9mun\u00e9rations variables de performances &#8211; notamment les r\u00e9mun\u00e9rations financi\u00e8res &#8211; font exploser les \u00e9carts de salaires et comme dans ces variables il y a une surrepr\u00e9sentation des crit\u00e8res financiers \u00e0 court terme, elles incitent les PDG \u00e0 s\u2019occuper d\u2019une rentabilit\u00e9 financi\u00e8re \u00e0 tr\u00e8s court terme au d\u00e9triment des sujets de plus long terme comme le climat.\u00a0\u00bb<br \/>\n\u00ab\u00a0S\u2019attaquer \u00e0 la structure de la r\u00e9mun\u00e9ration des PDG et aux variables financi\u00e8res c\u2019est s\u2019attaquer aux deux sujets d\u2019\u00e9carts de salaires et de rentabilit\u00e9 \u00e0 court terme.\u00a0\u00bb<br \/>\n\u00ab On propose de r\u00e9duire drastiquement la variable pour qu\u2019elle rentre dans un \u00e9cart de salaires de 1 \u00e0 20. Il y a des d\u00e9bats sur le taux g\u00e9n\u00e9ral mais l\u2019objectif final c&#8217;est de dire qu\u2019il faut encadrer les \u00e9carts de salaires.\u00a0\u00bb<br \/>\n\u00ab\u00a0On a un probl\u00e8me de financiarisation de l\u2019\u00e9conomie des entreprises du CAC 40.\u00a0\u00bb<br \/>\n\u00ab\u00a0Il faut remettre l\u2019actionnaire \u00e0 sa place, c\u2019est-\u00e0-dire un financeur de l\u2019entreprise au milieu d\u2019autres parties prenantes dans une entreprise qui n\u2019est pas simplement la propri\u00e9t\u00e9 des actionnaires mais qui est une aventure commune &#8211; y compris des salari\u00e9s.\u00a0\u00bb<\/p>\n<p><em>\u00a0<strong>Sur le r\u00f4le des entreprises\u00a0<\/em>\u00a0<\/strong><br \/>\n\u00ab\u00a0Certains nous expliquent qu\u2019elles font mieux qu\u2019avant mais il faut aller beaucoup plus vite. L\u2019autor\u00e9gulation des entreprises ne va pas assez vite parce qu\u2019on est face \u00e0 un imp\u00e9ratif climatique.\u00a0\u00bb<br \/>\n\u00ab\u00a0Oxfam appelle \u00e0 une r\u00e9gulation sur les sujets de structure de r\u00e9mun\u00e9ration des PDG pour r\u00e9guler les \u00e9carts de salaires mais aussi les crit\u00e8res de r\u00e9mun\u00e9ration des PDG.\u00a0\u00bb<br \/>\n\u00ab\u00a0Il y a une directive qui s\u2019appelle \u2018gouvernance durable\u2019 et qui va \u00eatre discut\u00e9e dans les prochaines semaines et les prochains mois au niveau europ\u00e9en et qui devrait permettre de lancer le d\u00e9bat sur ces sujets.\u00a0\u00bb<br \/>\n\u00ab\u00a0Oxfam demande deux choses sur la question de la structure de r\u00e9mun\u00e9ration des PDG : premi\u00e8rement, que la part financi\u00e8re dans les crit\u00e8res de r\u00e9mun\u00e9ration ne d\u00e9passe pas la moiti\u00e9 de la r\u00e9mun\u00e9ration totale des PDG et d\u2019autre part qu\u2019on arr\u00eate d\u2019avoir des crit\u00e8res qui sont index\u00e9s sur la satisfaction des actionnaires.\u00a0\u00bb<br \/>\n\u00ab\u00a0Il est beaucoup plus rentable pour un PDG de s\u2019occuper des int\u00e9r\u00eats des actionnaires que de s\u2019occuper des enjeux climatiques.\u00a0\u00bb<br \/>\n\u00ab\u00a0Il faut que le l\u00e9gislateur se pose la question de la qualit\u00e9 des crit\u00e8res non financiers\u00a0\u00bb<\/p>\n<p><em>\u00a0<strong>Les entreprises meilleures alli\u00e9es dans la lutte contre le r\u00e9chauffement climatique ?<\/em>\u00a0<\/strong><br \/>\n\u00ab\u00a0On va avoir besoin que les entreprises changent leur mod\u00e8le \u00e9conomique donc on va avoir besoin de leur parler.\u00a0\u00bb<br \/>\n\u00ab\u00a0Si on comptait sur l\u2019autor\u00e9gulation, on ne demanderait pas une directive.\u00a0\u00bb<br \/>\n\u00ab\u00a0Il y a un d\u00e9calage entre l\u2019ensemble des campagnes de publicit\u00e9 de ces entreprises qui disent prendre le sujet climatique \u00e0 bras-le-corps et leur mod\u00e8le \u00e9conomique climaticide.\u00a0\u00bb<br \/>\n\u00ab\u00a0Si on a un CAC40 qui nous emm\u00e8ne vers une trajectoire de r\u00e9chauffement climatique \u00e0 3,5\u00b0 d\u2019ici 2010, c\u2019est aussi parce que les dirigeants de ces entreprises sont incit\u00e9s \u00e0 privil\u00e9gier le court-terme et les inter\u00eats de quelques gros actionnaires.\u00a0\u00bb<br \/>\n\u00ab\u00a0Il va falloir aller r\u00e9guler mais on ne pourra pas simplement dire : il faut que l\u2019Etat investisse dans la transition \u00e9cologique. Il faut aussi transformer les entreprises.\u00a0\u00bb<\/p>\n<p><em>\u00a0<strong>Sur la lutte contre les in\u00e9galit\u00e9s<\/em>\u00a0<\/strong><br \/>\n\u00ab\u00a0On a r\u00e9ussi \u00e0 mettre le sujets des in\u00e9galit\u00e9s sur le devant de la sc\u00e8ne politique.\u00a0\u00bb<br \/>\n\u00ab\u00a0Le probl\u00e8me n\u2019est pas seulement l\u2019existence de personnes pr\u00e9caires mais il y a un mod\u00e8le \u00e9conomique qui cr\u00e9e des personnes extr\u00eamement riches et d\u2019autres extr\u00eamement pr\u00e9caires parce  qu\u2019il y a des d\u00e9cisions politiques qui concentrent les richesses entre les mains de quelques uns au d\u00e9triment des autres.\u00a0\u00bb<br \/>\n\u00ab\u00a0Le r\u00f4le d\u2019une ONG comme Oxfam, c\u2019est de dire que les in\u00e9galit\u00e9s ne sont pas une fatalit\u00e9, ce n\u2019est pas naturel, c\u2019est le r\u00e9sultat de choix politiques.\u00a0\u00bb<br \/>\n\u00ab\u00a0Il y a un enjeu \u00e0 repolitiser le sujet des in\u00e9galit\u00e9s et du changement climatique : c\u2019est notre mod\u00e8le \u00e9conomique qui cr\u00e9e du r\u00e9chauffement climatique.\u00a0\u00bb<div id='gallery-1' class='gallery galleryid-12921 gallery-columns-3 gallery-size-thumbnail'><figure class='gallery-item'>\n\t\t\t<div class='gallery-icon landscape'>\n\t\t\t\t<a href='https:\/\/archives.regards.fr\/wp-content\/uploads\/2021\/04\/capture_d_e_cran_2021-04-29_a_12-b4d.13.43.png'><img loading=\"lazy\" decoding=\"async\" width=\"150\" height=\"150\" src=\"https:\/\/archives.regards.fr\/wp-content\/uploads\/2021\/04\/capture_d_e_cran_2021-04-29_a_12-b4d.13.43-150x150.png\" class=\"attachment-thumbnail size-thumbnail\" alt=\"capture_d_e_cran_2021-04-29_a_12.13.43.png\" \/><\/a>\n\t\t\t<\/div><\/figure>\n\t\t<\/div>\n<\/p>\n","protected":false},"excerpt":{"rendered":"<p>Mardi 27 avril, Oxfam France a publi\u00e9 une note sur la r\u00e9mun\u00e9ration des PDG du CAC 40 dont l&#8217;indexation sur des objectifs de long-terme comme la lutte contre le r\u00e9chauffement climatique est tr\u00e8s relative. Quentin Parrinello, charg\u00e9 de plaidoyer pour l&#8217;ONG, est l&#8217;invit\u00e9 de #LaMidinale.<\/p>\n","protected":false},"author":1204,"featured_media":30537,"comment_status":"open","ping_status":"open","sticky":false,"template":"","format":"standard","meta":{"_themeisle_gutenberg_block_has_review":false,"footnotes":""},"categories":[238],"tags":[293],"class_list":["post-12921","post","type-post","status-publish","format-standard","has-post-thumbnail","hentry","category-la-midinale","tag-entretien"],"_links":{"self":[{"href":"https:\/\/archives.regards.fr\/index.php?rest_route=\/wp\/v2\/posts\/12921","targetHints":{"allow":["GET"]}}],"collection":[{"href":"https:\/\/archives.regards.fr\/index.php?rest_route=\/wp\/v2\/posts"}],"about":[{"href":"https:\/\/archives.regards.fr\/index.php?rest_route=\/wp\/v2\/types\/post"}],"author":[{"embeddable":true,"href":"https:\/\/archives.regards.fr\/index.php?rest_route=\/wp\/v2\/users\/1204"}],"replies":[{"embeddable":true,"href":"https:\/\/archives.regards.fr\/index.php?rest_route=%2Fwp%2Fv2%2Fcomments&post=12921"}],"version-history":[{"count":0,"href":"https:\/\/archives.regards.fr\/index.php?rest_route=\/wp\/v2\/posts\/12921\/revisions"}],"wp:featuredmedia":[{"embeddable":true,"href":"https:\/\/archives.regards.fr\/index.php?rest_route=\/wp\/v2\/media\/30537"}],"wp:attachment":[{"href":"https:\/\/archives.regards.fr\/index.php?rest_route=%2Fwp%2Fv2%2Fmedia&parent=12921"}],"wp:term":[{"taxonomy":"category","embeddable":true,"href":"https:\/\/archives.regards.fr\/index.php?rest_route=%2Fwp%2Fv2%2Fcategories&post=12921"},{"taxonomy":"post_tag","embeddable":true,"href":"https:\/\/archives.regards.fr\/index.php?rest_route=%2Fwp%2Fv2%2Ftags&post=12921"}],"curies":[{"name":"wp","href":"https:\/\/api.w.org\/{rel}","templated":true}]}}