{"id":12920,"date":"2021-04-28T13:03:03","date_gmt":"2021-04-28T11:03:03","guid":{"rendered":"https:\/\/wp.muchomaas.com\/article-dominique-vidal-netanyahou-veut-provoquer-une-troisieme-intifada-pour-sauver\/"},"modified":"2023-06-24T00:15:06","modified_gmt":"2023-06-23T22:15:06","slug":"article-dominique-vidal-netanyahou-veut-provoquer-une-troisieme-intifada-pour-sauver","status":"publish","type":"post","link":"https:\/\/archives.regards.fr\/?p=12920","title":{"rendered":"Dominique Vidal : \u00ab Netanyahou veut provoquer une troisi\u00e8me intifada pour sauver son tr\u00f4ne \u00bb"},"content":{"rendered":"<p class=\"post_excerpt\">Des Juifs isra\u00e9liens d&#8217;extr\u00eame droite manifestent aux cris de <em>\u00ab Mort aux Arabes \u00bb<\/em>, des Palestiniens r\u00e9pondent \u00e0 la provocation et tentent de s&#8217;opposer \u00e0 leurs marches : c&#8217;est l&#8217;escalade de violences \u00e0 laquelle est confront\u00e9e Isra\u00ebl depuis une semaine. D&#8217;autant que mardi, l&#8217;ONG Human Rights Watch a publi\u00e9 un rapport qualifiant d&#8217;apartheid la situation isra\u00e9lienne. Pour en parler, Dominique Vidal, journaliste et historien sp\u00e9cialiste du Proche-Orient, est l&#8217;invit\u00e9 de #LaMidinale.<\/p>\n<h2>UNE MIDINALE \u00c0 VOIR&#8230;<\/h2>\n<p><iframe loading=\"lazy\" width=\"490\" height=\"276\" src=\"https:\/\/www.youtube.com\/embed\/0Q8QOYP6BZo\" title=\"YouTube video player\" frameborder=\"0\" allow=\"accelerometer; autoplay; clipboard-write; encrypted-media; gyroscope; picture-in-picture\" allowfullscreen><\/iframe><\/p>\n<p>&nbsp;<\/p>\n<p><h2>ET \u00c0 LIRE&#8230;<\/h2>\n<p><em>\u00a0<strong>Sur la mont\u00e9e en tension en Isra\u00ebl\u00a0<\/em>\u00a0<\/strong><br \/>\n\u00ab\u00a0On est dans une situation o\u00f9 Benyamin Netanyahou est pr\u00eat \u00e0 tout pour essayer de sauver son tr\u00f4ne.\u00a0\u00bb<br \/>\n\u00ab\u00a0Benyamin Netanyahou veut \u00e9chapper \u00e0 la justice et poursuivre sa politique radicale.\u00a0\u00bb<br \/>\n\u00ab\u00a0Benyamin Netanyahou a loup\u00e9 son alliance avec des islamistes et des fascistes sur lesquels il comptait pour constituer un gouvernement.\u00a0\u00bb<br \/>\n\u00ab Il y a de fortes chances que Benyamin Netanyahou soit battu, soit par la constitution d\u2019un gouvernement alternatif, soit par de nouvelles \u00e9lections &#8211; avec un 5\u00e8me scrutin en deux ans.\u00a0\u00bb<br \/>\n\u00ab\u00a0Dans le \u2018pr\u00eat \u00e0 tout\u2019 de Netanyahou il y a la tentative de provoquer des affrontements avec l\u2019Iran (\u2026).\u00a0Jusque-l\u00e0, les Iraniens font preuve de sang-froid et poursuivent les n\u00e9gociations avec Joe Biden. \u00bb<br \/>\n\u00ab\u00a0Netanyahou veut provoquer une troisi\u00e8me Intifada qui permette d\u2019imposer un gouvernement d\u2019urgence nationale.\u00a0\u00bb<br \/>\n\u00ab\u00a0Il y a une radicalisation de l\u2019opinion isra\u00e9lienne.\u00a0\u00bb<br \/>\n\u00ab\u00a0Les quatre mouvements qui sont impliqu\u00e9s dans les ratonnades sans pr\u00e9c\u00e9dent \u00e0 J\u00e9rusalem sont des mouvements li\u00e9s \u00e0 des partis ultra-orthodoxes alli\u00e9s \u00e0 Netanyahou.\u00a0\u00bb<br \/>\n\u00ab\u00a0L\u2019objectif des mouvements extr\u00e9mistes c\u2019est de retirer aux Palestiniens d\u2019Isra\u00ebl, leurs droits de citoyens, voire de les expulser.\u00a0\u00bb<br \/>\n\u00ab\u00a0On n&#8217;avait jamais vu des ratonnades, des pogroms, de ce type \u00e0 J\u00e9rusalem : c\u2019est une premi\u00e8re.\u00a0\u00bb<br \/>\n\u00ab Sur les grandes cha\u00eenes publiques, il y a eu des directives de ne pas couvrir ces \u00e9v\u00e9nements.\u00a0\u00bb<\/p>\n<p><em>\u00a0<strong>Sur la r\u00e9action de Benyamin Netanyahou face aux \u00e9v\u00e9nements\u00a0<\/em>\u00a0<\/strong><br \/>\n\u00ab\u00a0Netanyahou a p\u00e9t\u00e9 les plombs depuis un moment mais pas au point d\u2019afficher un visage de soutien \u00e0 des violences fascistes dans les rues de J\u00e9rusalem. Il s\u2019est tu\u00a0pendant la semaine de ratonnades et puis il a fait savoir qu\u2019il fallait calmer le jeu.\u00a0\u00bb<br \/>\n\u00ab\u00a0Ce que ne disait pas Netanyahou, ses alli\u00e9s avec lesquels il a sign\u00e9 un accord &#8211; notamment de gouvernement -, ne se g\u00eanaient pas pour parler.\u00a0\u00bb<br \/>\n\u00ab\u00a0Evidemment que Netanyahou n\u2019appelle pas \u00e0 la violence mais les fascistes avec lesquels il s\u2019est alli\u00e9 ne se g\u00eanent pas pour mettre le feu aux poudres.\u00a0\u00bb<\/p>\n<p><em>\u00a0<strong>Sur les r\u00e9action de la France<\/em>\u00a0<\/strong><br \/>\n\u00ab\u00a0Le communiqu\u00e9 du Quai d\u2019Orsay est un reniement de la politique men\u00e9e depuis que le G\u00e9n\u00e9ral de Gaulle a rompu avec le soutien inconditionnel \u00e0 Isra\u00ebl. On est dans quelque chose qui est nouveau\u00a0en France et je crois que le g\u00e9n\u00e9ral de Gaulle doit se retourner dans sa tombe. \u00bb<br \/>\n\u00ab\u00a0La France ne peut pas ne pas voir ce qu\u2019il se passe.\u00a0\u00bb<br \/>\n\u00ab\u00a0On est dans l\u2019expression du racisme, en plein J\u00e9rusalem et qui vise les Palestiniens.\u00a0\u00bb<\/p>\n<p><em>\u00a0<strong>Sur la position des Etats-Unis et de l\u2019administration Biden\u00a0<\/em>\u00a0<\/strong><br \/>\n\u00ab\u00a0La priorit\u00e9 de Biden n\u2019est pas l\u00e0. Elle est en Chine.\u00a0\u00bb<br \/>\n\u00ab\u00a0\u00c0 cause de cette priorit\u00e9 chinoise, il veut \u00e0 tout prix obtenir un accord sur le nucl\u00e9aire iranien &#8211; notamment parce qu\u2019il y a un certain rapprochement entre T\u00e9h\u00e9ran et P\u00e9kin. \u00bb<br \/>\n\u00ab\u00a0Biden a clairement trac\u00e9 des lignes rouges.\u00a0\u00bb<br \/>\n\u00ab\u00a0Toutes une s\u00e9rie de gestes ont \u00e9t\u00e9 fait par la nouvelle administration Biden : r\u00e9ouverture du consulat \u00e0 J\u00e9rusalem-Est, r\u00e9ouverture du dialogue avec les Palestiniens, de la mission Palestine \u00e0 l\u2019ONU, retour des Etats-Unis \u00e0 L\u2019UNRRA.\u00a0\u00bb<br \/>\n\u00ab\u00a0Il y a du c\u00f4t\u00e9 am\u00e9ricain des signes clairs &#8211; non pas \u00e0 une ligne pro-palestinienne &#8211; mais \u00e0 ce qu\u2019\u00e9tait la ligne avant Trump qui tient compte des droits des Palestiniens et qui essaie de les int\u00e9grer \u00e0 la politique am\u00e9ricaine.\u00a0\u00bb<br \/>\n\u00ab\u00a0Trump avait ouvert les portes \u00e0 Netanyahou pour faire tout et n\u2019importe quoi, y compris annexer le reste de la Palestine non-annex\u00e9e, mais aujourd\u2019hui \u00e0 Washington on dit que les colonies sont ill\u00e9gales et que l\u2019annexion n\u2019est pas acceptable.\u00a0\u00bb<\/p>\n<p><em>\u00a0<strong>Sur l\u2019accusation d\u2019apartheid lanc\u00e9e par l\u2019ONG Human Rights Watch \u00e0 l\u2019\u00e9gard d\u2019Isra\u00ebl<\/em>\u00a0<\/strong><br \/>\n\u00ab\u00a0C\u2019est la premi\u00e8re fois qu\u2019une grande organisation internationale de d\u00e9fense des droits humains &#8211; pas une organisation politique pro-palestinienne &#8211; reconnait que la situation en Isra\u00ebl est une situation d\u2019apartheid.\u00a0\u00bb<br \/>\n\u00ab\u00a0En Isra\u00ebl, B\u2019Tselem, principale organisation droit-de-l\u2019hommiste avait aussi qualifi\u00e9e la situation isra\u00e9lo-palestinienne de situation d\u2019apartheid au mois de janvier.\u00a0\u00bb<br \/>\n\u00ab\u00a0Le constat tient de l\u2019\u00e9vidence : il y a une terre, Isra\u00ebl et la Palestine, o\u00f9 vivent un nombre \u00e9gal de Palestiniens et de Juifs &#8211; 5 millions et demi de chaque c\u00f4t\u00e9 -, et les uns ont tous les droits et les autres ne les ont pas, notamment les droits politiques pour ce qui est des Palestiniens des territoires occup\u00e9s.\u00a0\u00bb<br \/>\n\u00ab\u00a0Il ne s\u2019agit pas d\u2019une d\u00e9nonciation mais d\u2019un fait.\u00a0\u00bb<br \/>\n\u00ab\u00a0Tous ceux qui ont \u00e9t\u00e9, ne serait-ce que 3 jours sur le terrain, savent que les Juifs et les Arabes n\u2019ont pas les m\u00eames droits : c\u2019est \u00e7a qu\u2019on appelle l\u2019apartheid.\u00a0\u00bb<br \/>\n\u00ab\u00a0Beaucoup d\u2019analystes sous-estiment toujours les r\u00e9percussions politiques et id\u00e9ologiques de la radicalisation de la politique isra\u00e9lienne.\u00a0\u00bb<br \/>\n\u00ab\u00a0Toutes les \u00e9tudes montrent que l\u2019image d\u2019Isra\u00ebl dans le monde s\u2019est consid\u00e9rablement d\u00e9grad\u00e9e.\u00a0\u00bb<br \/>\n\u00ab\u00a0Notre opinion en France mais aussi dans le monde, \u00e9tait tr\u00e8s solidaire d\u2019Isra\u00ebl au moment o\u00f9 il a \u00e9t\u00e9 cr\u00e9\u00e9, et a suivi la politique isra\u00e9lienne m\u00eame apr\u00e8s 1967 parce qu\u2019\u00e0 l\u2019\u00e9poque c\u2019\u00e9tait aussi les kibboutz et une forme de soci\u00e9t\u00e9 \u00e9galitaire. Mais aujourd\u2019hui, quand Isra\u00ebl, c\u2019est celui de Netanyahu, c\u2019est-\u00e0-dire celui des centaines de voyous qui ratonnent en Isra\u00ebl au nom du juda\u00efsme, ils salissent le juda\u00efsme.\u00a0\u00bb<br \/>\n\u00ab\u00a0C\u2019est une honte pour moi personnellement, comme Fran\u00e7ais, comme journaliste, comme juif.\u00a0\u00bb<br \/>\n\u00ab\u00a0Cet isolement de plus en plus net de l\u2019Isra\u00ebl de Netanyahu, aggrav\u00e9 par la perte du parrain Trump qui avait ouvert toutes les portes, va peser : il va falloir que m\u00eame Le Drian r\u00e9vise un peu ses communiqu\u00e9s.\u00a0\u00bb<div id='gallery-1' class='gallery galleryid-12920 gallery-columns-3 gallery-size-thumbnail'><figure class='gallery-item'>\n\t\t\t<div class='gallery-icon landscape'>\n\t\t\t\t<a href='https:\/\/archives.regards.fr\/wp-content\/uploads\/2021\/04\/capture_d_e_cran_2021-04-28_a_12-16f.57.36.png'><img loading=\"lazy\" decoding=\"async\" width=\"150\" height=\"150\" src=\"https:\/\/archives.regards.fr\/wp-content\/uploads\/2021\/04\/capture_d_e_cran_2021-04-28_a_12-16f.57.36-150x150.png\" class=\"attachment-thumbnail size-thumbnail\" alt=\"capture_d_e_cran_2021-04-28_a_12.57.36.png\" \/><\/a>\n\t\t\t<\/div><\/figure>\n\t\t<\/div>\n<\/p>\n","protected":false},"excerpt":{"rendered":"<p>Des Juifs isra\u00e9liens d&#8217;extr\u00eame droite manifestent aux cris de <em>\u00ab Mort aux Arabes \u00bb<\/em>, des Palestiniens r\u00e9pondent \u00e0 la provocation et tentent de s&#8217;opposer \u00e0 leurs marches : c&#8217;est l&#8217;escalade de violences \u00e0 laquelle est confront\u00e9e Isra\u00ebl depuis une semaine. D&#8217;autant que mardi, l&#8217;ONG Human Rights Watch a publi\u00e9 un rapport qualifiant d&#8217;apartheid la situation isra\u00e9lienne. Pour en parler, Dominique Vidal, journaliste et historien sp\u00e9cialiste du Proche-Orient, est l&#8217;invit\u00e9 de #LaMidinale.<\/p>\n","protected":false},"author":1204,"featured_media":30535,"comment_status":"open","ping_status":"open","sticky":false,"template":"","format":"standard","meta":{"_themeisle_gutenberg_block_has_review":false,"footnotes":""},"categories":[238],"tags":[293],"class_list":["post-12920","post","type-post","status-publish","format-standard","has-post-thumbnail","hentry","category-la-midinale","tag-entretien"],"_links":{"self":[{"href":"https:\/\/archives.regards.fr\/index.php?rest_route=\/wp\/v2\/posts\/12920","targetHints":{"allow":["GET"]}}],"collection":[{"href":"https:\/\/archives.regards.fr\/index.php?rest_route=\/wp\/v2\/posts"}],"about":[{"href":"https:\/\/archives.regards.fr\/index.php?rest_route=\/wp\/v2\/types\/post"}],"author":[{"embeddable":true,"href":"https:\/\/archives.regards.fr\/index.php?rest_route=\/wp\/v2\/users\/1204"}],"replies":[{"embeddable":true,"href":"https:\/\/archives.regards.fr\/index.php?rest_route=%2Fwp%2Fv2%2Fcomments&post=12920"}],"version-history":[{"count":0,"href":"https:\/\/archives.regards.fr\/index.php?rest_route=\/wp\/v2\/posts\/12920\/revisions"}],"wp:featuredmedia":[{"embeddable":true,"href":"https:\/\/archives.regards.fr\/index.php?rest_route=\/wp\/v2\/media\/30535"}],"wp:attachment":[{"href":"https:\/\/archives.regards.fr\/index.php?rest_route=%2Fwp%2Fv2%2Fmedia&parent=12920"}],"wp:term":[{"taxonomy":"category","embeddable":true,"href":"https:\/\/archives.regards.fr\/index.php?rest_route=%2Fwp%2Fv2%2Fcategories&post=12920"},{"taxonomy":"post_tag","embeddable":true,"href":"https:\/\/archives.regards.fr\/index.php?rest_route=%2Fwp%2Fv2%2Ftags&post=12920"}],"curies":[{"name":"wp","href":"https:\/\/api.w.org\/{rel}","templated":true}]}}