{"id":12914,"date":"2021-04-27T12:20:54","date_gmt":"2021-04-27T10:20:54","guid":{"rendered":"https:\/\/wp.muchomaas.com\/article-marine-roussillon-blanquer-a-abandonne-les-personnels-de-l-education-nationale\/"},"modified":"2023-06-24T00:14:50","modified_gmt":"2023-06-23T22:14:50","slug":"article-marine-roussillon-blanquer-a-abandonne-les-personnels-de-l-education-nationale","status":"publish","type":"post","link":"https:\/\/archives.regards.fr\/?p=12914","title":{"rendered":"Marine Roussillon : \u00ab Blanquer a abandonn\u00e9 les personnels de l&#8217;\u00c9ducation nationale, les enfants et leurs familles \u00bb"},"content":{"rendered":"<p class=\"post_excerpt\">Enseignement et Covid : comment rattraper les retards ? Marine Roussillon, responsable \u00e9ducation, enseignement sup\u00e9rieur et recherche au PCF, est l\u2019invit\u00e9e de #LaMidinale\u200b.<\/p>\n<h2>UNE MIDINALE \u00c0 VOIR&#8230;<\/h2>\n<p><iframe loading=\"lazy\" width=\"490\" height=\"276\" src=\"https:\/\/www.youtube.com\/embed\/Ne6rO2glUxU\" title=\"YouTube video player\" frameborder=\"0\" allow=\"accelerometer; autoplay; clipboard-write; encrypted-media; gyroscope; picture-in-picture\" allowfullscreen><\/iframe><\/p>\n<p>&nbsp;<\/p>\n<p><h2>ET \u00c0 LIRE&#8230;<\/h2>\n<p><em>\u00a0<strong>Sur la reprise dans les \u00e9coles<\/em>\u00a0<\/strong><br \/>\n\u00ab\u00a0Tout le monde voudrait que l\u2019\u00e9cole puisse fonctionner.\u00a0\u00bb<br \/>\n\u00ab\u00a0Les enseignants aimeraient pouvoir enseigner mais les moyens ne sont pas l\u00e0.\u00a0\u00bb<br \/>\n\u00ab\u00a0C\u2019est le retour du chaos organis\u00e9 dans nos \u00e9coles.\u00a0\u00bb<br \/>\n\u00ab\u00a0Il n\u2019y a aucun moyen suppl\u00e9mentaire pour le nouveau protocole mis en place dans les \u00e9tablissements scolaires.\u00a0\u00bb<br \/>\n\u00ab\u00a0Les mesures qui auraient pu \u00eatre prises comme la vaccination des enseignants, l\u2019\u00e9quipement des classes en capteurs de CO2 et en dispositifs d\u2019a\u00e9ration, ne l\u2019ont pas \u00e9t\u00e9.\u00a0\u00bb<br \/>\n\u00ab\u00a0Le ministre de l\u2018Education nationale ne fait rien et se d\u00e9fausse sur les collectivit\u00e9s locales et les directions d\u2019\u00e9tablissements.\u00a0Il est irresponsable. \u00bb<br \/>\n\u00ab\u00a0Le ministre de l\u2019Education nationale a abandonn\u00e9 les personnels, les enfants et leurs familles.\u00a0\u00bb<\/p>\n<p><em>\u00a0<strong>Sur les contaminations dans les \u00e9coles<\/em>\u00a0<\/strong><br \/>\n\u00ab\u00a0Comme on ne teste personne \u00e0 l\u2019\u00e9cole, on ne peut pas remonter les cha\u00eenes de contamination.\u00a0\u00bb<br \/>\n\u00ab\u00a0C\u2019est trop facile de consid\u00e9rer que les contaminations ne se font pas \u00e0 l\u2019\u00e9cole mais dans les familles.\u00a0\u00bb<br \/>\n\u00ab\u00a0Rien n\u2019est pris en charge par le minist\u00e8re : aucun am\u00e9nagement des locaux, aucune r\u00e9quisition de locaux suppl\u00e9mentaires, aucun dispositif pour que les enfants puissent manger par exemple en plein air.\u00a0Tout repose sur les directeurs et les directrices d\u2019\u00e9coles qui bricolent au mieux en fonction des moyens dont ils disposent. \u00bb<\/p>\n<p><em>\u00a0<strong>Sur les programmes scolaires<\/em>\u00a0<\/strong><br \/>\n\u00ab\u00a0Dans l\u2019imm\u00e9diat, l\u2019\u00e9cole a besoin d\u2019un plan d\u2019urgence qui rel\u00e8ve \u00e0 la fois des moyens mais aussi des contenus.\u00a0\u00bb<br \/>\n\u00ab\u00a0Aucun am\u00e9nagement des programmes scolaires n\u2019a \u00e9t\u00e9 fait.\u00a0\u00bb<br \/>\n\u00ab\u00a0On va demander \u00e0 des \u00e9l\u00e8ves de passer le grand oral du bac ou le brevet des coll\u00e8ges comme si de rien n\u2019\u00e9tait.\u00a0\u00bb<br \/>\n\u00ab Quand on interrompt l\u2019\u00e9cole, on interrompt les apprentissages.\u00a0\u00bb<br \/>\n\u00ab\u00a0Quand l\u2019\u00e9cole s\u2019arr\u00eate, on ne peut pas demander \u00e0 l\u2019\u00e9l\u00e8ve de rester \u00e9l\u00e8ve et de continuer \u00e0 progresser sans l\u2019\u00e9cole.\u00a0\u00bb<br \/>\n\u00ab\u00a0L\u2019enseignement \u00e0 distance, l\u2019\u00e9cole \u00e0 la maison : \u00e7a n\u2019existe pas.\u00a0\u00bb<br \/>\n\u00ab\u00a0Il y a une perte, en termes de contenus, due \u00e0 l\u2019\u00e9pid\u00e9mie.\u00a0On pourrait compenser cette perte. On a les moyens de la compenser. Mais rien n\u2019est mis en place pour qu\u2019on puisse la compenser dans les ann\u00e9es qui viennent. \u00bb<\/p>\n<p><em>\u00a0<strong>Sur la rentr\u00e9e de septembre<\/em>\u00a0<\/strong><br \/>\n\u00ab\u00a0Il faut mettre en veille Parcoursup au moins pendant un an. Il n\u2019est pas normal qu\u2019on trie les \u00e9l\u00e8ves sur les apprentissages r\u00e9alis\u00e9s dans une ann\u00e9e de crise.\u00a0\u00bb<br \/>\n\u00ab\u00a0Il faut am\u00e9nager les programmes et les lisser sur deux ou trois ans pour rattraper ce qui n\u2019a pas \u00e9t\u00e9 fait au cours de cette ann\u00e9e.\u00a0\u00bb<br \/>\n\u00ab\u00a0Il faut donner du temps aux enseignants et r\u00e9duire durablement les effectifs par classe.\u00a0\u00c7a permettra aux enseignants de mieux rattraper les difficult\u00e9s occasionn\u00e9es par l\u2019interruption scolaire. \u00bb<br \/>\n\u00ab\u00a0Il faut allonger le temps passer \u00e0 l\u2019\u00e9cole : \u00e7a fait trop d\u2019ann\u00e9es qu\u2019on diminue le temps scolaire.\u00a0\u00bb<br \/>\n\u00ab\u00a0Si on veut que les enfants aillent \u00e0 l\u2019\u00e9cole pour y apprendre quelque chose, et pas simplement pour servir de garderie pendant que les parents vont au travail, il faut des conditions qu\u2019ils aillent dans des conditions de s\u00e9curit\u00e9 qui leur permettent des apprentissages sereins et qui permettent aux enseignants de faire leur travail.\u00a0\u00bb<br \/>\n\u00ab\u00a0Il faut se d\u00e9p\u00eacher de vacciner les personnels de l\u2019Education nationale.\u00a0\u00bb<\/p>\n<p><em>\u00a0<strong>Sur le Grenelle des professeurs\u00a0<\/em>\u00a0<\/strong><br \/>\n\u00ab\u00a0\u00c7a fait des mois et des ann\u00e9es que Jean-Michel Blanquer pi\u00e9tine les personnels et les m\u00e9prise et subitement il voudrait les consulter ? Je n\u2019y crois pas une seconde.\u00a0\u00bb<br \/>\n\u00ab\u00a0La confiance entre Blanquer, les personnels de l\u2019\u00c9ducation nationale et les familles est rompue.\u00a0Il doit partir. \u00bb\u00a0<br \/>\n\u00ab\u00a0Blanquer veut imposer ses mesures de mani\u00e8re autoritaire comme il l\u2019a toujours fait.\u00a0\u00bb<br \/>\n\u00ab\u00a0On essaie de transformer les enseignants en ex\u00e9cutants.\u00a0\u00bb<div id='gallery-1' class='gallery galleryid-12914 gallery-columns-3 gallery-size-thumbnail'><figure class='gallery-item'>\n\t\t\t<div class='gallery-icon landscape'>\n\t\t\t\t<a href='https:\/\/archives.regards.fr\/wp-content\/uploads\/2021\/04\/capture_d_e_cran_2021-04-27_a_12-390.10.27.png'><img loading=\"lazy\" decoding=\"async\" width=\"150\" height=\"150\" src=\"https:\/\/archives.regards.fr\/wp-content\/uploads\/2021\/04\/capture_d_e_cran_2021-04-27_a_12-390.10.27-150x150.png\" class=\"attachment-thumbnail size-thumbnail\" alt=\"capture_d_e_cran_2021-04-27_a_12.10.27.png\" \/><\/a>\n\t\t\t<\/div><\/figure>\n\t\t<\/div>\n<\/p>\n","protected":false},"excerpt":{"rendered":"<p>Enseignement et Covid : comment rattraper les retards ? Marine Roussillon, responsable \u00e9ducation, enseignement sup\u00e9rieur et recherche au PCF, est l\u2019invit\u00e9e de #LaMidinale\u200b.<\/p>\n","protected":false},"author":1204,"featured_media":30519,"comment_status":"open","ping_status":"open","sticky":false,"template":"","format":"standard","meta":{"_themeisle_gutenberg_block_has_review":false,"footnotes":""},"categories":[238],"tags":[293],"class_list":["post-12914","post","type-post","status-publish","format-standard","has-post-thumbnail","hentry","category-la-midinale","tag-entretien"],"_links":{"self":[{"href":"https:\/\/archives.regards.fr\/index.php?rest_route=\/wp\/v2\/posts\/12914","targetHints":{"allow":["GET"]}}],"collection":[{"href":"https:\/\/archives.regards.fr\/index.php?rest_route=\/wp\/v2\/posts"}],"about":[{"href":"https:\/\/archives.regards.fr\/index.php?rest_route=\/wp\/v2\/types\/post"}],"author":[{"embeddable":true,"href":"https:\/\/archives.regards.fr\/index.php?rest_route=\/wp\/v2\/users\/1204"}],"replies":[{"embeddable":true,"href":"https:\/\/archives.regards.fr\/index.php?rest_route=%2Fwp%2Fv2%2Fcomments&post=12914"}],"version-history":[{"count":0,"href":"https:\/\/archives.regards.fr\/index.php?rest_route=\/wp\/v2\/posts\/12914\/revisions"}],"wp:featuredmedia":[{"embeddable":true,"href":"https:\/\/archives.regards.fr\/index.php?rest_route=\/wp\/v2\/media\/30519"}],"wp:attachment":[{"href":"https:\/\/archives.regards.fr\/index.php?rest_route=%2Fwp%2Fv2%2Fmedia&parent=12914"}],"wp:term":[{"taxonomy":"category","embeddable":true,"href":"https:\/\/archives.regards.fr\/index.php?rest_route=%2Fwp%2Fv2%2Fcategories&post=12914"},{"taxonomy":"post_tag","embeddable":true,"href":"https:\/\/archives.regards.fr\/index.php?rest_route=%2Fwp%2Fv2%2Ftags&post=12914"}],"curies":[{"name":"wp","href":"https:\/\/api.w.org\/{rel}","templated":true}]}}