{"id":12913,"date":"2021-04-26T13:24:23","date_gmt":"2021-04-26T11:24:23","guid":{"rendered":"https:\/\/wp.muchomaas.com\/article-sophie-wahnich-le-risque-c-est-qu-il-n-y-ait-plus-personne-pour-defendre-une\/"},"modified":"2023-06-24T00:14:49","modified_gmt":"2023-06-23T22:14:49","slug":"article-sophie-wahnich-le-risque-c-est-qu-il-n-y-ait-plus-personne-pour-defendre-une","status":"publish","type":"post","link":"https:\/\/archives.regards.fr\/?p=12913","title":{"rendered":"Sophie Wahnich : \u00ab Le risque c\u2019est qu\u2019il n\u2019y ait plus personne pour d\u00e9fendre une d\u00e9mocratie qui n\u2019en est plus une \u00bb"},"content":{"rendered":"<p class=\"post_excerpt\">La publication de la lettre des g\u00e9n\u00e9raux qui en appellent \u00e0 la patrie sur le site de <em>Valeurs actuelles<\/em> n\u2019a pas suscit\u00e9 beaucoup de commentaires. Pourtant, il s\u2019agit ni plus ni moins que d\u2019un appel s\u00e9ditieux. Sophie Wahnich, historienne, et Catherine Tricot, directrice des \u00c9ditions <em>Regards<\/em>, sont les invit\u00e9es de #LaMidinale.<\/p>\n<h2>UNE MIDINALE \u00c0 VOIR&#8230;<\/h2>\n<p><iframe loading=\"lazy\" width=\"490\" height=\"276\" src=\"https:\/\/www.youtube.com\/embed\/OlV-acEpxhQ\" title=\"YouTube video player\" frameborder=\"0\" allow=\"accelerometer; autoplay; clipboard-write; encrypted-media; gyroscope; picture-in-picture\" allowfullscreen><\/iframe><\/p>\n<p>&nbsp;<\/p>\n<p><h2>ET \u00c0 LIRE&#8230;<\/h2>\n<h2>Sur le texte des g\u00e9n\u00e9raux <\/h2>\n<p><strong>Sophie Wahnich<\/strong><br \/>\n\u00ab Ce qui me para\u00eet le plus grave dans toute cette affaire c\u2019est la transformation du texte en p\u00e9tition c&#8217;est-\u00e0 dire la recherche d\u2019une l\u00e9gitimation par le nombre et la soci\u00e9t\u00e9 civile. C\u2019est un appel non r\u00e9publicain, un appel aux armes \u00e0 un moment o\u00f9 cette violence l\u00e9gitime de l\u2019Etat est dans les mains de corps qui sont tr\u00e8s contamin\u00e9s par l\u2019id\u00e9ologie et l\u2019adh\u00e9sion au rassemblement national. \u00bb<\/p>\n<p><strong>Catherine Tricot<\/strong><br \/>\n\u00ab Il s\u2019agit d\u2019un texte politique o\u00f9 il n\u2019est question que de politique. \u00bb<br \/>\n\u00ab Le fait que ce texte soit publi\u00e9 60 ans jour pour jour apr\u00e8s la tentative de coup d\u2019Etat des g\u00e9n\u00e9raux, ajoute \u00e0 la dimension politique de ce texte. \u00bb<br \/>\n\u00ab Les g\u00e9n\u00e9raux s\u2019inscrivent dans une tradition, une filiation historique, putschiste. \u00bb<br \/>\n\u00ab Ce texte me para\u00eet d\u2019une gravit\u00e9 incroyable. \u00bb<\/p>\n<h2>Sur le rapport arm\u00e9e\/R\u00e9publique <\/h2>\n<p><strong>Sophie Wahnich<\/strong><br \/>\n\u00ab Du c\u00f4t\u00e9 des fondements de la R\u00e9publique avec la r\u00e9volution fran\u00e7aise, il est absolument n\u00e9cessaire que l\u2019arm\u00e9e soit soumise au pouvoir civil des gouvernements et il y a une crainte tr\u00e8s forte dans certaines circonstances guerri\u00e8res que l\u2019arm\u00e9e prenne le pouvoir. Il y a une inqui\u00e9tude sourde pendant toute la r\u00e9volution fran\u00e7aise contre le risque qu\u2019ils appellent de stratocratie c\u2019est-\u00e0-dire la prise de pouvoir par un g\u00e9n\u00e9ral victorieux ou non. \u00bb<br \/>\n\u00ab Il est toujours d\u00e9licat de savoir si le pouvoir politique va \u00eatre capable de maintenir son arm\u00e9e comme outil et non pas comme rival. Il y a quelque chose qui, de ce point de vue l\u00e0, se r\u00e9p\u00e8te. \u00bb<br \/>\n\u00ab Pour pouvoir maintenir une arm\u00e9e en situation d\u2019ob\u00e9issance au pouvoir politique, on comptait beaucoup sur les appel\u00e9s et l\u00e0 on est dans une situation o\u00f9 il n\u2019y a plus d\u2019appel\u00e9s qui puissent retenir ces vell\u00e9it\u00e9s. \u00bb<br \/>\n\u00ab On ne sait pas si ces g\u00e9n\u00e9raux \u00e0 la retraite ont des relais suffisamment puissants du c\u00f4t\u00e9 de ceux qui ne le sont pas mais ce que l\u2019on sait, c\u2019est que la question des armes est souterraine et qu\u2019on ne sait pas ce qu\u2019il se passe du c\u00f4t\u00e9 du rassemblement national. \u00bb<br \/>\n\u00ab La tactique du Front National puis du Rassemblement national c\u2019est d\u2019utiliser le vocabulaire de la r\u00e9volution fran\u00e7aise, voire de la r\u00e9sistance, pour le retourner contre et l\u00e0 en l\u2019occurrence d\u2019utiliser le vocabulaire de la R\u00e9publique pour le retourner contre les Droits de l\u2019homme et du citoyen. \u00bb<\/p>\n<h2>Sur la possibilit\u00e9 d\u2019un coup d\u2019Etat militaire <\/h2>\n<p><strong>Catherine Tricot<\/strong><br \/>\n\u00ab Ce texte fait planer l\u2019id\u00e9e d\u2019un coup d\u2019Etat militaire en disant \u2018nous avons les forces\u2019. \u00bb<br \/>\n\u00ab On est dans un moment de grande fragilit\u00e9 politique et institutionnelle et qui nous place dans une incertitude sur l\u2019avenir. \u00bb<br \/>\n\u00ab Il ne s\u2019agit pas simplement d\u2019une menace de putsch mais un appui de poids \u00e0 Marine Le Pen. Les g\u00e9n\u00e9raux laissent entendre qu\u2019ils seront \u00e0 ses c\u00f4t\u00e9s. \u00bb<\/p>\n<p><strong>Sophie Wahnich<\/strong><br \/>\n\u00ab Il y a quelque chose qui est dans l\u2019air sur la notion de guerre civile que les g\u00e9n\u00e9raux mettent en valeur dans leur lettre et \u00e7a vient attiser un d\u00e9sir d\u2019en d\u00e9coudre qui traverse la soci\u00e9t\u00e9 en ce moment. \u00bb<br \/>\n\u00ab Il y a un si\u00e8ge tendu et on ne sait pas comment ce pi\u00e8ge va \u00eatre pris. \u00bb<br \/>\n\u00ab Les g\u00e9n\u00e9raux ne peuvent faire quelque chose que s\u2019il se passe quelque chose r\u00e9ellement dans la rue. Il n\u2019y a pas de possibilit\u00e9 de putsch sans situation qui s\u2019est envenim\u00e9e en amont. \u00bb<br \/>\n\u00ab Le silence et les quelques tweets de la ministre des arm\u00e9es t\u00e9moignent de l\u2019incapacit\u00e9 du gouvernement d\u2019apaiser par les mots donc ils ont essay\u00e9 de faire silence pour ne pas alarmer. \u00bb<br \/>\n\u00ab Ce qui est inqui\u00e9tant, c\u2019est la grande confusion qui r\u00e8gne sur la nature m\u00eame de ce qu\u2019est une R\u00e9publique et une d\u00e9mocratie. L\u00e0-dessus, je pense qu\u2019on n\u2019a jamais \u00e9t\u00e9 aussi confus que depuis les d\u00e9buts de la V\u00e8 R\u00e9publique. \u00bb<br \/>\n\u00ab L\u2019usage des institutions non d\u00e9mocratiques de la V\u00e8 R\u00e9publique n\u2019ont jamais \u00e9t\u00e9 aussi forts. \u00bb<br \/>\n\u00ab Depuis 2016, on a un \u00c9tat tr\u00e8s autoritaire. \u00bb<br \/>\n\u00ab Le risque c\u2019est qu\u2019il n\u2019y ait plus personne pour d\u00e9fendre la d\u00e9mocratie qui n\u2019en est plus une. \u00bb<\/p>\n<h2>Sur l\u2019ennemi cibl\u00e9 par la lettre des g\u00e9n\u00e9raux<\/h2>\n<p><strong>Sophie Wahnich<\/strong><br \/>\n\u00ab C\u2019est soci\u00e9t\u00e9 fran\u00e7aise, en tant qu\u2019elle est en train d\u2019\u00e9voluer, qui est vis\u00e9e par les g\u00e9n\u00e9raux. \u00bb<br \/>\n\u00ab C\u2019est l\u2019\u00e9largissement vers plus de droits qui est consid\u00e9r\u00e9 comme insupportable par les g\u00e9n\u00e9raux et la possibilit\u00e9 d\u2019avoir une soci\u00e9t\u00e9 \u00e9galitaire entre diff\u00e9rentes composantes qui ont \u00e9t\u00e9 brim\u00e9es depuis les guerres de colonisation. \u00bb<br \/>\n\u00ab Il y a un refus de l\u2019\u00e9galit\u00e9 et de la possibilit\u00e9 de d\u00e9racialiser la soci\u00e9t\u00e9 fran\u00e7aise de la part de ces g\u00e9n\u00e9raux. \u00bb<br \/>\n\u00ab Il y a une attitude contre-r\u00e9volutionnaire dans la lettre des g\u00e9n\u00e9raux. \u00bb<br \/>\n\u00ab Sous couvert de R\u00e9publique, les g\u00e9n\u00e9raux font resurgir un clivage tr\u00e8s classique de r\u00e9volution\/contre r\u00e9volution, trahison et raison. \u00bb<\/p>\n<h2>Sur la gauche <\/h2>\n<p><strong>Sophie Wahnich<\/strong><br \/>\n\u00ab Le probl\u00e8me de la gauche c\u2019est qu\u2019elle refuse de d\u00e9battre. \u00bb<br \/>\n\u00ab La question de l\u2019islamogauchisme a \u00e9t\u00e9 r\u00e9cus\u00e9e par de nombreux intellectuels et scientifiques. \u00bb<br \/>\n\u00ab On a perdu de notre capacit\u00e9 d\u00e9mocratique \u00e0 construire du d\u00e9bat. \u00bb<br \/>\n\u00ab Il y a eu un antiracisme avant SOS Racisme qui d\u00e9bute au 18\u00e8me si\u00e8cle. \u00bb<br \/>\n\u00ab L\u2019absence de d\u00e9bat est le vrai probl\u00e8me \u00e0 gauche. \u00bb<br \/>\n\u00ab Il faut cesser de fabriquer de faux ennemis et accepter de d\u00e9battre. Le d\u00e9bat doit porter sur l\u2019historicit\u00e9 et la projection parce que la difficult\u00e9 c\u2019est de savoir dans quelle soci\u00e9t\u00e9 on veut vivre. \u00bb<br \/>\n\u00ab Il n\u2019y a plus de d\u00e9bat qui produit la possibilit\u00e9 de la d\u00e9mocratie. \u00bb<\/p>\n<p><strong>Catherine Tricot<\/strong><br \/>\n\u00ab\u00a0Une partie de la gauche a pr\u00e9cipit\u00e9 le discours des g\u00e9n\u00e9raux sur l\u2019islamogauchisme.\u00a0\u00bb<br \/>\n\u00ab\u00a0Il y a un \u00e9cart entre les quartiers populaires et la gauche qui ne cesse de s\u2019accroitre.\u00a0\u00bb<div id='gallery-1' class='gallery galleryid-12913 gallery-columns-3 gallery-size-thumbnail'><figure class='gallery-item'>\n\t\t\t<div class='gallery-icon landscape'>\n\t\t\t\t<a href='https:\/\/archives.regards.fr\/wp-content\/uploads\/2021\/04\/capture_d_e_cran_2021-04-26_a_13-2c8.21.21.png'><img loading=\"lazy\" decoding=\"async\" width=\"150\" height=\"150\" src=\"https:\/\/archives.regards.fr\/wp-content\/uploads\/2021\/04\/capture_d_e_cran_2021-04-26_a_13-2c8.21.21-150x150.png\" class=\"attachment-thumbnail size-thumbnail\" alt=\"capture_d_e_cran_2021-04-26_a_13.21.21.png\" \/><\/a>\n\t\t\t<\/div><\/figure>\n\t\t<\/div>\n<\/p>\n","protected":false},"excerpt":{"rendered":"<p>La publication de la lettre des g\u00e9n\u00e9raux qui en appellent \u00e0 la patrie sur le site de <em>Valeurs actuelles<\/em> n\u2019a pas suscit\u00e9 beaucoup de commentaires. Pourtant, il s\u2019agit ni plus ni moins que d\u2019un appel s\u00e9ditieux. Sophie Wahnich, historienne, et Catherine Tricot, directrice des \u00c9ditions <em>Regards<\/em>, sont les invit\u00e9es de #LaMidinale.<\/p>\n","protected":false},"author":1039,"featured_media":30517,"comment_status":"open","ping_status":"open","sticky":false,"template":"","format":"standard","meta":{"_themeisle_gutenberg_block_has_review":false,"footnotes":""},"categories":[238],"tags":[293],"class_list":["post-12913","post","type-post","status-publish","format-standard","has-post-thumbnail","hentry","category-la-midinale","tag-entretien"],"_links":{"self":[{"href":"https:\/\/archives.regards.fr\/index.php?rest_route=\/wp\/v2\/posts\/12913","targetHints":{"allow":["GET"]}}],"collection":[{"href":"https:\/\/archives.regards.fr\/index.php?rest_route=\/wp\/v2\/posts"}],"about":[{"href":"https:\/\/archives.regards.fr\/index.php?rest_route=\/wp\/v2\/types\/post"}],"author":[{"embeddable":true,"href":"https:\/\/archives.regards.fr\/index.php?rest_route=\/wp\/v2\/users\/1039"}],"replies":[{"embeddable":true,"href":"https:\/\/archives.regards.fr\/index.php?rest_route=%2Fwp%2Fv2%2Fcomments&post=12913"}],"version-history":[{"count":0,"href":"https:\/\/archives.regards.fr\/index.php?rest_route=\/wp\/v2\/posts\/12913\/revisions"}],"wp:featuredmedia":[{"embeddable":true,"href":"https:\/\/archives.regards.fr\/index.php?rest_route=\/wp\/v2\/media\/30517"}],"wp:attachment":[{"href":"https:\/\/archives.regards.fr\/index.php?rest_route=%2Fwp%2Fv2%2Fmedia&parent=12913"}],"wp:term":[{"taxonomy":"category","embeddable":true,"href":"https:\/\/archives.regards.fr\/index.php?rest_route=%2Fwp%2Fv2%2Fcategories&post=12913"},{"taxonomy":"post_tag","embeddable":true,"href":"https:\/\/archives.regards.fr\/index.php?rest_route=%2Fwp%2Fv2%2Ftags&post=12913"}],"curies":[{"name":"wp","href":"https:\/\/api.w.org\/{rel}","templated":true}]}}