{"id":12910,"date":"2021-04-23T12:01:06","date_gmt":"2021-04-23T10:01:06","guid":{"rendered":"https:\/\/wp.muchomaas.com\/article-sandra-lhote-fernandes-on-n-aura-jamais-une-vie-normale-tant-que-la-population\/"},"modified":"2023-06-24T00:14:48","modified_gmt":"2023-06-23T22:14:48","slug":"article-sandra-lhote-fernandes-on-n-aura-jamais-une-vie-normale-tant-que-la-population","status":"publish","type":"post","link":"https:\/\/archives.regards.fr\/?p=12910","title":{"rendered":"Sandra Lhote-Fernandes : \u00ab On n\u2019aura jamais une vie normale tant que la population mondiale ne sera pas vaccin\u00e9e. \u00bb"},"content":{"rendered":"<p class=\"post_excerpt\">Pour Oxfam, le Covid est &#8220;le virus des in\u00e9galit\u00e9s&#8221;. Les in\u00e9galit\u00e9s explosent depuis un an au point que 500 millions de personnes pourraient basculer dans la pauvret\u00e9. In\u00e9galit\u00e9s sociales. Mais aussi in\u00e9galit\u00e9 d\u2019acc\u00e8s aux soins. Et au vaccin. Sandra Lhote-Fernandes, responsable du plaidoyer sant\u00e9 chez Oxfam, est l\u2019invit\u00e9e de #LaMidinale.\n<\/p>\n<h2>UNE MIDINALE \u00c0 VOIR&#8230;<\/h2>\n<p><iframe loading=\"lazy\" width=\"490\" height=\"276\" src=\"https:\/\/www.youtube.com\/embed\/poGykLTHjLI\" title=\"YouTube video player\" frameborder=\"0\" allow=\"accelerometer; autoplay; clipboard-write; encrypted-media; gyroscope; picture-in-picture\" allowfullscreen><\/iframe><\/p>\n<p>&nbsp;<\/p>\n<p><h2>ET \u00c0 LIRE&#8230;<\/h2>\n<p><strong>Sur la strat\u00e9gie vaccinale des pays du nord<\/strong><br \/>\n\u00ab Les in\u00e9galit\u00e9s vaccinales, au-del\u00e0 de la faillite morale qu\u2019elles repr\u00e9sentent, sont un non sens sanitaire et \u00e9conomique. \u00bb<br \/>\n\u00ab Les \u00e9pid\u00e9miologistes du monde entier alertent sur le fait que nous avons moins d\u2019un an pour vacciner le plus de personnes \u00e0 l\u2019\u00e9chelle mondiale sinon on va laisser se propager le virus qui entrainera des mutations et rendra les vaccins actuels inefficaces. \u00bb<br \/>\n\u00ab L\u2019int\u00e9r\u00eat de tous les pays, y compris des pays riches, est d\u2019avancer vers l\u2019immunit\u00e9 collective \u00e0 l\u2019\u00e9chelle mondiale. \u00bb<br \/>\n\u00ab Les pays ont financ\u00e9 une grande partie des vaccins et le d\u00e9ploient dans leurs pays mais pourraient devoir repartir \u00e0 z\u00e9ro avec l\u2019apparition des variants dans d\u2019autres r\u00e9gions du monde et qui arrivent sur leurs territoires. \u00bb<br \/>\n\u00ab Des variants qui arriveraient dans des pays riches vaccin\u00e9s pourraient obliger de recommencer une nouvelle campagne vaccinale. \u00bb<br \/>\n\u00ab On d\u00e9nonce un apartheid vaccinal. \u00bb<br \/>\n\u00ab Les pays riches ne s\u2019engagent pas assez en faveur de l\u2019immunit\u00e9 collective mondiale. \u00bb<br \/>\n\u00ab En plus de ne pas financer la solidarit\u00e9 internationale, les pays riches s\u2019opposent \u00e0 la lev\u00e9e de la propri\u00e9t\u00e9 intellectuelle des vaccins qui est pourtant cruciale pour permettre d\u2019augmenter massivement la production de vaccins \u00e0 l\u2019\u00e9chelle mondiale. \u00bb<br \/>\n\u00ab Les pays riches vaccinent de plus en plus des populations moins prioritaires alors que dans les pays pauvres, les personnels de sant\u00e9 ne sont m\u00eame pas encore prot\u00e9g\u00e9s. Il y a un v\u00e9ritable \u00e9go\u00efsme vaccinal. \u00bb<\/p>\n<p><strong>Sur nos capacit\u00e9s productives de vaccins<\/strong><br \/>\n\u00ab Il y a un enjeu tr\u00e8s important de capacit\u00e9 de production. On doit produire plusieurs milliards de doses en tr\u00e8s peu de temps pour vacciner l\u2019ensemble de la population mondiale. \u00bb<br \/>\n\u00ab Il y a un vrai effort de guerre \u00e0 faire pour reprendre les mots du pr\u00e9sident fran\u00e7ais et pourtant tout n\u2019est pas fait pour augmenter massivement la production de vaccin. \u00bb<br \/>\n\u00ab Les pays riches d\u00e9fendent les laboratoires pharmaceutiques qui sont vent debout contre la lev\u00e9e de la propri\u00e9t\u00e9 intellectuelle. C\u2019est gr\u00e2ce \u00e0 cette propri\u00e9t\u00e9 intellectuelle que les laboratoires peuvent maximiser leurs profits. \u00bb<br \/>\n\u00ab Les trois grands laboratoires pharmaceutiques qui ont d\u00e9velopp\u00e9 des vaccins anti-Covid &#8211; Pfizer, Johnson &#038; Johnson, et AztraZeneca &#8211; ont vers\u00e9 plus de 36 milliards \u00e0 leurs actionnaires au cours de ces douze derniers mois. \u00bb<br \/>\n\u00ab Les Etats n\u2019arrivent pas \u00e0 reprendre le contr\u00f4le et laissent les laboratoires pharmaceutiques monopoliser la production de vaccins. \u00bb<br \/>\n\u00ab Les experts de l\u2019OMS nous disent qu\u2019il y a des capacit\u00e9s de production sous-exploit\u00e9es aujourd\u2019hui. \u00bb<br \/>\n\u00ab Les Etats doivent organiser la lev\u00e9e de la propri\u00e9t\u00e9 intellectuelle et organiser le transfert de technologie ainsi que la mutualisation des savoir-faire. \u00bb<\/p>\n<p><strong>Sur les effets de la crise sur les in\u00e9galit\u00e9s<\/strong><br \/>\n\u00ab On n\u2019aura jamais une vie normale tant que la population mondiale ne sera pas vaccin\u00e9e. \u00bb<br \/>\n\u00ab L\u2019\u00e9go\u00efsme vaccinal est un non sens total. \u00bb<br \/>\n\u00ab Les in\u00e9galit\u00e9s se sont aggrav\u00e9es de fa\u00e7on simultan\u00e9e dans tous les pays du monde. \u00bb<br \/>\n\u00ab Les milliardaires ont continu\u00e9 \u00e0 s\u2019enrichir et n\u2019ont pas \u00e9t\u00e9 impact\u00e9s par la crise sanitaire. \u00bb<br \/>\n\u00ab Il faut faire contribuer ces milliardaires et ces populations les plus riches \u00e0 l\u2019effort national. \u00bb<br \/>\n\u00ab L\u2019administration de Biden soutient une plus grande taxation des soci\u00e9t\u00e9s \u00e0 l\u2019\u00e9chelle internationale. \u00bb<br \/>\n\u00ab Les populations les plus pauvres sont les personnes les plus expos\u00e9es au Covid du fait souvent de leurs professions et il y a aussi des surmortalit\u00e9s plus importantes dans des d\u00e9partements comme la Seine-Saint-Denis. \u00bb<br \/>\n\u00ab Cette \u00e9pid\u00e9mie est le nouveau symbole des in\u00e9galit\u00e9s. \u00c7a n\u2019est pas une fatalit\u00e9 mais il faut prendre des mesures tr\u00e8s rapidement et sortir de notre syst\u00e8me d\u00e9faillant. \u00bb<br \/>\n\u00ab Il va y avoir une surmortalit\u00e9 dans les pays les plus pauvres \u00e0 cause du Covid et les gens ne vont pas seulement mourir du Covid, ils vont mourir de la pauvret\u00e9, du Sida, de la Tuberculose\u2026 Donc il y a une urgence \u00e0 vacciner le plus de monde possible \u00e0 l\u2019\u00e9chelle mondiale. \u00bb<br \/>\n\u00ab On voit d\u00e9j\u00e0 des reculs en termes de lutte contre la pauvret\u00e9, contre les in\u00e9galit\u00e9s entre les femmes et les hommes &#8211; on parle d\u00e9j\u00e0 de 36 ann\u00e9es perdues &#8211; donc il faut vraiment que les pays riches prennent des d\u00e9cisions rapides. \u00bb<\/p>\n<div id='gallery-1' class='gallery galleryid-12910 gallery-columns-3 gallery-size-thumbnail'><figure class='gallery-item'>\n\t\t\t<div class='gallery-icon landscape'>\n\t\t\t\t<a href='https:\/\/archives.regards.fr\/wp-content\/uploads\/2021\/04\/capture_d_e_cran_2021-04-23_a_11-f96.58.32.png'><img loading=\"lazy\" decoding=\"async\" width=\"150\" height=\"150\" src=\"https:\/\/archives.regards.fr\/wp-content\/uploads\/2021\/04\/capture_d_e_cran_2021-04-23_a_11-f96.58.32-150x150.png\" class=\"attachment-thumbnail size-thumbnail\" alt=\"capture_d_e_cran_2021-04-23_a_11.58.32.png\" \/><\/a>\n\t\t\t<\/div><\/figure>\n\t\t<\/div>\n\n","protected":false},"excerpt":{"rendered":"<p>Pour Oxfam, le Covid est &#8220;le virus des in\u00e9galit\u00e9s&#8221;. Les in\u00e9galit\u00e9s explosent depuis un an au point que 500 millions de personnes pourraient basculer dans la pauvret\u00e9. In\u00e9galit\u00e9s sociales. Mais aussi in\u00e9galit\u00e9 d\u2019acc\u00e8s aux soins. Et au vaccin. Sandra Lhote-Fernandes, responsable du plaidoyer sant\u00e9 chez Oxfam, est l\u2019invit\u00e9e de #LaMidinale.<\/p>\n","protected":false},"author":1039,"featured_media":30512,"comment_status":"open","ping_status":"open","sticky":false,"template":"","format":"standard","meta":{"_themeisle_gutenberg_block_has_review":false,"footnotes":""},"categories":[238],"tags":[293],"class_list":["post-12910","post","type-post","status-publish","format-standard","has-post-thumbnail","hentry","category-la-midinale","tag-entretien"],"_links":{"self":[{"href":"https:\/\/archives.regards.fr\/index.php?rest_route=\/wp\/v2\/posts\/12910","targetHints":{"allow":["GET"]}}],"collection":[{"href":"https:\/\/archives.regards.fr\/index.php?rest_route=\/wp\/v2\/posts"}],"about":[{"href":"https:\/\/archives.regards.fr\/index.php?rest_route=\/wp\/v2\/types\/post"}],"author":[{"embeddable":true,"href":"https:\/\/archives.regards.fr\/index.php?rest_route=\/wp\/v2\/users\/1039"}],"replies":[{"embeddable":true,"href":"https:\/\/archives.regards.fr\/index.php?rest_route=%2Fwp%2Fv2%2Fcomments&post=12910"}],"version-history":[{"count":0,"href":"https:\/\/archives.regards.fr\/index.php?rest_route=\/wp\/v2\/posts\/12910\/revisions"}],"wp:featuredmedia":[{"embeddable":true,"href":"https:\/\/archives.regards.fr\/index.php?rest_route=\/wp\/v2\/media\/30512"}],"wp:attachment":[{"href":"https:\/\/archives.regards.fr\/index.php?rest_route=%2Fwp%2Fv2%2Fmedia&parent=12910"}],"wp:term":[{"taxonomy":"category","embeddable":true,"href":"https:\/\/archives.regards.fr\/index.php?rest_route=%2Fwp%2Fv2%2Fcategories&post=12910"},{"taxonomy":"post_tag","embeddable":true,"href":"https:\/\/archives.regards.fr\/index.php?rest_route=%2Fwp%2Fv2%2Ftags&post=12910"}],"curies":[{"name":"wp","href":"https:\/\/api.w.org\/{rel}","templated":true}]}}