{"id":12907,"date":"2021-04-22T14:27:09","date_gmt":"2021-04-22T12:27:09","guid":{"rendered":"https:\/\/wp.muchomaas.com\/article-francoise-verges-nous-vivons-dans-un-pays-imperialiste\/"},"modified":"2023-06-24T00:14:48","modified_gmt":"2023-06-23T22:14:48","slug":"article-francoise-verges-nous-vivons-dans-un-pays-imperialiste","status":"publish","type":"post","link":"https:\/\/archives.regards.fr\/?p=12907","title":{"rendered":"Fran\u00e7oise Verg\u00e8s : \u00ab Nous vivons dans un pays imp\u00e9rialiste \u00bb"},"content":{"rendered":"<p class=\"post_excerpt\">Alors que le gouvernement organise ses \u00c9tats g\u00e9n\u00e9raux de la la\u00efcit\u00e9, les \u00ab d\u00e9coloniaux \u00bb et autres \u00ab indig\u00e9nistes \u00bb \u2013 comme les nomment leurs d\u00e9tracteurs \u2013 sont la cible de caricatures et d\u2019attaques. Fran\u00e7oise Verg\u00e8s, politologue et f\u00e9ministe d\u00e9coloniale, est l\u2019invit\u00e9e de #LaMidinale.\n<\/p>\n<h2>UNE MIDINALE \u00c0 VOIR&#8230;<\/h2>\n<p><iframe loading=\"lazy\" width=\"490\" height=\"276\" src=\"https:\/\/www.youtube.com\/embed\/VZkw4H1LLA4\" title=\"YouTube video player\" frameborder=\"0\" allow=\"accelerometer; autoplay; clipboard-write; encrypted-media; gyroscope; picture-in-picture\" allowfullscreen><\/iframe><\/p>\n<p>&nbsp;<\/p>\n<p><h2>ET \u00c0 LIRE&#8230;<\/h2>\n<p><strong>Sur l\u2019offensive &#8220;anti-d\u00e9coloniale&#8221;<\/strong><br \/>\n\u00ab La violence de l\u2019offensive contre l\u2019antiracisme est \u00e0 la hauteur de leur panique. \u00c7a bouge en France et dans le monde et c\u2019est irr\u00e9versible. \u00bb<br \/>\n\u00ab C\u2019est une position d\u00e9fensive, hargneuse, haineuse et brutale \u00e0 la hauteur d\u2019un courant fasciste qui existe en France depuis longtemps. Un courant raciste, antis\u00e9mite qui fait partie de la soci\u00e9t\u00e9 fran\u00e7aise et qui n\u2019est pas exceptionnel au XXI\u00e8 si\u00e8cle. \u00bb<br \/>\n\u00ab Le \u2018d\u00e9colonial\u2019 se raccroche \u00e0 une longue histoire de toutes les personnes qui s\u2019opposent \u00e0 la colonisation et au colonialisme. \u00bb<br \/>\n\u00ab On est dans une longue histoire et on vit une nouvelle \u00e9tape de la d\u00e9colonisation. \u00bb<br \/>\n\u00ab Il y a une forme d\u2019attachement et d\u2019aveuglement \u00e0 ce qu\u2019est l\u2019h\u00e9ritage du colonialisme. \u00bb<br \/>\n\u00ab C\u2019est sous la III\u00e8 R\u00e9publique qu\u2019il y a le plus de statues coloniales qui se font en l\u2019honneur des g\u00e9n\u00e9raux de la colonisation. \u00bb<br \/>\n\u00ab La d\u00e9colonisation concerne les soci\u00e9t\u00e9s d\u00e9colonisatrices et en particulier la soci\u00e9t\u00e9 fran\u00e7aise qui s\u2019est constitu\u00e9e la colonisation. \u00bb<br \/>\n\u00ab Les statues coloniales envoient un message : c\u2019est l\u2019esth\u00e9tique de la domination, l\u2019esth\u00e9tique de la conqu\u00eate coloniale. Tr\u00e8s masculinis\u00e9e, viriliste et militaire. Est-ce qu\u2019on veut une ville qui donne \u00e0 voir ce message ? \u00bb<\/p>\n<p><strong>Sur l\u2019antiracisme et la place des personnes racis\u00e9es<\/strong><br \/>\n\u00ab Dans les ann\u00e9es 80, on a \u00e9cart\u00e9 les personnes racis\u00e9es qui \u00e9taient pr\u00e9sentes dans les marches pour l\u2019\u00e9galit\u00e9. \u00bb<br \/>\n\u00ab On oublie trop souvent que dans les ann\u00e9es 60\/70, beaucoup de personnes racis\u00e9es ont \u00e9t\u00e9 \u00e0 la t\u00eate de luttes. En 1968, il y a eu \u00e9norm\u00e9ment d\u2019ouvriers immigr\u00e9s dans les grandes gr\u00e8ves. \u00bb<br \/>\n\u00ab Ce que r\u00e9ussissait encore le Parti socialiste dans les ann\u00e9es 80, il ne le peut plus aujourd\u2019hui. Il a perdu une position h\u00e9g\u00e9monique. \u00c7a n\u2019est plus lui qui donne le \u2018LA\u2019 mais d\u2019autres : des collectifs, des artistes, des universitaires. \u00bb<br \/>\n\u00ab La capacit\u00e9 de neutralisation du PS n\u2019est plus possible aujourd\u2019hui. \u00bb<br \/>\n\u00ab Une partie de la classe politique ne voit pas son propre racisme, son propre paternalisme. \u00bb<br \/>\n\u00ab Certains hommes blancs qui r\u00e9pondent \u00e0 Rokhaya Diallo ne supportent pas de voir une jeune femme noire leur parler d\u2019\u00e9gal \u00e0 \u00e9gal. C\u2019est un racisme. \u00bb<\/p>\n<p><strong>Sur les \u00c9tats g\u00e9n\u00e9raux de la la\u00efcit\u00e9<\/strong><br \/>\n\u00ab On voit se renforcer un f\u00e9minisme \u00e9tatique en France autour de cette question de la la\u00efcit\u00e9. \u00bb<br \/>\n\u00ab On s\u2019appuie sur ce vocabulaire de la\u00efcit\u00e9 pour viser les musulmans et les musulmanes. \u00bb<br \/>\n\u00ab Les \u00c9tats g\u00e9n\u00e9raux de la la\u00efcit\u00e9 sont une op\u00e9ration politicienne \u00e0 vis\u00e9e islamophobe. \u00bb<br \/>\n\u00ab Autour de la question de l\u2019Islam et des femmes, des femmes musulmanes particuli\u00e8rement, on cherche \u00e0 se reconstituer une certaine id\u00e9e de la nation fran\u00e7aise. \u00bb<br \/>\n\u00ab Il y a la volont\u00e9 de cibler des hommes, des femmes en utilisant un vocabulaire d\u2019extr\u00eame droite. \u00bb<br \/>\n\u00ab Le plus grand nombre de victimes de ces hommes qui font appel \u00e0 l\u2019Islam sont principalement des musulmans. \u00bb<br \/>\n\u00ab Caroline Fourest porte un discours qui alimente la haine et qui cible, qui montre des cibles et montre des cibles \u00e0 la violence. \u00bb<br \/>\n\u00ab Le pouvoir tente de diaboliser des personnes pour les marginaliser et les mettre de c\u00f4t\u00e9. Faire peur a toujours \u00e9t\u00e9 une tactique du pouvoir. Il faut lutter contre la peur et promouvoir la solidarit\u00e9. \u00bb<br \/>\n\u00ab Il y a des personnes comme Caroline Fourest qui estiment qu\u2019il y a des personnes qui peuvent recevoir des menaces et d\u2019autres non. Pour moi, aucune femme ne doit recevoir des menaces de mort. \u00bb<br \/>\n\u00ab Le pouvoir est en train de mener une contre r\u00e9volution. \u00bb<br \/>\n\u00ab L\u2019Etat fran\u00e7ais reste un Etat colonial. \u00bb<\/p>\n<p><strong>Sur l\u2019inculture politique du fait colonial<\/strong><br \/>\n\u00ab Il y a une part d\u2019inculture et d\u2019ignorance qu\u2019une partie de la classe politique entretient. \u00bb<br \/>\n\u00ab Il y a le maintien d\u2019une ignorance parce qu\u2019elle prot\u00e8ge l\u2019innocence. \u00bb<br \/>\n\u00ab L\u2019histoire de l\u2019esclavage a dur\u00e9 quatre si\u00e8cles. \u00c7a ne peut qu\u2019avoir un effet sur nos soci\u00e9t\u00e9s. \u00bb<br \/>\n\u00ab Il y a une ignorance maintenue sur le fait colonial pour pr\u00e9server une forme d\u2019innocence. \u00bb<br \/>\n\u00ab Une grande partie a \u00e9t\u00e9 pour la colonisation post-esclavagiste et l&#8217;a soutenue. \u00bb<br \/>\n\u00ab Rachel Kahn se met du c\u00f4t\u00e9 du pouvoir. Ce n&#8217;est pas la premi\u00e8re fois qu\u2019on voit des personnes racis\u00e9es du c\u00f4t\u00e9 du pouvoir. On sait aussi tr\u00e8s bien comment le pouvoir instrumentalise \u00e7a. \u00bb<br \/>\n\u00ab Les personnes ne naissent pas racis\u00e9es. Elles sont racis\u00e9es par l\u2019\u00e9cole et des tas d\u2019autres choses et qui font que les personnes racis\u00e9es n\u2019ont pas le m\u00eame acc\u00e8s \u00e0 l\u2019\u00e9cole, au travail, \u00e0 la sant\u00e9, au logement que toutes les autres personnes. \u00bb<\/p>\n<p><strong>Sur le combat politique et intellectuel<\/strong><br \/>\n\u00ab Il faut renforcer nos argumentaires et nos connaissances. \u00bb<br \/>\n\u00ab Il faut de plus en plus se poser la question de la prise de pouvoir. Et je pense qu\u2019il le faut. \u00bb<br \/>\n\u00ab Il faut faire comprendre qu\u2019on vit dans un pays imp\u00e9rialiste. \u00bb<br \/>\n\u00ab Il faut se battre pour cette conception d\u2019une humanit\u00e9 qui ne se s\u00e9pare pas entre les vies qui comptent et les vies qui ne comptent pas. \u00bb<br \/>\n\u00ab Il y a des enfants qui naissent en France qui n\u2019ont pas le droit \u00e0 l\u2019enfance. \u00bb<\/p>\n<p><strong>Sur Macron, l\u2019extr\u00eame droite et la gauche<\/strong><br \/>\n\u00ab Il y a une vieille obsession sur la question de la migration. \u00bb<br \/>\n\u00ab Ce qui me frappe, c\u2019est qu\u2019alors que les jeunes occidentaux ont toujours \u00e9t\u00e9 encourag\u00e9s \u00e0 voyager, \u00e0 d\u00e9couvrir le monde pour devenir une femme ou un homme, il n\u2019en est pas question pour les jeunes africains, maghr\u00e9bins ou carib\u00e9ens qui doivent rester dans leurs pays. \u00bb<br \/>\n\u00ab Marine Le Pen n\u2019a plus besoin de parler, ses id\u00e9es sont reprises. \u00bb<br \/>\n\u00ab Les mots de Marine Le Pen sont repris par la gauche sans aucune honte. \u00bb<br \/>\n\u00ab Il y a une crise profonde de la gauche en Europe. \u00bb<br \/>\n<div id='gallery-1' class='gallery galleryid-12907 gallery-columns-3 gallery-size-thumbnail'><figure class='gallery-item'>\n\t\t\t<div class='gallery-icon landscape'>\n\t\t\t\t<a href='https:\/\/archives.regards.fr\/wp-content\/uploads\/2021\/04\/capture_d_e_cran_2021-04-22_a_14-897.24.58.png'><img loading=\"lazy\" decoding=\"async\" width=\"150\" height=\"150\" src=\"https:\/\/archives.regards.fr\/wp-content\/uploads\/2021\/04\/capture_d_e_cran_2021-04-22_a_14-897.24.58-150x150.png\" class=\"attachment-thumbnail size-thumbnail\" alt=\"capture_d_e_cran_2021-04-22_a_14.24.58.png\" \/><\/a>\n\t\t\t<\/div><\/figure>\n\t\t<\/div>\n<\/p>\n","protected":false},"excerpt":{"rendered":"<p>Alors que le gouvernement organise ses \u00c9tats g\u00e9n\u00e9raux de la la\u00efcit\u00e9, les \u00ab d\u00e9coloniaux \u00bb et autres \u00ab indig\u00e9nistes \u00bb \u2013 comme les nomment leurs d\u00e9tracteurs \u2013 sont la cible de caricatures et d\u2019attaques. Fran\u00e7oise Verg\u00e8s, politologue et f\u00e9ministe d\u00e9coloniale, est l\u2019invit\u00e9e de #LaMidinale.<\/p>\n","protected":false},"author":1039,"featured_media":30510,"comment_status":"open","ping_status":"open","sticky":false,"template":"","format":"standard","meta":{"_themeisle_gutenberg_block_has_review":false,"footnotes":""},"categories":[238],"tags":[293],"class_list":["post-12907","post","type-post","status-publish","format-standard","has-post-thumbnail","hentry","category-la-midinale","tag-entretien"],"_links":{"self":[{"href":"https:\/\/archives.regards.fr\/index.php?rest_route=\/wp\/v2\/posts\/12907","targetHints":{"allow":["GET"]}}],"collection":[{"href":"https:\/\/archives.regards.fr\/index.php?rest_route=\/wp\/v2\/posts"}],"about":[{"href":"https:\/\/archives.regards.fr\/index.php?rest_route=\/wp\/v2\/types\/post"}],"author":[{"embeddable":true,"href":"https:\/\/archives.regards.fr\/index.php?rest_route=\/wp\/v2\/users\/1039"}],"replies":[{"embeddable":true,"href":"https:\/\/archives.regards.fr\/index.php?rest_route=%2Fwp%2Fv2%2Fcomments&post=12907"}],"version-history":[{"count":0,"href":"https:\/\/archives.regards.fr\/index.php?rest_route=\/wp\/v2\/posts\/12907\/revisions"}],"wp:featuredmedia":[{"embeddable":true,"href":"https:\/\/archives.regards.fr\/index.php?rest_route=\/wp\/v2\/media\/30510"}],"wp:attachment":[{"href":"https:\/\/archives.regards.fr\/index.php?rest_route=%2Fwp%2Fv2%2Fmedia&parent=12907"}],"wp:term":[{"taxonomy":"category","embeddable":true,"href":"https:\/\/archives.regards.fr\/index.php?rest_route=%2Fwp%2Fv2%2Fcategories&post=12907"},{"taxonomy":"post_tag","embeddable":true,"href":"https:\/\/archives.regards.fr\/index.php?rest_route=%2Fwp%2Fv2%2Ftags&post=12907"}],"curies":[{"name":"wp","href":"https:\/\/api.w.org\/{rel}","templated":true}]}}