{"id":12905,"date":"2021-04-21T12:14:54","date_gmt":"2021-04-21T10:14:54","guid":{"rendered":"https:\/\/wp.muchomaas.com\/article-christophe-prudhomme-valerie-pecresse-represente-la-politique-pour-les-riches\/"},"modified":"2023-06-24T00:14:47","modified_gmt":"2023-06-23T22:14:47","slug":"article-christophe-prudhomme-valerie-pecresse-represente-la-politique-pour-les-riches","status":"publish","type":"post","link":"https:\/\/archives.regards.fr\/?p=12905","title":{"rendered":"Christophe Prudhomme : \u00ab Val\u00e9rie P\u00e9cresse repr\u00e9sente la politique pour les riches \u00bb"},"content":{"rendered":"<p class=\"post_excerpt\">On poursuit notre tour des r\u00e9gions dans la perspective du scrutin de juin prochain. Aujourd\u2019hui, Christophe Prudhomme, m\u00e9decin-urgentiste, porte-parole de l\u2019association de l\u2019Association des m\u00e9decins urgentistes de France et candidat t\u00eate de liste en Seine-Saint-Denis autour de la candidature de Cl\u00e9mentine Autain en Ile-de-France, est l\u2019invit\u00e9 de #LaMidinale\u200b.\n<\/p>\n<h2>UNE MIDINALE \u00c0 VOIR&#8230;<\/h2>\n<p><iframe loading=\"lazy\" width=\"490\" height=\"276\" src=\"https:\/\/www.youtube.com\/embed\/oHs5lV2QClw\" title=\"YouTube video player\" frameborder=\"0\" allow=\"accelerometer; autoplay; clipboard-write; encrypted-media; gyroscope; picture-in-picture\" allowfullscreen><\/iframe><\/p>\n<p>&nbsp;<\/p>\n<p><h2>ET \u00c0 LIRE&#8230;<\/h2>\n<p><strong>Sur le Covid et la r\u00e9ouverture des \u00e9coles<\/strong><br \/>\n\u00ab Le principe de la r\u00e9ouverture des \u00e9coles est raisonnable. Ce qui n\u2019est pas raisonnable c\u2019est qu\u2019on n&#8217;ait pas profit\u00e9 des vacances pour vacciner les personnels des \u00e9coles. \u00bb<br \/>\n\u00ab Rien n\u2019est pr\u00e9vu. Il faut maintenir les \u00e9coles ouvertes et la r\u00e9ouverture doit se faire dans de bonnes conditions. Il y a toute une organisation n\u00e9cessaire \u00e0 la r\u00e9ouverture qui n\u2019a pas \u00e9t\u00e9 mise en \u0153uvre. Le gouvernement est, une nouvelle fois, pris en flagrant d\u00e9lit de mensonge. \u00bb<\/p>\n<p><strong>Sur la progressivit\u00e9 du d\u00e9confinement<\/strong><br \/>\n\u00ab Ce syst\u00e8me d\u2019ouverture\/fermeture [des commerces, des lieux de culture, des bars\/restaurants] est contre productif. \u00bb<br \/>\n\u00ab Le virus va \u00eatre l\u00e0 pendant un certain temps et je ne vois pas de raison de ne pas maintenir l\u2019organisation d\u2019activit\u00e9s en plein air. \u00bb<br \/>\n\u00ab Les contaminations se font en lieux clos. \u00bb<br \/>\n\u00ab Il faut ventiler les locaux parce que \u00e7a fait baisser la charge virale en suspension, les fameux a\u00e9rosols. \u00bb<br \/>\n\u00ab Il faut s\u2019adapter mais il faut s\u2019en donner les moyens, ce que ne fait pas le gouvernement. Il prend des d\u00e9cisions avec plusieurs semaines de retard. \u00bb<\/p>\n<p><strong>Sur la situation du Covid en Seine-Saint-Denis<\/strong><br \/>\n\u00ab Le vaccinodrome est une op\u00e9ration m\u00e9diatique parce qu\u2019il ne r\u00e8gle pas le probl\u00e8me du nombre de doses disponibles. \u00bb<br \/>\n\u00ab 50% des doses ont \u00e9t\u00e9 retir\u00e9es aux centres de vaccination de proximit\u00e9. \u00bb<br \/>\n\u00ab Dans la Seine-Saint-Denis, les gens devraient \u00eatre vaccin\u00e9s parce qu\u2019ils sont les plus expos\u00e9s, du fait de leurs m\u00e9tiers le plus souvent qui ne sont pas compatibles avec le t\u00e9l\u00e9travail. \u00bb<br \/>\n\u00ab Les \u00e9l\u00e9ments \u00e9pid\u00e9miologiques montrent qu\u2019en Seine-Saint-Denis, il y a une mortalit\u00e9 plus importante chez les personnes aux faibles revenus. \u00bb<br \/>\n\u00ab Dans certains centres de vaccination, 50% des doses \u00e9taient administr\u00e9es \u00e0 des gens qui venaient d\u2019autres d\u00e9partements de la Seine-Saint-Denis. \u00bb<\/p>\n<p><strong>Sur le programme sant\u00e9 de Cl\u00e9mentine Autain<\/strong><br \/>\n\u00ab Nous proposons de former 20.000 professionnels de sant\u00e9. Les \u00e9tudiants seront r\u00e9mun\u00e9r\u00e9s au niveau du SMIC. \u00bb<br \/>\n\u00ab Plut\u00f4t que de financer l\u2019outil de travail des lib\u00e9raux &#8211; ce que font les collectivit\u00e9s locales &#8211; il faut cr\u00e9er des centres de sant\u00e9 pluriprofessionnels. \u00c7a r\u00e9pond aussi \u00e0 une demande des professionnels. \u00bb<br \/>\n\u00ab Il faut ouvrir des centres de sant\u00e9 l\u00e0 o\u00f9 il y a des besoins et il y aura donc du travail l\u00e0 o\u00f9 sont ces besoins. \u00bb<br \/>\n\u00ab C\u2019est le r\u00f4le politique de la r\u00e9gion de discuter avec l\u2019ARS et l\u2019ensemble des partenaires, la cr\u00e9ation de 300 centres de sant\u00e9 qui irrigueraient toute l\u2019Ile-de-France. \u00bb<\/p>\n<p><strong>Sur la d\u00e9sunion en Ile-de-France<\/strong><br \/>\n\u00ab Nous avons d\u2019embl\u00e9e annonc\u00e9 la n\u00e9cessit\u00e9 de rassembler la gauche et les \u00e9cologistes au deuxi\u00e8me tour. \u00bb<br \/>\n\u00ab La r\u00e9gion Ile-de-France est la r\u00e9gion capitale donc il y a parfois des questions d\u2019\u00e9gos. \u00bb<br \/>\n\u00ab Monsieur Bayou est dirigeant national des Verts donc il veut se mettre en avant parce que pour lui, les \u00e9lections r\u00e9gionales sont un tremplin pour l\u2019\u00e9lection pr\u00e9sidentielle. On peut le regretter. \u00bb<br \/>\n\u00ab Il faut qu\u2019on r\u00e9nove la politique. Moi je viens du terrain et si on avait beaucoup moins de professionnels de la politique et plus de gens comme moi ou d\u2019autres qui sont pr\u00e9sents sur la liste men\u00e9e par Cl\u00e9mentine Autain, \u00e7a permettrait de faire qu\u2019il y ait une autre app\u00e9tence de la politique et que le parti majoritaire en France ne soit pas les abstentionnistes. \u00bb<\/p>\n<p><strong>Sur Val\u00e9rie P\u00e9cresse<\/strong><br \/>\n\u00ab Val\u00e9rie P\u00e9cresse repr\u00e9sente la politique pour les riches et les favoris\u00e9s. \u00bb<br \/>\n\u00ab Val\u00e9rie P\u00e9cresse fait du client\u00e9lisme parce que ses subventions vont pour ses amis politiques en instrumentalisant par ailleurs quelques affaires comme \u00e7a a \u00e9t\u00e9 le cas \u00e0 Trappes. \u00bb<br \/>\n\u00ab J\u2019en ai assez de cette politique politicienne et de ces gens qui pensent au coup d\u2019apr\u00e8s et \u00e0 leurs ambitions nationales. \u00bb<br \/>\n\u00ab On a besoin de plus de services publics. \u00bb<\/p>\n<p><strong>Sur le 21 avril (19 ans apr\u00e8s Jean-Marie Le Pen)<\/strong><br \/>\n\u00ab L\u2019offre politique n\u2019a pas \u00e9t\u00e9 \u00e0 la hauteur : depuis 2002, les gouvernements ont \u00e9t\u00e9 de droite et de gauche et ils ont appliqu\u00e9 la m\u00eame politique lib\u00e9rale. \u00bb<br \/>\n\u00ab Dans le domaine de la sant\u00e9, je vois les tracts du RN. Sur le recto du tract c\u2019est \u2018d\u00e9fense des services publics, d\u00e9fense des h\u00f4pitaux et embauches de personnels\u2019. Sur le verso c\u2019est \u2018si notre syst\u00e8me de sant\u00e9 est en difficult\u00e9 c\u2019est parce qu\u2019on offre des soins gratuits aux \u00e9trangers et il faut arr\u00eater l\u2019immigration\u2019. \u00c7a parle aux professionnels. \u00bb<br \/>\n\u00ab Beaucoup de mes coll\u00e8gues soignants ne vont pas voter et quand ils votent, ils votent RN comme \u00e0 la derni\u00e8re pr\u00e9sidentielle o\u00f9 ils \u00e9taient 40%. Ils n\u2019adh\u00e8rent pas aux id\u00e9es r\u00e9gressives du RN mais c\u2019est un vote de protestation. \u00bb<br \/>\n\u00ab Si on veut une autre perspective qu\u2019un duel Macron\/Le Pen, tout le monde doit faire son autocritique, y compris les partis qui soutiennent la liste sur laquelle je suis : le PCF, LFI. \u00bb<div id='gallery-1' class='gallery galleryid-12905 gallery-columns-3 gallery-size-thumbnail'><figure class='gallery-item'>\n\t\t\t<div class='gallery-icon landscape'>\n\t\t\t\t<a href='https:\/\/archives.regards.fr\/wp-content\/uploads\/2021\/04\/capture_d_e_cran_2021-04-21_a_12-721.12.54.png'><img loading=\"lazy\" decoding=\"async\" width=\"150\" height=\"150\" src=\"https:\/\/archives.regards.fr\/wp-content\/uploads\/2021\/04\/capture_d_e_cran_2021-04-21_a_12-721.12.54-150x150.png\" class=\"attachment-thumbnail size-thumbnail\" alt=\"capture_d_e_cran_2021-04-21_a_12.12.54.png\" \/><\/a>\n\t\t\t<\/div><\/figure>\n\t\t<\/div>\n<\/p>\n","protected":false},"excerpt":{"rendered":"<p>On poursuit notre tour des r\u00e9gions dans la perspective du scrutin de juin prochain. Aujourd\u2019hui, Christophe Prudhomme, m\u00e9decin-urgentiste, porte-parole de l\u2019association de l\u2019Association des m\u00e9decins urgentistes de France et candidat t\u00eate de liste en Seine-Saint-Denis autour de la candidature de Cl\u00e9mentine Autain en Ile-de-France, est l\u2019invit\u00e9 de #LaMidinale\u200b.<\/p>\n","protected":false},"author":1039,"featured_media":30508,"comment_status":"open","ping_status":"open","sticky":false,"template":"","format":"standard","meta":{"_themeisle_gutenberg_block_has_review":false,"footnotes":""},"categories":[238],"tags":[293],"class_list":["post-12905","post","type-post","status-publish","format-standard","has-post-thumbnail","hentry","category-la-midinale","tag-entretien"],"_links":{"self":[{"href":"https:\/\/archives.regards.fr\/index.php?rest_route=\/wp\/v2\/posts\/12905","targetHints":{"allow":["GET"]}}],"collection":[{"href":"https:\/\/archives.regards.fr\/index.php?rest_route=\/wp\/v2\/posts"}],"about":[{"href":"https:\/\/archives.regards.fr\/index.php?rest_route=\/wp\/v2\/types\/post"}],"author":[{"embeddable":true,"href":"https:\/\/archives.regards.fr\/index.php?rest_route=\/wp\/v2\/users\/1039"}],"replies":[{"embeddable":true,"href":"https:\/\/archives.regards.fr\/index.php?rest_route=%2Fwp%2Fv2%2Fcomments&post=12905"}],"version-history":[{"count":0,"href":"https:\/\/archives.regards.fr\/index.php?rest_route=\/wp\/v2\/posts\/12905\/revisions"}],"wp:featuredmedia":[{"embeddable":true,"href":"https:\/\/archives.regards.fr\/index.php?rest_route=\/wp\/v2\/media\/30508"}],"wp:attachment":[{"href":"https:\/\/archives.regards.fr\/index.php?rest_route=%2Fwp%2Fv2%2Fmedia&parent=12905"}],"wp:term":[{"taxonomy":"category","embeddable":true,"href":"https:\/\/archives.regards.fr\/index.php?rest_route=%2Fwp%2Fv2%2Fcategories&post=12905"},{"taxonomy":"post_tag","embeddable":true,"href":"https:\/\/archives.regards.fr\/index.php?rest_route=%2Fwp%2Fv2%2Ftags&post=12905"}],"curies":[{"name":"wp","href":"https:\/\/api.w.org\/{rel}","templated":true}]}}