{"id":12902,"date":"2021-04-20T11:38:54","date_gmt":"2021-04-20T09:38:54","guid":{"rendered":"https:\/\/wp.muchomaas.com\/article-marina-mesure-en-paca-eelv-veut-imposer-aux-onze-organisations-et-collectifs\/"},"modified":"2023-06-24T00:14:43","modified_gmt":"2023-06-23T22:14:43","slug":"article-marina-mesure-en-paca-eelv-veut-imposer-aux-onze-organisations-et-collectifs","status":"publish","type":"post","link":"https:\/\/archives.regards.fr\/?p=12902","title":{"rendered":"Marina Mesure : \u00ab\u00a0En PACA, EELV veut imposer aux onze organisations et collectifs citoyens une t\u00eate de liste \u00e9colo\u00a0\u00bb"},"content":{"rendered":"<p class=\"post_excerpt\">En PACA, alors que la gauche et les \u00e9cologistes sont absents du conseil r\u00e9gional depuis 2015, la dynamique unitaire patine et EELV veut imposer sa t\u00eate de liste. Marina Mesure, cheffe de file de la FI, est l\u2019invit\u00e9e de #LaMidinale.<\/p>\n<h2>UNE MIDINALE \u00c0 VOIR&#8230;<\/h2>\n<p><iframe loading=\"lazy\" width=\"490\" height=\"276\" src=\"https:\/\/www.youtube.com\/embed\/S-WDr-7SOJs\" title=\"YouTube video player\" frameborder=\"0\" allow=\"accelerometer; autoplay; clipboard-write; encrypted-media; gyroscope; picture-in-picture\" allowfullscreen><\/iframe><\/p>\n<p>&nbsp;<\/p>\n<p><h2>ET \u00c0 LIRE&#8230;<\/h2>\n<p><strong>Sur l\u2019unit\u00e9 de la gauche et des \u00e9cologistes en PACA<\/strong><br \/>\n\u00ab Les r\u00e9gionales ne passionnent pas les foules mais touchent des sujets du quotidien. \u00bb<br \/>\n\u00ab Nous nous sommes d\u00e8s janvier dans la dynamique r\u00e9gionale unitaire. \u00bb<br \/>\n\u00ab EELV, quelques jours apr\u00e8s le lancement de la dynamique unitaire, a d\u00e9cid\u00e9 de faire cavalier seul autour du p\u00f4le \u00e9cologique. Depuis, nous n\u2019avons pas cess\u00e9 de tendre la main \u00e0 ce p\u00f4le \u00e9cologique pour qu\u2019il rejoigne la dynamique unitaire. \u00bb<br \/>\n\u00ab \u00c0 quelques jours du d\u00e9p\u00f4t des candidatures, il y a un d\u00e9but de discussion qui se cr\u00e9e mais, h\u00e9las, pas avec tout le monde. La dynamique unitaire est en train d\u2019\u00eatre balay\u00e9e d\u2019un revers de la main. \u00bb<br \/>\n\u00ab Il est tr\u00e8s \u00e9trange de dire dans la presse qu\u2019EELV veut travailler \u00e0 l\u2019union mais sans la France insoumise qui est l\u2019une des principales forces politiques dans la r\u00e9gion. \u00bb<br \/>\n\u00ab Le p\u00f4le \u00e9colo s\u2019interroge sur la strat\u00e9gie d\u2019union d\u00e8s le premier tour. \u00bb<br \/>\n\u00ab Hier, il y a eu une rencontre avec l\u2019ensemble de l\u2019appel \u2018Il est temps\u2019 et du p\u00f4le \u00e9colo. Le p\u00f4le \u00e9colo n\u2019a pas souhait\u00e9 parler du programme et n\u2019a toujours pas arr\u00eat\u00e9 de strat\u00e9gie \u00e0 quelques jours du d\u00e9p\u00f4t des listes. \u00bb<br \/>\n\u00ab EELV veut imposer aux onze organisations et collectifs citoyens une t\u00eate de liste \u00e9colo. \u00bb<br \/>\n\u00ab Il n\u2019y a pas de conflit entre les \u00e9cologistes et les insoumis en PACA. Il y a eu des divisions internes chez les \u00e9cologistes. \u00bb<br \/>\n\u00ab On est dans une impasse mais on doit d\u00e9passer cela. L\u2019urgence est trop importante. \u00bb<\/p>\n<p><strong>Sur la candidature d\u2019Olivia Fortin<\/strong><br \/>\n\u00ab La candidature d\u2019Olivia Fortin n\u2019est pas tr\u00e8s opportune. \u00bb<br \/>\n\u00ab Olivia Fortin n\u2019a pas rejoint le cadre unitaire et en janvier elle avait refus\u00e9 de signer l\u2019appel \u2018Il est temps\u2019. \u00bb<br \/>\n\u00ab La candidature d\u2019Olivia Fortin n\u2019est pas port\u00e9e par un cadre collectif ou unitaire. \u00bb<br \/>\n\u00ab Olivia Fortin a expliqu\u00e9 sa d\u00e9marche pour sortir du rapport de force impos\u00e9 par les \u00e9cologistes. \u00bb<br \/>\n\u00ab La FI n\u2019a d\u00e9clar\u00e9 aucune t\u00eate de liste parce que nous voulons le rassemblement et nous voulons que \u00e7a fonctionne. \u00bb<br \/>\n\u00ab On peut faire sortir un consensus autour d\u2019une t\u00eate de liste qui ne soit pas clivante. \u00bb<\/p>\n<p><strong>Sur la d\u00e9marche de la France insoumise<\/strong><br \/>\n\u00ab L\u2019urgence est de se structurer et d\u2019avancer dans le cadre unitaire que nous avons construit. \u00bb<br \/>\n\u00ab Du c\u00f4t\u00e9 de la FI on travaille \u00e0 remobiliser les classes populaires et c\u2019est pour \u00e7a qu\u2019on a lanc\u00e9 notre site \u2018Paca Populaire\u2019. \u00bb<br \/>\n\u00ab Populaire, c\u2019est l\u2019id\u00e9e que les gens se saisissent de l\u2019outil politique. \u00bb<br \/>\n\u00ab Nous voulons convaincre que l\u2019\u00e9chelon r\u00e9gional est pertinent. \u00bb<br \/>\n\u00ab Nous organisons des auditions citoyennes et des agoras populaires pour faire \u00e9merger les pr\u00e9occupations des citoyens. \u00bb<\/p>\n<p><strong>Sur le bilan de Renaud Muselier<\/strong><br \/>\n\u00ab En PACA, Renaud Muselier a un bilan de politique lib\u00e9rale et climaticide pour la r\u00e9gion. \u00bb<br \/>\n\u00ab Face \u00e0 la concurrence de tous contre contre tous, c\u2019est le pari de la solidarit\u00e9 qu\u2019il faut porter. \u00bb<\/p>\n<p><strong>Sur les r\u00e9sultats aux \u00e9lections professionnelles TPE\/PME<\/strong><br \/>\n\u00ab Les \u00e9lections sur les TPE concernent 5 millions de salari\u00e9s. \u00bb<br \/>\n\u00ab Il est inqui\u00e9tant que le gouvernement n\u2019ait pas \u00e9t\u00e9 \u00e0 la hauteur de ces \u00e9lections qui ont \u00e9t\u00e9 report\u00e9es trois fois, sans campagne de communication. \u00bb<div id='gallery-1' class='gallery galleryid-12902 gallery-columns-3 gallery-size-thumbnail'><figure class='gallery-item'>\n\t\t\t<div class='gallery-icon landscape'>\n\t\t\t\t<a href='https:\/\/archives.regards.fr\/wp-content\/uploads\/2021\/04\/capture_d_e_cran_2021-04-20_a_11-489.34.29.png'><img loading=\"lazy\" decoding=\"async\" width=\"150\" height=\"150\" src=\"https:\/\/archives.regards.fr\/wp-content\/uploads\/2021\/04\/capture_d_e_cran_2021-04-20_a_11-489.34.29-150x150.png\" class=\"attachment-thumbnail size-thumbnail\" alt=\"capture_d_e_cran_2021-04-20_a_11.34.29.png\" \/><\/a>\n\t\t\t<\/div><\/figure>\n\t\t<\/div>\n<\/p>\n","protected":false},"excerpt":{"rendered":"<p>En PACA, alors que la gauche et les \u00e9cologistes sont absents du conseil r\u00e9gional depuis 2015, la dynamique unitaire patine et EELV veut imposer sa t\u00eate de liste. Marina Mesure, cheffe de file de la FI, est l\u2019invit\u00e9e de #LaMidinale.<\/p>\n","protected":false},"author":1039,"featured_media":30504,"comment_status":"open","ping_status":"open","sticky":false,"template":"","format":"standard","meta":{"_themeisle_gutenberg_block_has_review":false,"footnotes":""},"categories":[238],"tags":[293],"class_list":["post-12902","post","type-post","status-publish","format-standard","has-post-thumbnail","hentry","category-la-midinale","tag-entretien"],"_links":{"self":[{"href":"https:\/\/archives.regards.fr\/index.php?rest_route=\/wp\/v2\/posts\/12902","targetHints":{"allow":["GET"]}}],"collection":[{"href":"https:\/\/archives.regards.fr\/index.php?rest_route=\/wp\/v2\/posts"}],"about":[{"href":"https:\/\/archives.regards.fr\/index.php?rest_route=\/wp\/v2\/types\/post"}],"author":[{"embeddable":true,"href":"https:\/\/archives.regards.fr\/index.php?rest_route=\/wp\/v2\/users\/1039"}],"replies":[{"embeddable":true,"href":"https:\/\/archives.regards.fr\/index.php?rest_route=%2Fwp%2Fv2%2Fcomments&post=12902"}],"version-history":[{"count":0,"href":"https:\/\/archives.regards.fr\/index.php?rest_route=\/wp\/v2\/posts\/12902\/revisions"}],"wp:featuredmedia":[{"embeddable":true,"href":"https:\/\/archives.regards.fr\/index.php?rest_route=\/wp\/v2\/media\/30504"}],"wp:attachment":[{"href":"https:\/\/archives.regards.fr\/index.php?rest_route=%2Fwp%2Fv2%2Fmedia&parent=12902"}],"wp:term":[{"taxonomy":"category","embeddable":true,"href":"https:\/\/archives.regards.fr\/index.php?rest_route=%2Fwp%2Fv2%2Fcategories&post=12902"},{"taxonomy":"post_tag","embeddable":true,"href":"https:\/\/archives.regards.fr\/index.php?rest_route=%2Fwp%2Fv2%2Ftags&post=12902"}],"curies":[{"name":"wp","href":"https:\/\/api.w.org\/{rel}","templated":true}]}}