{"id":12899,"date":"2021-04-19T12:55:14","date_gmt":"2021-04-19T10:55:14","guid":{"rendered":"https:\/\/wp.muchomaas.com\/article-karima-delli-pour-changer-la-france-nous-allons-gagner-les-hauts-de-france\/"},"modified":"2023-06-24T00:14:42","modified_gmt":"2023-06-23T22:14:42","slug":"article-karima-delli-pour-changer-la-france-nous-allons-gagner-les-hauts-de-france","status":"publish","type":"post","link":"https:\/\/archives.regards.fr\/?p=12899","title":{"rendered":"Karima Delli : \u00ab Pour changer la France, nous allons gagner les Hauts-de-France \u00bb"},"content":{"rendered":"<p class=\"post_excerpt\">La gauche et les \u00e9cologistes ont une candidate unique dans les Hauts-de-France. L\u2019enjeu : faire tomber Xavier Bertrand (dont le regard se tourne d\u00e9sormais vers l\u2019\u00c9lys\u00e9e) et battre l\u2019extr\u00eame droite. Karima Delli, candidate de la gauche et des \u00e9cologistes, est l\u2019invit\u00e9e de #LaMidinale.<\/p>\n<h2>UNE MIDINALE \u00c0 VOIR&#8230;<\/h2>\n<p><iframe loading=\"lazy\" width=\"490\" height=\"276\" src=\"https:\/\/www.youtube.com\/embed\/DX8UWhryhvE\" title=\"YouTube video player\" frameborder=\"0\" allow=\"accelerometer; autoplay; clipboard-write; encrypted-media; gyroscope; picture-in-picture\" allowfullscreen><\/iframe><\/p>\n<p>&nbsp;<\/p>\n<p><h2>ET \u00c0 LIRE&#8230;<\/h2>\n<p><strong>Sur Karima Delli<\/strong><br \/>\n\u00ab Je ne serais pas arriv\u00e9e l\u00e0 si l\u2019\u00e9cole de la R\u00e9publique n&#8217;existait pas. Merci les profs. \u00bb<br \/>\n\u00ab Je pense que comme tous les enfants d\u2019ouvriers, j\u2019ai h\u00e9rit\u00e9 du labeur. On est solidaire, on se serre les coudes et on sait ce que c\u2019est que travailler pour r\u00e9ussir. \u00bb<br \/>\n\u00ab Quand j\u2019\u00e9tais petite, je r\u00eavais toujours de piquer des chaussures de ma m\u00e8re. \u00bb<br \/>\n\u00ab On est libre de pouvoir r\u00eaver de ce que l\u2019on veut mais encore faut-il avoir le pouvoir de r\u00eaver. \u00bb<br \/>\n\u00ab Je me suis engag\u00e9e en politique parce que \u00e7a n\u2019est pas un hobby. \u00c7a n\u2019est pas un loisir. Je veux changer la vie des gens en mieux et en bien. \u00bb<br \/>\n\u00ab On a abandonn\u00e9 les classes populaires et elles sont invisibilis\u00e9es. \u00bb<br \/>\n\u00ab Les classes populaires sont un peu ma deuxi\u00e8me famille et je suis l\u00e0 pour leur dire que je ne les laisserai pas tomber. On porte les m\u00eames valeurs de solidarit\u00e9 et de fraternit\u00e9. \u00bb<br \/>\n\u00ab Dans la r\u00e9gion des Hauts-de-France, on doit pouvoir relever la t\u00eate. \u00bb<\/p>\n<p><strong>Sur le bilan de Xavier Bertrand<\/strong><br \/>\n\u00ab En 2015, Xavier Bertrand nous avait promis de faire le plein emploi dans les Hauts-de-France. Aujourd\u2019hui, on ne compte plus le nombre d\u2019entreprises qui ferment. \u00bb<br \/>\n\u00ab Les cyniques ont laiss\u00e9 mourir l\u2019industrie d\u2019hier sans anticiper l\u2019industrie de demain. \u00bb<br \/>\n\u00ab Xavier Bertrand est tr\u00e8s fort en communication. Beaucoup de bla-bla mais pas de r\u00e9sultat. \u00bb<br \/>\n\u00ab C\u2019est une r\u00e9gion [les Hauts-de-France] o\u00f9 l\u2019esp\u00e9rance de vie est de trois ans de moins que les autres fran\u00e7ais. C\u2019est inacceptable. \u00bb<br \/>\n\u00ab Xavier Bertrand est has been. C\u2019est l\u2019homme du pass\u00e9. \u00bb<br \/>\n\u00ab On a tout pour faire de la r\u00e9gion des Hauts-de-France, l\u2019avant-garde de la transition \u00e9cologique et de la justice sociale. \u00bb<br \/>\n\u00ab Bertrand n\u2019a pas de bilan. \u00bb<br \/>\n\u00ab Le mandat de Xavier Bertrand a \u00e9t\u00e9 une perte de temps. \u00bb<br \/>\n\u00ab C\u2019est pas les Hauts-de-France qui int\u00e9resse Bertrand : son regard est tourn\u00e9 vers l\u2019Elys\u00e9e. Moi, mon regard est vers Beauvais, Arras, Saint-Omer, Boulogne, Cr\u00e9il. \u00c7a fait une grande diff\u00e9rence. \u00bb<\/p>\n<p><strong>Sur le rassemblement de la gauche et des \u00e9cologistes dans les Hauts-de-France<\/strong><br \/>\n\u00ab Les premi\u00e8res conqu\u00eates sociales en France sont n\u00e9es dans les Hauts-de-France. \u00bb<br \/>\n\u00ab Les Hauts-de-France c\u2019est aussi une histoire d\u2019ouvriers. \u00bb<br \/>\n\u00ab On a un h\u00e9ritage extraordinaire dans les Hauts-de-France et personne ne pourra nous l\u2019enlever. \u00bb<br \/>\n\u00ab On n\u2019a pas attendu de faire le grand rassemblement : on l\u2019a fait et je l\u2019incarne. \u00bb<br \/>\n\u00ab Je suis convaincue qu\u2019on va gagner les Hauts-de-France. \u00bb<br \/>\n\u00ab Pour changer la France, il faut gagner les Hauts-de-France. \u00bb<br \/>\n\u00ab Le rassemblement ne s\u2019est pas fait dans les douleurs et dans les cris. \u00bb<br \/>\n\u00ab J\u2019ai l\u2019habitude au Parlement europ\u00e9en de faire d\u00e9gager des majorit\u00e9s. Il faut \u00eatre inflexible sur ses valeurs mais il faut surtout respecter ses partenaires. \u00bb<br \/>\n\u00ab La clef de la r\u00e9ussite c\u2019est de gagner et nous, nous voulons gagner. On va gagner parce qu\u2019on veut changer la vie des gens. \u00bb<br \/>\n\u00ab Je veux rendre les gens plus heureux. \u00bb<br \/>\n\u00ab Nous avons deux piliers : l\u2019urgence climatique et l\u2019urgence sociale. \u00bb<\/p>\n<p><strong>Sur les jeunes et la tentation RN<\/strong><br \/>\n\u00ab Nous sommes la premi\u00e8re g\u00e9n\u00e9ration et je suis \u00e0 l\u2019image de la r\u00e9gion. \u00bb<br \/>\n\u00ab Nous sommes la premi\u00e8re g\u00e9n\u00e9ration qui subissons les gaz \u00e0 effets de serre mais nous sommes aussi la derni\u00e8re qui pouvons y rem\u00e9dier : pour le climat et pour l\u2019emploi. \u00bb<br \/>\n\u00ab Il nous reste deux mois pour faire participer toutes les bonnes volont\u00e9s. \u00bb<br \/>\n\u00ab Il est grand temps que la jeunesse pense \u00e0 son avenir. \u00bb<br \/>\n\u00ab Je dis aux jeunes : rejoignez-nous. Vous \u00eates en capacit\u00e9 de d\u00e9jouer les pronostics. \u00bb<br \/>\n\u00ab Je n\u2019ai pas d\u2019obstacle et je ne me mets pas d\u2019obstacle. Je n\u2019ai qu\u2019un objectif : faire gagner les Hauts-de-France. \u00bb<br \/>\n\u00ab On va envahir les rues, envahir les c\u0153urs, envahir les esprits pour changer la donne. \u00bb<\/p>\n<p><strong>Sur la division dans les autres r\u00e9gions<\/strong><br \/>\n\u00ab \u00c0 situation exceptionnelle, rassemblement exceptionnel. \u00bb<br \/>\n\u00ab Dans les Hauts-de-France on a pris nos responsabilit\u00e9s. \u00bb<br \/>\n\u00ab On a \u00e9t\u00e9 six ans, hors du conseil r\u00e9gional et c\u2019est beaucoup trop. \u00bb<br \/>\n\u00ab Nous n\u2019avons pas fait un accord ti\u00e8de ou un accord pour se faire plaisir. On a fait un accord de convictions. \u00bb<br \/>\n\u00ab On n\u2019a pas fait ce rassemblement pour \u00eatre un mod\u00e8le pour les autres r\u00e9gions. On a fait \u00e7a parce que ce qui nous anime c\u2019est de changer la vie des gens. Et de gagner. \u00bb<br \/>\n\u00ab On ne laissera pas la r\u00e9gion \u00e0 la d\u00e9rive comme elle l\u2019est aujourd\u2019hui. \u00bb<br \/>\n\u00ab Je ne donne pas de le\u00e7on aux autres. Si les autres r\u00e9gions veulent nous voir comme un laboratoire politique, c\u2019est \u00e0 eux d\u2019en juger, pas \u00e0 moi. \u00bb<br \/>\n\u00ab Ma pr\u00e9occupation, c\u2019est ma r\u00e9gion. \u00bb<\/p>\n<p><strong>Sur la r\u00e9union des personnalit\u00e9s de gauche \u00e0 Paris<\/strong><br \/>\n\u00ab C\u2019est toujours bien de discuter et j\u2019ai compris qu\u2019ils allaient se revoir un peu plus tard et je leur souhaite bonne chance. \u00bb<br \/>\n\u00ab Ma pr\u00e9occupation c\u2019est de tout faire pour que la victoire qu\u2019on va arracher dans les Hauts-de-France soit un atout pour cr\u00e9er une dynamique au niveau national. \u00bb<br \/>\n\u00ab Je dois gagner les Hauts-de-France. \u00bb<br \/>\n\u00ab Ma pr\u00e9occupation aujourd\u2019hui, \u00e7a n\u2019est pas la question de la pr\u00e9sidentielle. \u00bb<\/p>\n<p><strong>Sur l\u2019UE et le Covid<\/strong><br \/>\n\u00ab Heureusement qu\u2019il y a eu l\u2019Union europ\u00e9enne sur les vaccins. On aurait attendu Sanofi en France et personne ne serait vaccin\u00e9. \u00bb<br \/>\n\u00ab L\u2019union europ\u00e9enne a fait un vrai bond d\u2019autant plus que la sant\u00e9 ne rel\u00e8ve pas de sa comp\u00e9tence. \u00bb<br \/>\n\u00ab Il faut que l\u2019Union europ\u00e9enne m\u00e8ne des politiques de pr\u00e9vention. \u00bb<br \/>\n\u00ab La crise sanitaire vient d\u2019un \u00e9branlement de nos \u00e9cosyst\u00e8mes et de la biodiversit\u00e9. Donc l\u2019Europe doit comprendre qu\u2019il faut prendre en compte l\u2019urgence climatique. \u00bb<br \/>\n\u00ab Si nous n\u2019arr\u00eatons pas aujourd\u2019hui l\u2019\u00e9rosion de la biodiversit\u00e9, les virus vont se multiplier. \u00bb<br \/>\n<div id='gallery-1' class='gallery galleryid-12899 gallery-columns-3 gallery-size-thumbnail'><figure class='gallery-item'>\n\t\t\t<div class='gallery-icon landscape'>\n\t\t\t\t<a href='https:\/\/archives.regards.fr\/wp-content\/uploads\/2021\/04\/delli2-7f0.png'><img loading=\"lazy\" decoding=\"async\" width=\"150\" height=\"150\" src=\"https:\/\/archives.regards.fr\/wp-content\/uploads\/2021\/04\/delli2-7f0-150x150.png\" class=\"attachment-thumbnail size-thumbnail\" alt=\"delli2.png\" \/><\/a>\n\t\t\t<\/div><\/figure>\n\t\t<\/div>\n<\/p>\n","protected":false},"excerpt":{"rendered":"<p>La gauche et les \u00e9cologistes ont une candidate unique dans les Hauts-de-France. L\u2019enjeu : faire tomber Xavier Bertrand (dont le regard se tourne d\u00e9sormais vers l\u2019\u00c9lys\u00e9e) et battre l\u2019extr\u00eame droite. Karima Delli, candidate de la gauche et des \u00e9cologistes, est l\u2019invit\u00e9e de #LaMidinale.<\/p>\n","protected":false},"author":1039,"featured_media":30500,"comment_status":"open","ping_status":"open","sticky":false,"template":"","format":"standard","meta":{"_themeisle_gutenberg_block_has_review":false,"footnotes":""},"categories":[238],"tags":[293],"class_list":["post-12899","post","type-post","status-publish","format-standard","has-post-thumbnail","hentry","category-la-midinale","tag-entretien"],"_links":{"self":[{"href":"https:\/\/archives.regards.fr\/index.php?rest_route=\/wp\/v2\/posts\/12899","targetHints":{"allow":["GET"]}}],"collection":[{"href":"https:\/\/archives.regards.fr\/index.php?rest_route=\/wp\/v2\/posts"}],"about":[{"href":"https:\/\/archives.regards.fr\/index.php?rest_route=\/wp\/v2\/types\/post"}],"author":[{"embeddable":true,"href":"https:\/\/archives.regards.fr\/index.php?rest_route=\/wp\/v2\/users\/1039"}],"replies":[{"embeddable":true,"href":"https:\/\/archives.regards.fr\/index.php?rest_route=%2Fwp%2Fv2%2Fcomments&post=12899"}],"version-history":[{"count":0,"href":"https:\/\/archives.regards.fr\/index.php?rest_route=\/wp\/v2\/posts\/12899\/revisions"}],"wp:featuredmedia":[{"embeddable":true,"href":"https:\/\/archives.regards.fr\/index.php?rest_route=\/wp\/v2\/media\/30500"}],"wp:attachment":[{"href":"https:\/\/archives.regards.fr\/index.php?rest_route=%2Fwp%2Fv2%2Fmedia&parent=12899"}],"wp:term":[{"taxonomy":"category","embeddable":true,"href":"https:\/\/archives.regards.fr\/index.php?rest_route=%2Fwp%2Fv2%2Fcategories&post=12899"},{"taxonomy":"post_tag","embeddable":true,"href":"https:\/\/archives.regards.fr\/index.php?rest_route=%2Fwp%2Fv2%2Ftags&post=12899"}],"curies":[{"name":"wp","href":"https:\/\/api.w.org\/{rel}","templated":true}]}}