{"id":12895,"date":"2021-04-16T12:23:16","date_gmt":"2021-04-16T10:23:16","guid":{"rendered":"https:\/\/wp.muchomaas.com\/article-bruno-jaffre-thomas-sankara-a-rendu-dignite-et-fierte-a-la-jeunesse-africaine\/"},"modified":"2023-06-24T00:14:40","modified_gmt":"2023-06-23T22:14:40","slug":"article-bruno-jaffre-thomas-sankara-a-rendu-dignite-et-fierte-a-la-jeunesse-africaine","status":"publish","type":"post","link":"https:\/\/archives.regards.fr\/?p=12895","title":{"rendered":"Bruno Jaffr\u00e9 : \u00ab Thomas Sankara a rendu dignit\u00e9 et fiert\u00e9 \u00e0 la jeunesse africaine \u00bb"},"content":{"rendered":"<p class=\"post_excerpt\">L\u2019ex-pr\u00e9sident du Burkina Faso, Blaise Compaor\u00e9, sera bient\u00f4t jug\u00e9 pour complicit\u00e9 d\u2019assassinat de Thomas Sankara. Le r\u00f4le de la France, comme de nombreux autres pays, sera aussi interrog\u00e9 au cours de ce proc\u00e8s. Bruno Jaffr\u00e9, auteur de <em>La libert\u00e9 contre le destin, discours de Thomas Sankara<\/em> (\u00c9ditions Syllepse), est l\u2019invit\u00e9 de #LaMidinale\u200b.<\/p>\n<h2>UNE MIDINALE \u00c0 VOIR&#8230;<\/h2>\n<p><iframe loading=\"lazy\" width=\"490\" height=\"276\" src=\"https:\/\/www.youtube.com\/embed\/zJ7hqqAftdg\" title=\"YouTube video player\" frameborder=\"0\" allow=\"accelerometer; autoplay; clipboard-write; encrypted-media; gyroscope; picture-in-picture\" allowfullscreen><\/iframe><\/p>\n<p>&nbsp;<\/p>\n<p><h2>ET \u00c0 LIRE&#8230;<\/h2>\n<p><em>\u00a0<strong>Sur le proc\u00e8s pour complicit\u00e9 d\u2019assassinat de Thomas Sankara<\/em>\u00a0<\/strong><br \/>\n\u00ab\u00a0On va faire le proc\u00e8s de plusieurs hommes dont le principal accus\u00e9 est Blaise Compaor\u00e9.\u00a0\u00bb<br \/>\n\u00ab\u00a0Il s\u2019agit d\u2019un proc\u00e8s historique dans la mesure o\u00f9 Thomas Sankara \u00e9tait l\u2019une des plus grandes r\u00e9f\u00e9rences de la fin du XX\u00e8me si\u00e8cle \u00e0 la fois comme dirigeant r\u00e9volutionnaire et promoteur d\u2019un nouveau mod\u00e8le de d\u00e9veloppement autocentr\u00e9 et ind\u00e9pendant.\u00a0\u00bb<br \/>\n\u00ab\u00a0Ce proc\u00e8s traitera des hommes qui ont organis\u00e9 le complot \u00e0 l\u2019int\u00e9rieur du pays. Il y a aussi une instruction qui concerne un complot \u00e0 l\u2019international qui reste \u00e0 \u00e9lucider.\u00a0\u00bb<br \/>\n\u00ab\u00a0Le dossier sur le complot \u00e0 l\u2019international n\u2019est pas ferm\u00e9.\u00a0\u00bb<br \/>\n\u00ab\u00a0Nous exigeons que la France, qui est cit\u00e9e parmi les pays complices de ce complot, ou plut\u00f4t pr\u00e9sum\u00e9s complices de ce complot, envoie les documents d\u00e9classifi\u00e9s concernant l\u2019assassinat de Thomas Sankara &#8211; documents qui n\u2019ont toujours pas \u00e9t\u00e9 fournis.\u00a0\u00bb<br \/>\n\u00ab\u00a0En novembre 2017, Emmanuel Macron a promis d\u2019envoyer tous les documents classifi\u00e9s secret d\u00e9fense.\u00a0\u00bb<br \/>\n\u00ab\u00a0La th\u00e8se officielle de Blaise Compaor\u00e9 au lendemain de la mort de Thomas Sankara c\u2019\u00e9tait de dire qu\u2019il devait \u00eatre arr\u00eat\u00e9 avec ses amis.\u00a0\u00bb<br \/>\n\u00ab\u00a0Dans des auditions de gendarmes burkinab\u00e9s, on apprend que des Fran\u00e7ais sont venus le 16 octobre \u00e0 Ouagadougou pour d\u00e9truire des \u00e9coutes t\u00e9l\u00e9phoniques qui accusaient Blaise Compaor\u00e9 d\u2019avoir pr\u00e9par\u00e9 un complot.\u00a0\u00bb<\/p>\n<p><em>\u00a0<strong>Sur les int\u00e9r\u00eats de la France au Burkina<\/em>\u00a0<\/strong><br \/>\n\u00ab\u00a0Thomas Sankara tranchait avec tous les dirigeants de la r\u00e9gion \u00e0 part celui qui \u00e9tait au Ghana.\u00a0\u00bb<br \/>\n\u00ab\u00a0Thomas Sankara d\u00e9rangeait parce qu\u2019il \u00e9tait jeune et tr\u00e8s populaire : il \u00e9tait en train de mettre en place un mod\u00e8le, malgr\u00e9 les difficult\u00e9s, qui produisait une certaine r\u00e9ussite \u00e9conomique.\u00a0\u00bb<br \/>\n\u00ab\u00a0Sankara a d\u00e9montr\u00e9 qu\u2019un pays africain ind\u00e9pendant peut construire un mod\u00e8le de d\u00e9veloppement qui tranche par rapport \u00e0 tout ce que l\u2019on voit dans la r\u00e9gion.\u00a0\u00bb<br \/>\n\u00ab\u00a0La jeunesse africaine regardait Sankara avec beaucoup d\u2019int\u00e9r\u00eat.\u00a0Il \u00e9tait la preuve qu\u2019il \u00e9tait possible de lutter contre la corruption, mettre de l\u2019ordre dans les administrations et organiser la mobilisation d\u2019une population dans un pays pauvre.\u00a0\u00bb<br \/>\n\u00ab\u00a0Ce qui est un \u00e9l\u00e9ment d\u00e9clencheur de la col\u00e8re de la France c\u2019est lorsque Thomas Sankara a fait campagne pour l\u2019ind\u00e9pendance de la Nouvelle-Cal\u00e9donie \u00e0 l\u2019ONU. \u00c0 l\u2019\u00e9poque, Jacques Chirac avait \u00e9crit au ministre de la coop\u00e9ration de Sankara pour dire que Sankara avait \u00e9t\u00e9 trop loin et que la France allait diminuer l\u2019aide pr\u00e9vue pour le Burkina. \u00bb<br \/>\n\u00ab\u00a0La France ne voulait pas qu\u2019on remette en cause la pr\u00e9sence des entreprises fran\u00e7aises au Burkina.\u00a0\u00bb<br \/>\n\u00ab\u00a0Thomas Sankara c\u2019\u00e9tait une forme de dignit\u00e9 et de fiert\u00e9.\u00a0Il a rendu dignit\u00e9 et fiert\u00e9 \u00e0 la jeunesse africaine. \u00bb<\/p>\n<p><em>\u00a0<strong>Sur l\u2019h\u00e9ritage de Thomas Sankara<\/em>\u00a0<\/strong><br \/>\n\u00ab\u00a0Il y a un tr\u00e8s lourd h\u00e9ritage Sankara mais il y aussi une esp\u00e8ce de fum\u00e9e qui entoure Sankara qui fait que tout le monde est sankariste, m\u00eame le gouvernement actuel.\u00a0\u00bb<br \/>\n\u00ab\u00a0Ceux qui dirigent le pays aujourd\u2019hui &#8211; et qui se revendiquent du sankarisme &#8211; sont les m\u00eames qui \u00e9taient du c\u00f4t\u00e9 de Compaor\u00e9 au moment de l\u2019assassinat de Sankara.\u00a0\u00bb<br \/>\n\u00ab\u00a0Les partis politiques qui se r\u00e9clament de Sankara ont une longue histoire de d\u00e9chirements entre eux et d\u2019accusations internes et ils sont plus ou moins d\u00e9consid\u00e9r\u00e9s.\u00a0\u00bb<br \/>\n\u00ab\u00a0On cultive une image idyllique de Sankara sans jamais discuter de ce que signifie \u00eatre sankariste aujourd\u2019hui.\u00a0\u00bb<br \/>\n\u00ab Ceux qui se r\u00e9clament de Sankara aujourd\u2019hui ont perdu tout ce qui concerne son id\u00e9ologie r\u00e9volutionnaire.\u00a0\u00bb<br \/>\n\u00ab\u00a0Apr\u00e8s son assassinat, tout a \u00e9t\u00e9 fait par ses successeurs pour d\u00e9truire l\u2019image positive de Thomas Sankara.\u00a0\u00bb<br \/>\n\u00ab\u00a0L\u2019insurrection a \u00e9t\u00e9 un moment que je consid\u00e8re comme extraordinaire.\u00a0\u00bb<br \/>\n\u00ab\u00a0Au lendemain de l\u2019assassinat de Thomas Sankara, personne n\u2019a \u00e9t\u00e9 en mesure de prendre en charge le pays et d\u2019apporter des perspectives de changement politique.\u00a0\u00bb<\/p>\n<p><em>\u00a0<strong>Que reste-t-il du sankarisme, notamment en France ?<\/em>\u00a0<\/strong><br \/>\n\u00ab\u00a0Thomas Sankara n\u2019a pas travaill\u00e9 que pour l\u2019Afrique.\u00a0\u00bb<br \/>\n\u00ab\u00a0Thomas Sankara a beaucoup remis en question l\u2019Etat. C\u2019est m\u00eame fondamental dans sa politique.\u00a0\u00bb<br \/>\n\u00ab\u00a0Thomas Sankara a d\u00e9mystifi\u00e9 le pouvoir en refusant le culte de la personnalit\u00e9 et en mettant les ministres en cong\u00e9s tous les ans, au moins de fa\u00e7on symbolique.\u00a0\u00bb<br \/>\n\u00ab\u00a0Thomas Sankara a construit un pouvoir populaire dans lequel il faut aller chercher des inspirations.\u00a0\u00bb<br \/>\n\u00ab\u00a0On a tendance \u00e0 croire que la r\u00e9forme au Burkina Faso, \u00e7a a \u00e9t\u00e9 de donner la terre aux paysans parce que les gens ont pour mod\u00e8le les grands latifundia (\u2026). Mais cela n\u2019existait pas au Burkina Faso : il y avait des chefs locaux qui avaient le pouvoir de donner la terre mais sans pouvoir de propri\u00e9t\u00e9.\u00a0\u00bb<br \/>\n\u00ab\u00a0Thomas Sankara a cr\u00e9\u00e9 un parti dans lequel il voulait unifier tous les groupes de gauche qui existaient, dont les amis de Blaise Compaor\u00e9 qui sont tr\u00e8s rapidement devenus les d\u00e9fenseurs du n\u00e9olib\u00e9ralisme.\u00a0\u00bb<div id='gallery-1' class='gallery galleryid-12895 gallery-columns-3 gallery-size-thumbnail'><figure class='gallery-item'>\n\t\t\t<div class='gallery-icon landscape'>\n\t\t\t\t<a href='https:\/\/archives.regards.fr\/wp-content\/uploads\/2021\/04\/capture_d_e_cran_2021-04-16_a_12-c6b.19.57.png'><img loading=\"lazy\" decoding=\"async\" width=\"150\" height=\"150\" src=\"https:\/\/archives.regards.fr\/wp-content\/uploads\/2021\/04\/capture_d_e_cran_2021-04-16_a_12-c6b.19.57-150x150.png\" class=\"attachment-thumbnail size-thumbnail\" alt=\"capture_d_e_cran_2021-04-16_a_12.19.57.png\" \/><\/a>\n\t\t\t<\/div><\/figure>\n\t\t<\/div>\n<\/p>\n","protected":false},"excerpt":{"rendered":"<p>L\u2019ex-pr\u00e9sident du Burkina Faso, Blaise Compaor\u00e9, sera bient\u00f4t jug\u00e9 pour complicit\u00e9 d\u2019assassinat de Thomas Sankara. Le r\u00f4le de la France, comme de nombreux autres pays, sera aussi interrog\u00e9 au cours de ce proc\u00e8s. Bruno Jaffr\u00e9, auteur de <em>La libert\u00e9 contre le destin, discours de Thomas Sankara<\/em> (\u00c9ditions Syllepse), est l\u2019invit\u00e9 de #LaMidinale\u200b.<\/p>\n","protected":false},"author":1204,"featured_media":30494,"comment_status":"open","ping_status":"open","sticky":false,"template":"","format":"standard","meta":{"_themeisle_gutenberg_block_has_review":false,"footnotes":""},"categories":[238],"tags":[293],"class_list":["post-12895","post","type-post","status-publish","format-standard","has-post-thumbnail","hentry","category-la-midinale","tag-entretien"],"_links":{"self":[{"href":"https:\/\/archives.regards.fr\/index.php?rest_route=\/wp\/v2\/posts\/12895","targetHints":{"allow":["GET"]}}],"collection":[{"href":"https:\/\/archives.regards.fr\/index.php?rest_route=\/wp\/v2\/posts"}],"about":[{"href":"https:\/\/archives.regards.fr\/index.php?rest_route=\/wp\/v2\/types\/post"}],"author":[{"embeddable":true,"href":"https:\/\/archives.regards.fr\/index.php?rest_route=\/wp\/v2\/users\/1204"}],"replies":[{"embeddable":true,"href":"https:\/\/archives.regards.fr\/index.php?rest_route=%2Fwp%2Fv2%2Fcomments&post=12895"}],"version-history":[{"count":0,"href":"https:\/\/archives.regards.fr\/index.php?rest_route=\/wp\/v2\/posts\/12895\/revisions"}],"wp:featuredmedia":[{"embeddable":true,"href":"https:\/\/archives.regards.fr\/index.php?rest_route=\/wp\/v2\/media\/30494"}],"wp:attachment":[{"href":"https:\/\/archives.regards.fr\/index.php?rest_route=%2Fwp%2Fv2%2Fmedia&parent=12895"}],"wp:term":[{"taxonomy":"category","embeddable":true,"href":"https:\/\/archives.regards.fr\/index.php?rest_route=%2Fwp%2Fv2%2Fcategories&post=12895"},{"taxonomy":"post_tag","embeddable":true,"href":"https:\/\/archives.regards.fr\/index.php?rest_route=%2Fwp%2Fv2%2Ftags&post=12895"}],"curies":[{"name":"wp","href":"https:\/\/api.w.org\/{rel}","templated":true}]}}