{"id":12892,"date":"2021-04-15T12:25:35","date_gmt":"2021-04-15T10:25:35","guid":{"rendered":"https:\/\/wp.muchomaas.com\/article-olivia-fortin-en-paca-la-gauche-et-les-ecologistes-peuvent-gagner-si-nous\/"},"modified":"2023-06-24T00:14:39","modified_gmt":"2023-06-23T22:14:39","slug":"article-olivia-fortin-en-paca-la-gauche-et-les-ecologistes-peuvent-gagner-si-nous","status":"publish","type":"post","link":"https:\/\/archives.regards.fr\/?p=12892","title":{"rendered":"Olivia Fortin : \u00ab En PACA, la gauche et les \u00e9cologistes peuvent gagner si nous sommes unis \u00bb"},"content":{"rendered":"<p class=\"post_excerpt\">Dans la r\u00e9gion PACA o\u00f9 la gauche est absente depuis 2015, la gauche et les \u00e9cologistes discutent et esp\u00e8rent se rassembler pour renouveler l\u2019exp\u00e9rience du Printemps marseillais \u00e0 l\u2019\u00e9chelle r\u00e9gionale. Olivia Fortin, cheville ouvri\u00e8re de la victoire \u00e0 Marseille, candidate \u00e0 la candidature pour porter les couleurs de la gauche et des \u00e9cologistes, est l\u2019invit\u00e9e de #LaMidinale.<\/p>\n<h2>UNE MIDINALE \u00c0 VOIR&#8230;<\/h2>\n<p><iframe loading=\"lazy\" width=\"490\" height=\"276\" src=\"https:\/\/www.youtube.com\/embed\/d5oIUOp4Dgs\" title=\"YouTube video player\" frameborder=\"0\" allow=\"accelerometer; autoplay; clipboard-write; encrypted-media; gyroscope; picture-in-picture\" allowfullscreen><\/iframe><\/p>\n<p>&nbsp;<\/p>\n<p><h2>ET \u00c0 LIRE&#8230;<\/h2>\n<p><em>\u00a0<strong>Sur le rassemblement de la gauche et des \u00e9cologistes en PACA<\/em>\u00a0<\/strong><br \/>\n\u00ab\u00a0Je suis persuad\u00e9e qu\u2019unie, la gauche, l\u2019\u00e9cologie et les forces citoyennes peuvent aller dans cette bataille et remporter cette r\u00e9gion.\u00a0\u00bb<br \/>\n\u00ab\u00a0Depuis 2015, aucune force de gauche et \u00e9cologiste n\u2019est pr\u00e9sente dans l\u2019h\u00e9micycle et la droite d\u00e9roule un programme, sans opposition, qui ressemble plus \u00e0 de la communication, sans action r\u00e9elle.\u00a0\u00bb<br \/>\n\u00ab\u00a0Plus que jamais, il est temps qu\u2019un programme de gauche et d\u2019\u00e9cologie soit mis en place dans cette r\u00e9gion [PACA].\u00a0\u00bb<br \/>\n\u00ab\u00a0Le sondage du Point montre que rassembl\u00e9es, les forces de gauche et d\u2019\u00e9cologie sont \u00e0 quelques points de Renaud Muselier, alors m\u00eame que nous n\u2019avons d\u00e9marr\u00e9 la campagne.\u00a0\u00bb<br \/>\n\u00ab\u00a0J\u2019appelle \u00e0 la responsabilit\u00e9 des acteurs politiques.\u00a0Il y a un imp\u00e9ratif \u00e0 mettre en place un projet de transition et le seul chemin, c\u2019est l\u2019union des forces \u00e9cologistes et des forces de gauche comme nous l\u2019avons fait \u00e0 Marseille. \u00bb<br \/>\n\u00ab\u00a0Je ne fais pas de ma candidature une condition\u00a0sine qua non.\u00a0\u00bb<br \/>\n\u00ab\u00a0Aujourd\u2019hui, les discussions s\u2019acc\u00e9l\u00e8rent et nous devons aboutir \u00e0 un accord. Nous pouvons y arriver.\u00a0\u00bb<br \/>\n\u00ab\u00a0Il faut se rassembler autour d\u2019un projet et nous sommes d\u2019accord \u00e0 90% sur le programme qu\u2019il faudrait d\u00e9rouler \u00e0 l\u2019\u00e9chelle de la r\u00e9gion.\u00a0\u00bb<br \/>\n\u00ab\u00a0Comme \u00e0 Marseille, \u00e7a n\u2019est pas la question de la personne qui est importante, c\u2019est le projet.\u00a0\u00bb<br \/>\n\u00ab\u00a0Ce qui va g\u00e9n\u00e9rer l\u2019espoir, \u00e7a n\u2019est pas une personne mais notre capacit\u00e9 \u00e0 dire qu\u2019on va y aller tous ensemble.\u00a0\u00bb<\/p>\n<p><em>\u00a0<strong>Sur le bilan de Renaud Muselier<\/em>\u00a0<\/strong><br \/>\n\u00ab\u00a0Comme disait Michel Vauzelle, la r\u00e9gion Provence-Alpes-C\u00f4te d\u2019Azur, c\u2019est ce que le monde entier nous envie.\u00a0\u00bb<br \/>\n\u00ab\u00a0C\u2019est bien d\u2019avoir une r\u00e9gion tr\u00e8s attractive pour les touristes, mais il est aussi important d\u2019avoir une r\u00e9gion qui permette \u00e0 chacun de ses habitants de vivre bien et en se pr\u00e9parant \u00e0 faire face \u00e0 l\u2019avenir.\u00a0\u00bb<br \/>\n\u00ab\u00a0Ce ne sont pas ceux qui sont \u00e0 l\u2019origine des probl\u00e8mes qui vont nous permettre de les r\u00e9soudre demain.\u00a0\u00bb<\/p>\n<p><em>\u00a0<strong>Sur les premiers mois du Printemps marseillais \u00e0 la t\u00eate de l\u2019ex\u00e9cutif<\/em>\u00a0<\/strong><br \/>\n\u00ab\u00a0Aujourd\u2019hui, le maire de Marseille a ses portes et ses fen\u00eatres ouvertes : nous avons d\u00e9velopp\u00e9 la coop\u00e9ration avec l\u2019ensemble des acteurs.\u00a0\u00bb<br \/>\n\u00ab\u00a0\u00c0 Marseille, on a \u00e9norm\u00e9ment de probl\u00e8mes et pas beaucoup de moyens.\u00a0\u00bb<br \/>\n\u00ab\u00a0La situation financi\u00e8re de Marseille est tr\u00e8s complexe mais nous avons une soci\u00e9t\u00e9 civile extr\u00eamement riche d\u2019acteurs qui s\u2019int\u00e9resse \u00e0 l\u2019int\u00e9r\u00eat g\u00e9n\u00e9ral.\u00a0\u00bb<br \/>\n\u00ab\u00a0Nous avons besoin de tous participer au changement.\u00a0\u00bb<br \/>\n\u00ab\u00a0Nous avons mis en place une transparence, notamment sur l\u2019audit financier que nous avons effectu\u00e9 en d\u00e9but de mandat.\u00a0\u00bb<div id='gallery-1' class='gallery galleryid-12892 gallery-columns-3 gallery-size-thumbnail'><figure class='gallery-item'>\n\t\t\t<div class='gallery-icon landscape'>\n\t\t\t\t<a href='https:\/\/archives.regards.fr\/wp-content\/uploads\/2021\/04\/capture_d_e_cran_2021-04-15_a_12-e81.23.20.png'><img loading=\"lazy\" decoding=\"async\" width=\"150\" height=\"150\" src=\"https:\/\/archives.regards.fr\/wp-content\/uploads\/2021\/04\/capture_d_e_cran_2021-04-15_a_12-e81.23.20-150x150.png\" class=\"attachment-thumbnail size-thumbnail\" alt=\"capture_d_e_cran_2021-04-15_a_12.23.20.png\" \/><\/a>\n\t\t\t<\/div><\/figure>\n\t\t<\/div>\n<\/p>\n","protected":false},"excerpt":{"rendered":"<p>Dans la r\u00e9gion PACA o\u00f9 la gauche est absente depuis 2015, la gauche et les \u00e9cologistes discutent et esp\u00e8rent se rassembler pour renouveler l\u2019exp\u00e9rience du Printemps marseillais \u00e0 l\u2019\u00e9chelle r\u00e9gionale. Olivia Fortin, cheville ouvri\u00e8re de la victoire \u00e0 Marseille, candidate \u00e0 la candidature pour porter les couleurs de la gauche et des \u00e9cologistes, est l\u2019invit\u00e9e de #LaMidinale.<\/p>\n","protected":false},"author":1204,"featured_media":30492,"comment_status":"open","ping_status":"open","sticky":false,"template":"","format":"standard","meta":{"_themeisle_gutenberg_block_has_review":false,"footnotes":""},"categories":[238],"tags":[293],"class_list":["post-12892","post","type-post","status-publish","format-standard","has-post-thumbnail","hentry","category-la-midinale","tag-entretien"],"_links":{"self":[{"href":"https:\/\/archives.regards.fr\/index.php?rest_route=\/wp\/v2\/posts\/12892","targetHints":{"allow":["GET"]}}],"collection":[{"href":"https:\/\/archives.regards.fr\/index.php?rest_route=\/wp\/v2\/posts"}],"about":[{"href":"https:\/\/archives.regards.fr\/index.php?rest_route=\/wp\/v2\/types\/post"}],"author":[{"embeddable":true,"href":"https:\/\/archives.regards.fr\/index.php?rest_route=\/wp\/v2\/users\/1204"}],"replies":[{"embeddable":true,"href":"https:\/\/archives.regards.fr\/index.php?rest_route=%2Fwp%2Fv2%2Fcomments&post=12892"}],"version-history":[{"count":0,"href":"https:\/\/archives.regards.fr\/index.php?rest_route=\/wp\/v2\/posts\/12892\/revisions"}],"wp:featuredmedia":[{"embeddable":true,"href":"https:\/\/archives.regards.fr\/index.php?rest_route=\/wp\/v2\/media\/30492"}],"wp:attachment":[{"href":"https:\/\/archives.regards.fr\/index.php?rest_route=%2Fwp%2Fv2%2Fmedia&parent=12892"}],"wp:term":[{"taxonomy":"category","embeddable":true,"href":"https:\/\/archives.regards.fr\/index.php?rest_route=%2Fwp%2Fv2%2Fcategories&post=12892"},{"taxonomy":"post_tag","embeddable":true,"href":"https:\/\/archives.regards.fr\/index.php?rest_route=%2Fwp%2Fv2%2Ftags&post=12892"}],"curies":[{"name":"wp","href":"https:\/\/api.w.org\/{rel}","templated":true}]}}