{"id":12890,"date":"2021-04-14T12:59:02","date_gmt":"2021-04-14T10:59:02","guid":{"rendered":"https:\/\/wp.muchomaas.com\/article-nils-monsarrat-en-plein-metoo-on-s-apprete-a-creer-une-justice-criminelle-a\/"},"modified":"2023-06-24T00:14:37","modified_gmt":"2023-06-23T22:14:37","slug":"article-nils-monsarrat-en-plein-metoo-on-s-apprete-a-creer-une-justice-criminelle-a","status":"publish","type":"post","link":"https:\/\/archives.regards.fr\/?p=12890","title":{"rendered":"Nils Monsarrat : \u00ab En plein #MeToo, on s\u2019appr\u00eate \u00e0 cr\u00e9er une justice criminelle \u00e0 deux vitesses \u00bb"},"content":{"rendered":"<p class=\"post_excerpt\">Le Garde des Sceaux, \u00c9ric Dupond-Moretti, pr\u00e9sente ce 14 avril son projet de loi pour la confiance dans l\u2019institution judiciaire. Nils Monsarrat, secr\u00e9taire national du syndicat de la magistrature, est l\u2019invit\u00e9 de #LaMidinale.<\/p>\n<h2>UNE MIDINALE \u00c0 VOIR&#8230;<\/h2>\n<p><iframe loading=\"lazy\" width=\"490\" height=\"276\" src=\"https:\/\/www.youtube.com\/embed\/3hmDCivR7kY\" title=\"YouTube video player\" frameborder=\"0\" allow=\"accelerometer; autoplay; clipboard-write; encrypted-media; gyroscope; picture-in-picture\" allowfullscreen><\/iframe><\/p>\n<p>&nbsp;<\/p>\n<p><h2>ET \u00c0 LIRE&#8230;<\/h2>\n<p><em>\u00a0<strong>Sur la \u00ab\u00a0confiance\u00a0\u00bb dans la justice\u00a0<\/em>\u00a0<\/strong><br \/>\n\u00ab\u00a0Il y a des \u00e9tudes qui montrent que les gens ont plut\u00f4t une image n\u00e9gative de la justice sauf quand ils y sont confront\u00e9s.\u00a0\u00bb<br \/>\n\u00ab\u00a0Les gens qui ont \u00e9t\u00e9 confront\u00e9s \u00e0 la justice constatent que les professionnels de la justice font tout pour \u0153uvrer dans l\u2019int\u00e9r\u00eat de tous.\u00a0\u00bb<br \/>\n\u00ab\u00a0Il y a une partie du discours m\u00e9diatique qui participe \u00e0 la d\u00e9fiance de la justice. Il s\u2019agit d\u2019un discours qui est d\u00e9corr\u00e9l\u00e9 du fonctionnement de la justice. \u00bb<br \/>\n\u00ab\u00a0Il y a un bruit politique auquel contribue assez largement le Garde des Sceaux qui est un bruit de d\u00e9fiance vis-\u00e0-vis de l\u2019institution judiciaire.\u00a0\u00bb<br \/>\n\u00ab\u00a0Il y a beaucoup d\u2019efforts \u00e0 faire pour rendre la justice plus accessible et \u00e7a n\u2019est pas le sens des derni\u00e8res r\u00e9formes qui ont au contraire \u00e9loign\u00e9 le justiciable du juge.\u00a0\u00bb<br \/>\n\u00ab\u00a0La justice est ch\u00e8re.\u00a0C\u2019est un probl\u00e8me de l\u2019aide juridictionnelle pour l\u2019essentiel. \u00bb<\/p>\n<p><em>\u00a0<strong>Sur la diffusion film\u00e9e des audiences<\/em>\u00a0<\/strong><br \/>\n\u00ab\u00a0Il y a quelque chose d\u2019assez s\u00e9duisant dans l\u2019id\u00e9e de filmer les audiences.\u00a0\u00bb<br \/>\n\u00ab\u00a0Montrer comment fonctionnent les audiences est plut\u00f4t une bonne id\u00e9e.\u00a0\u00bb<br \/>\n\u00ab\u00a0Filmer les audiences peut aussi poser un probl\u00e8me de droit \u00e0 l\u2019oubli [pour les personnes condamn\u00e9es].\u00a0\u00bb<br \/>\n\u00ab\u00a0Pourquoi pas filmer ces proc\u00e8s mais il faut encadrer la mani\u00e8re dont on les filme et dont on les diffuse. Le projet de loi ne r\u00e9pond pas \u00e0 ces questions-l\u00e0. \u00bb<br \/>\n\u00ab\u00a0C\u2019est une id\u00e9e qui n\u2019est pas mauvaise mais \u00e7a n\u2019a pas encore \u00e9t\u00e9 suffisamment r\u00e9fl\u00e9chi.\u00a0\u00bb<\/p>\n<p><em>\u00a0<strong>Sur les jur\u00e9s populaires\u00a0<\/em>\u00a0<\/strong><br \/>\n\u00ab\u00a0Les jury populaires fonctionnent bien et sont un moment de d\u00e9mocratie passionnant.\u00a0\u00bb<br \/>\n\u00ab\u00a0Il est l\u00e9gitime que les citoyens soient associ\u00e9s \u00e0 cette justice-l\u00e0 pour des faits tr\u00e8s graves. \u00bb<br \/>\n\u00ab\u00a0On est contre le principe de l\u2019exp\u00e9rimentation des cours criminelles d\u00e9partementales. Nous sommes oppos\u00e9s \u00e0 leur g\u00e9n\u00e9ralisation.\u00a0\u00c7a ne permettra pas de traiter les affaires plus rapidement. \u00bb<br \/>\n\u00ab\u00a0Au final, les crimes passibles de 15 \u00e0 20 ans, dans leur immense majorit\u00e9 sont des viols et en plein #Metoo on s\u2019appr\u00eate \u00e0 cr\u00e9er une justice criminelle \u00e0 deux vitesses.\u00a0\u00bb<\/p>\n<p><em>\u00a0<strong>Sur la suppression des cr\u00e9dits de r\u00e9duction de peine<\/em>\u00a0<\/strong><br \/>\n\u00ab\u00a0Le message d\u2019Eric Dupond-Moretti est un message politique et politicien.\u00a0\u00bb<br \/>\n\u00ab\u00a0Dupond-Moretti veut montrer que la droite n\u2019est pas plus r\u00e9pressive que lui et assure dans le m\u00eame temps qu\u2019il est plus r\u00e9pressif qu\u2019elle. Et \u00e7a lui permet de court-circuiter le discours politique de la droite.\u00a0\u00bb<br \/>\n\u00ab\u00a0C\u2019est un message populiste qui est compl\u00e8tement d\u00e9connect\u00e9 du fonctionnement concret de l\u2019application des peines.\u00a0C\u2019est un message tr\u00e8s dangereux. \u00bb<br \/>\n\u00ab\u00a0Il y a deux fa\u00e7ons de motiver quelqu\u2019un qui est emprisonn\u00e9 pour qu\u2019il se comporte bien : il y a les cr\u00e9dits de r\u00e9duction de peine et les r\u00e9ductions de peine suppl\u00e9mentaires (\u2026). Ces dispositifs permettent de compenser l\u2019inutilit\u00e9 de la peine d\u2019emprisonnement.\u00a0\u00bb<br \/>\n\u00ab\u00a0Les discours sur les prisons, on en a beaucoup entendu, mais \u00e7a ne va jamais dans le bon sens dans les faits.\u00a0\u00bb<\/p>\n<p><em>\u00a0<strong>Sur les enqu\u00eates pr\u00e9liminaires<\/em>\u00a0<\/strong><br \/>\n\u00ab\u00a0Il y a un probl\u00e8me d\u2019\u00e9criture du projet de loi car les dispositions r\u00e9sultent de la commission Matte\u00ef et qui a fait son travail en urgence.\u00a0\u00bb<br \/>\n\u00ab\u00a0Certaines des id\u00e9es du projet de loi sont soit inutiles soit saugrenues.\u00a0\u00bb<br \/>\n\u00ab\u00a0Les enqu\u00eates pr\u00e9liminaires durent longtemps parce qu\u2019il n\u2019y a pas de moyens pour l\u2019enqu\u00eate, parce que les services de police ne sont pas en mesure de faire leur travail correctement et parce que les magistrats n\u2019ont pas forc\u00e9ment le temps de suivre correctement les enqu\u00eates.\u00a0\u00bb<br \/>\n\u00ab\u00a0Les affaires qui durent plus de deux ans sont principalement des affaires \u00e9conomiques et financi\u00e8res.\u00a0\u00bb\u00a0<br \/>\n\u00ab\u00a0Le gouvernement met en place un dispositif pour renforcer les droits du contradictoire uniquement pour les affaires \u00e9conomiques et financi\u00e8res.\u00a0C\u2019est quand m\u00eame un probl\u00e8me.\u00a0\u00bb<br \/>\n\u00ab\u00a0On est pour renforcer le droit du contradictoire mais le faire uniquement pour les affaires \u00e9conomiques et financi\u00e8res n\u2019est pas normal. \u00bb<div id='gallery-1' class='gallery galleryid-12890 gallery-columns-3 gallery-size-thumbnail'><figure class='gallery-item'>\n\t\t\t<div class='gallery-icon landscape'>\n\t\t\t\t<a href='https:\/\/archives.regards.fr\/wp-content\/uploads\/2021\/04\/capture_d_e_cran_2021-04-14_a_12-ca2.44.24.png'><img loading=\"lazy\" decoding=\"async\" width=\"150\" height=\"150\" src=\"https:\/\/archives.regards.fr\/wp-content\/uploads\/2021\/04\/capture_d_e_cran_2021-04-14_a_12-ca2.44.24-150x150.png\" class=\"attachment-thumbnail size-thumbnail\" alt=\"capture_d_e_cran_2021-04-14_a_12.44.24.png\" \/><\/a>\n\t\t\t<\/div><\/figure>\n\t\t<\/div>\n<\/p>\n","protected":false},"excerpt":{"rendered":"<p>Le Garde des Sceaux, \u00c9ric Dupond-Moretti, pr\u00e9sente ce 14 avril son projet de loi pour la confiance dans l\u2019institution judiciaire. Nils Monsarrat, secr\u00e9taire national du syndicat de la magistrature, est l\u2019invit\u00e9 de #LaMidinale.<\/p>\n","protected":false},"author":1204,"featured_media":30487,"comment_status":"open","ping_status":"open","sticky":false,"template":"","format":"standard","meta":{"_themeisle_gutenberg_block_has_review":false,"footnotes":""},"categories":[238],"tags":[293],"class_list":["post-12890","post","type-post","status-publish","format-standard","has-post-thumbnail","hentry","category-la-midinale","tag-entretien"],"_links":{"self":[{"href":"https:\/\/archives.regards.fr\/index.php?rest_route=\/wp\/v2\/posts\/12890","targetHints":{"allow":["GET"]}}],"collection":[{"href":"https:\/\/archives.regards.fr\/index.php?rest_route=\/wp\/v2\/posts"}],"about":[{"href":"https:\/\/archives.regards.fr\/index.php?rest_route=\/wp\/v2\/types\/post"}],"author":[{"embeddable":true,"href":"https:\/\/archives.regards.fr\/index.php?rest_route=\/wp\/v2\/users\/1204"}],"replies":[{"embeddable":true,"href":"https:\/\/archives.regards.fr\/index.php?rest_route=%2Fwp%2Fv2%2Fcomments&post=12890"}],"version-history":[{"count":0,"href":"https:\/\/archives.regards.fr\/index.php?rest_route=\/wp\/v2\/posts\/12890\/revisions"}],"wp:featuredmedia":[{"embeddable":true,"href":"https:\/\/archives.regards.fr\/index.php?rest_route=\/wp\/v2\/media\/30487"}],"wp:attachment":[{"href":"https:\/\/archives.regards.fr\/index.php?rest_route=%2Fwp%2Fv2%2Fmedia&parent=12890"}],"wp:term":[{"taxonomy":"category","embeddable":true,"href":"https:\/\/archives.regards.fr\/index.php?rest_route=%2Fwp%2Fv2%2Fcategories&post=12890"},{"taxonomy":"post_tag","embeddable":true,"href":"https:\/\/archives.regards.fr\/index.php?rest_route=%2Fwp%2Fv2%2Ftags&post=12890"}],"curies":[{"name":"wp","href":"https:\/\/api.w.org\/{rel}","templated":true}]}}