{"id":12886,"date":"2021-04-12T12:03:41","date_gmt":"2021-04-12T10:03:41","guid":{"rendered":"https:\/\/wp.muchomaas.com\/article-mathieu-gallard-en-ile-de-france-l-hypothese-que-la-gauche-ne-soit-pas\/"},"modified":"2023-06-24T00:14:31","modified_gmt":"2023-06-23T22:14:31","slug":"article-mathieu-gallard-en-ile-de-france-l-hypothese-que-la-gauche-ne-soit-pas","status":"publish","type":"post","link":"https:\/\/archives.regards.fr\/?p=12886","title":{"rendered":"Mathieu Gallard : \u00ab En \u00cele-de-France, l\u2019hypoth\u00e8se que la gauche ne soit pas qualifi\u00e9e pour le second tour est \u00e0 surveiller \u00bb"},"content":{"rendered":"<p class=\"post_excerpt\">Ce week-end, deux sondages \u2013 l\u2019un sur la pr\u00e9sidentielle de 2022, l\u2019autre sur les r\u00e9gionales en \u00cele-de-France \u2013 r\u00e9v\u00e8lent la tr\u00e8s grande fragilit\u00e9 de la gauche et des \u00e9cologistes. Mathieu Gallard, directeur de recherche chez Ipsos, est l\u2019invit\u00e9 de #LaMidinale.<\/p>\n<h2>UNE MIDINALE \u00c0 VOIR&#8230;<\/h2>\n<p><iframe loading=\"lazy\" width=\"490\" height=\"276\" src=\"https:\/\/www.youtube.com\/embed\/qCMPW6HYkh8\" title=\"YouTube video player\" frameborder=\"0\" allow=\"accelerometer; autoplay; clipboard-write; encrypted-media; gyroscope; picture-in-picture\" allowfullscreen><\/iframe><\/p>\n<p>&nbsp;<\/p>\n<p><h2>ET \u00c0 LIRE&#8230;<\/h2>\n<p><em>\u00a0<strong>Sur le sondage du JDD \u00e0 propos de 2022<\/em>\u00a0<\/strong><br \/>\n\u00ab\u00a0\u00c0 un an d\u2019une \u00e9ch\u00e9ance, un sondage n\u2019est pas une pr\u00e9diction mais un aper\u00e7u du rapport de force politique.\u00a0\u00bb<br \/>\n\u00ab\u00a0Les \u00e9lecteurs ne sont pas encore dans l\u2019\u00e9tat d\u2019esprit de l\u2019\u00e9lection pr\u00e9sidentielle.\u00a0\u00bb<br \/>\n\u00ab Ce sondage est une photographie actuelle, assez floue, avec malgr\u00e9 tout quelques enseignements majeurs.\u00a0\u00bb<br \/>\n\u00ab\u00a0Tous ces r\u00e9sultats sont un peu th\u00e9oriques \u00e0 un an du scrutin.\u00a0\u00bb<\/p>\n<p><em>\u00a0<strong>Sur le sondage du JDD et la gauche<\/em>\u00a0<\/strong><br \/>\n\u00ab\u00a0En 2017, une partie de l\u2019\u00e9lectorat de gauche est partie \u00e0 LREM.\u00a0\u00bb<br \/>\n\u00ab\u00a0L\u2019\u00e9lectorat de gauche est un \u00e9lectorat minoritaire dans un contexte o\u00f9, quoi qu\u2019il arrive, le paysage politique fran\u00e7ais est \u00e9clat\u00e9 entre un bloc de gauche &#8211; divis\u00e9 en son sein mais coh\u00e9rent -, un bloc autour de LREM et enfin un bloc de droite radicale. Donc avec un tiers des voix [ce que p\u00e8se la gauche], on peut peser si on est uni.\u00a0\u00bb<br \/>\n\u00ab\u00a0Il y a un probl\u00e8me d\u2019incarnation \u00e0 gauche et l\u2019\u00e9lection pr\u00e9sidentielle est une \u00e9lection o\u00f9 l\u2019incarnation joue beaucoup.\u00a0\u00bb<\/p>\n<p><em>\u00a0<strong>Sur Jean-Luc M\u00e9lenchon face \u00e0 Marine Le Pen<\/em>\u00a0<\/strong><br \/>\n\u00ab\u00a0Il y a un changement dans l\u2019image personnelle de Jean-Luc M\u00e9lenchon.\u00a0\u00bb\u00a0<br \/>\n\u00ab\u00a0Quand on regarde la perception que les gens ont de Jean-Luc M\u00e9lenchon par rapport \u00e0 2017, on constate que son image s\u2019est consid\u00e9rablement d\u00e9grad\u00e9e.\u00a0\u00bb<br \/>\n\u00ab\u00a0Il y a une poursuite de la d\u00e9diabolisation de Marine Le Pen dans un contexte qui a \u00e9t\u00e9 depuis quelques ann\u00e9es tr\u00e8s dure sur le plan sanitaire, \u00e9conomique et social.\u00a0\u00bb<br \/>\n\u00ab\u00a0Il n\u2019est pas certain que dans un an on se retrouve dans cette situation.\u00a0\u00bb<br \/>\n\u00ab\u00a0On peut penser que Marine Le Pen est sur\u00e9valu\u00e9e dans les sondages mais on peut aussi penser que les campagnes \u00e9lectorales ont un effet et que peut \u00eatre elle fait des campagnes qui ne sont pas tr\u00e8s bonnes.\u00a0De l\u2019autre c\u00f4t\u00e9 du champ politique, c\u2019est exactement l\u2019inverse. On peut nous accuser de sous \u00e9valuer Jean-Luc M\u00e9lenchon ou consid\u00e9rer que c\u2019est un bon orateur, avec un programme clair et qui s\u2019appuie sur des th\u00e9matiques porteuses et que dans les derniers mois, les derni\u00e8res semaines des campagnes, il parvient \u00e0 mobiliser un \u00e9lectorat qui, un an avant, n\u2019est pas du tout dans le jeu de l\u2019\u00e9lection pr\u00e9sidentielle. Marine Le Pen, c\u2019est plut\u00f4t l\u2019inverse. \u00bb<\/p>\n<p><strong>\u00a0<em>Sur le sondage en Ile-de-France (r\u00e9gionales)<\/em>\u00a0<\/strong><br \/>\n\u00ab\u00a0D\u2019apr\u00e8s le sondage, et sachant que le seuil pour se maintenir au second tour est de 10%, il y a une possibilit\u00e9 statistique pour que la gauche soit \u00e9limin\u00e9e au second tour.\u00a0Il ne parait pas probable \u00e0 ce stade que ces trois listes qui sont l\u00e9g\u00e8rement sup\u00e9rieures \u00e0 10% fassent toutes les trois une mauvaise campagne qui les place tous les trois \u00e0 moins de 10% mais \u00e7a reste une possibilit\u00e9 \u00e0 surveiller. \u00bb<br \/>\n\u00ab\u00a0Si au moins une des trois listes de gauche parvient au second tour et si ces trois listes s\u2019unissent, le match devient serr\u00e9 dans le cadre d\u2019une quadrangulaire. Val\u00e9rie P\u00e9cresse serait \u00e0 36% quand la liste de gauche serait \u00e0 32.\u00a0\u00bb<br \/>\n\u00ab\u00a0\u00c0 deux mois de l\u2019\u00e9lection r\u00e9gionale, dans le cadre d\u2019une quadrangulaire, les choses deviendraient relativement incertaines.\u00a0\u00bb<br \/>\n\u00ab\u00a0Il y a des reports qui sont tr\u00e8s majoritaires sur les trois listes de gauche m\u00eame s\u2019il y a des d\u00e9perditions notamment du c\u00f4t\u00e9 de la liste de la France insoumise.\u00a0\u00bb<br \/>\n\u00ab\u00a0L\u2019\u00e9lectorat \u00e9cologiste est un \u00e9lectorat tr\u00e8s centriste.\u00a0Il y a une partie importante de l\u2019\u00e9lectorat \u00e9cologiste qui a une tr\u00e8s bonne image de Val\u00e9rie P\u00e9cresse et de son bilan m\u00eame si dans un second tour cet \u00e9lectorat reste sur un vote \u00e0 gauche. \u00bb<br \/>\n\u00ab\u00a0Il n\u2019y a aucune dynamique sur les trois listes de gauche.\u00a0\u00bb<\/p>\n<p><em>\u00a0<strong>Sur l\u2019interdiction des sondages<\/em>\u00a0<\/strong><br \/>\n\u00ab\u00a0On est dans un syst\u00e8me politique o\u00f9 savoir ce qu\u2019il se passe est important pour les \u00e9lecteurs notamment pour des questions de seuil comme pour les \u00e9lections r\u00e9gionales. Franchir ou non le seuil des 10% peut avoir un impact d\u00e9cisif sur ce qu\u2019il va se passer par la suite. C\u2019est un \u00e9l\u00e9ment d\u2019information important pour que les \u00e9lecteurs fassent leur choix.\u00a0\u00bb<div id='gallery-1' class='gallery galleryid-12886 gallery-columns-3 gallery-size-thumbnail'><figure class='gallery-item'>\n\t\t\t<div class='gallery-icon landscape'>\n\t\t\t\t<a href='https:\/\/archives.regards.fr\/wp-content\/uploads\/2021\/04\/capture_d_e_cran_2021-04-12_a_11-664.57.03.png'><img loading=\"lazy\" decoding=\"async\" width=\"150\" height=\"150\" src=\"https:\/\/archives.regards.fr\/wp-content\/uploads\/2021\/04\/capture_d_e_cran_2021-04-12_a_11-664.57.03-150x150.png\" class=\"attachment-thumbnail size-thumbnail\" alt=\"capture_d_e_cran_2021-04-12_a_11.57.03.png\" \/><\/a>\n\t\t\t<\/div><\/figure>\n\t\t<\/div>\n<\/p>\n","protected":false},"excerpt":{"rendered":"<p>Ce week-end, deux sondages \u2013 l\u2019un sur la pr\u00e9sidentielle de 2022, l\u2019autre sur les r\u00e9gionales en \u00cele-de-France \u2013 r\u00e9v\u00e8lent la tr\u00e8s grande fragilit\u00e9 de la gauche et des \u00e9cologistes. Mathieu Gallard, directeur de recherche chez Ipsos, est l\u2019invit\u00e9 de #LaMidinale.<\/p>\n","protected":false},"author":1039,"featured_media":30479,"comment_status":"open","ping_status":"open","sticky":false,"template":"","format":"standard","meta":{"_themeisle_gutenberg_block_has_review":false,"footnotes":""},"categories":[238],"tags":[293],"class_list":["post-12886","post","type-post","status-publish","format-standard","has-post-thumbnail","hentry","category-la-midinale","tag-entretien"],"_links":{"self":[{"href":"https:\/\/archives.regards.fr\/index.php?rest_route=\/wp\/v2\/posts\/12886","targetHints":{"allow":["GET"]}}],"collection":[{"href":"https:\/\/archives.regards.fr\/index.php?rest_route=\/wp\/v2\/posts"}],"about":[{"href":"https:\/\/archives.regards.fr\/index.php?rest_route=\/wp\/v2\/types\/post"}],"author":[{"embeddable":true,"href":"https:\/\/archives.regards.fr\/index.php?rest_route=\/wp\/v2\/users\/1039"}],"replies":[{"embeddable":true,"href":"https:\/\/archives.regards.fr\/index.php?rest_route=%2Fwp%2Fv2%2Fcomments&post=12886"}],"version-history":[{"count":0,"href":"https:\/\/archives.regards.fr\/index.php?rest_route=\/wp\/v2\/posts\/12886\/revisions"}],"wp:featuredmedia":[{"embeddable":true,"href":"https:\/\/archives.regards.fr\/index.php?rest_route=\/wp\/v2\/media\/30479"}],"wp:attachment":[{"href":"https:\/\/archives.regards.fr\/index.php?rest_route=%2Fwp%2Fv2%2Fmedia&parent=12886"}],"wp:term":[{"taxonomy":"category","embeddable":true,"href":"https:\/\/archives.regards.fr\/index.php?rest_route=%2Fwp%2Fv2%2Fcategories&post=12886"},{"taxonomy":"post_tag","embeddable":true,"href":"https:\/\/archives.regards.fr\/index.php?rest_route=%2Fwp%2Fv2%2Ftags&post=12886"}],"curies":[{"name":"wp","href":"https:\/\/api.w.org\/{rel}","templated":true}]}}