{"id":12878,"date":"2021-04-08T13:49:22","date_gmt":"2021-04-08T11:49:22","guid":{"rendered":"https:\/\/wp.muchomaas.com\/article-pour-freiner-la-circulation-du-covid-il-faut-depasser-les-limites-d-age-et\/"},"modified":"2023-06-24T00:14:17","modified_gmt":"2023-06-23T22:14:17","slug":"article-pour-freiner-la-circulation-du-covid-il-faut-depasser-les-limites-d-age-et","status":"publish","type":"post","link":"https:\/\/archives.regards.fr\/?p=12878","title":{"rendered":"\u00ab Pour freiner la circulation du Covid, il faut d\u00e9passer les limites d\u2019\u00e2ge et d\u00e9brancher Doctolib \u00bb"},"content":{"rendered":"<p class=\"post_excerpt\">La crise du Covid-19 est des plus in\u00e9gales d&#8217;un point de vue social. St\u00e9phane Peu, d\u00e9put\u00e9 communiste de Seine-Saint-Denis, l&#8217;un des d\u00e9partements les plus jeunes et les plus pauvres de France, est l&#8217;invit\u00e9 de la Midinale.<\/p>\n<h2>UNE MIDINALE \u00c0 VOIR&#8230;<\/h2>\n<p><iframe loading=\"lazy\" width=\"490\" height=\"276\" src=\"https:\/\/www.youtube.com\/embed\/_LQCyK1lrW8\" title=\"YouTube video player\" frameborder=\"0\" allow=\"accelerometer; autoplay; clipboard-write; encrypted-media; gyroscope; picture-in-picture\" allowfullscreen><\/iframe><\/p>\n<p>&nbsp;<\/p>\n<p><h2>ET \u00c0 LIRE&#8230;<\/h2>\n<p><em>\u00a0<strong>Sur le Covid-19 et la vaccination en Seine-Saint-Denis<\/em>\u00a0<\/strong><br \/>\n\u00ab\u00a0On connait les raisons pour lesquelles notre d\u00e9partement de Seine-Saint-Denis est le plus touch\u00e9 par le Covid-19 : la densit\u00e9 urbaine, la promiscuit\u00e9 de l\u2019habitat, le fait que l\u2019on ait beaucoup de gens qui travaillent dans les m\u00e9tiers essentiels, la d\u00e9sertification m\u00e9dicale (30% des habitants de Seine-Saint-Denis n\u2019ont pas de m\u00e9decin traitant par exemple) et aussi les maladies li\u00e9es \u00e0 la pauvret\u00e9 (ob\u00e9sit\u00e9, diab\u00e8te\u2026).\u00a0\u00bb<br \/>\n\u00ab\u00a0La pand\u00e9mie du Covid-19 est tr\u00e8s in\u00e9gale sur le plan social.\u00a0\u00bb<br \/>\n\u00ab\u00a0En Seine-Saint-Denis, nous avons eu le taux de mortalit\u00e9 le plus \u00e9lev\u00e9 pendant la premi\u00e8re vague &#8211; et nous sommes toujours en haut de cette \u00e9pid\u00e9mie pour les deuxi\u00e8me et troisi\u00e8me vagues. \u00bb<br \/>\n\u00ab\u00a0C\u2019est dans le d\u00e9partement le plus jeune de France que le Covid-19 fait le plus de d\u00e9g\u00e2ts humains pour une maladie dont on dit qu\u2019elle touche surtout les personnes les plus \u00e2g\u00e9es.\u00a0\u00bb<br \/>\n\u00ab\u00a0Sur la vaccination, on a d\u2019abord \u00e9t\u00e9 victime de la difficult\u00e9 de l\u2019Etat \u00e0 s\u2019organiser, \u00e0 planifier et \u00e0 assurer un logistique.\u00a0\u00bb<br \/>\n\u00ab\u00a0Sur la vaccination, l\u2019Etat a donn\u00e9 les clefs \u00e0 Doctolib : cela pose un probl\u00e8me de principe en soi parce que l\u2019on transf\u00e8re \u00e0 un acteur priv\u00e9 des donn\u00e9es de sant\u00e9 sachant que Doctolib s\u2019est lui-m\u00eame associ\u00e9 \u00e0 Amazon pour la gestion de la politique de vaccination.\u00a0\u00bb<br \/>\n\u00ab\u00a0Les plateformes priv\u00e9es comme Doctolib ne sont pas capables de d\u00e9velopper une politique publique : elles sont performantes pour faire de la gestion de rendez-vous \u00e0 l\u2019aveugle mais une politique de sant\u00e9 publique et a fortiori de vaccination ne se fait pas \u00e0 l\u2019aveugle.\u00a0\u00bb<br \/>\n\u00ab\u00a0Dans des centres de vaccination en Seine-Saint-Denis, on a pu voir beaucoup de personnes ext\u00e9rieures au d\u00e9partement ; il ne faut pas pr\u00f4ner une pr\u00e9f\u00e9rence d\u00e9partementale mais dans l\u2019organisation de la vaccination en France, on a r\u00e9parti les doses par d\u00e9partement en fonction de la population et des populations cibles.\u00a0\u00bb<\/p>\n<p><em>\u00a0<strong>Sur les vaccinodromes<\/em>\u00a0<\/strong><br \/>\n\u00ab\u00a0Pour la petite histoire, je vais aller me faire vacciner cet apr\u00e8s-midi au vaccinodrome du Stade de France parce que mon tour est venu.\u00a0\u00bb<br \/>\n\u00ab\u00a0Il faut que l\u2019on obtienne de la part du gouvernement, un regard diff\u00e9rent sur le d\u00e9partement de Seine-Saint-Denis sur la politique de vaccination.\u00a0\u00bb<br \/>\n\u00ab\u00a0Pour \u00eatre efficace en Seine-Saint-Denis et pour freiner la circulation du virus, il faut d\u00e9passer les limites d\u2019\u00e2ge qui sont celles de la politique vaccinale aujourd\u2019hui : il faut que les m\u00e9tiers les plus expos\u00e9s puissent avoir acc\u00e8s au vaccin (les personnels des \u00e9coles, les policiers, les pompiers, les personnels de supermarch\u00e9, les personnels de commerces encore ouverts\u2026).\u00a0\u00bb<br \/>\n\u00ab\u00a0En Seine-Saint-Denis, il faut d\u00e9brancher Doctolib et remettre en place une politique adoss\u00e9e \u00e0 la S\u00e9curit\u00e9 sociale &#8211; qui organise parfaitement cela pour le vaccin contre la grippe.\u00a0\u00bb<br \/>\n \u00ab\u00a0Il faut aller vers les gens et mener une politique qui soit emphatique, inclusive et qui cherche l\u2019efficacit\u00e9.\u00a0\u00bb<\/p>\n<p><em>\u00a0<strong>Sur le d\u00e9laissement de la Seine-Saint-Denis<\/em>\u00a0<\/strong><br \/>\n\u00ab\u00a0La prise de rendez-vous sur Doctolib est difficile.\u00a0\u00bb<br \/>\n\u00ab\u00a0Il y a un probl\u00e8me d\u2019acc\u00e8s \u00e0 l\u2019information avec la rupture num\u00e9rique.\u00a0\u00bb<br \/>\n\u00ab\u00a0Il y a beaucoup de gens, notamment parmi les personnes \u00e2g\u00e9es, qui n\u2019ont plus l\u2019habitude de se soigner parce qu\u2019ils n\u2019ont plus de m\u00e9decin traitant ou que celui qu\u2019ils avaient est parti et n\u2019a pas \u00e9t\u00e9 remplac\u00e9.\u00a0\u00bb<br \/>\n\u00ab\u00a0A la date de vendredi dernier, 62% des Fran\u00e7ais de plus de 75 ans avaient \u00e9t\u00e9 vaccin\u00e9s pour seulement 49% en Seine-Saint-Denis.\u00a0\u00bb<br \/>\n\u00ab\u00a0Il faut des centres de vaccination de proximit\u00e9 partout : il est anormal que les maires de Stains ou d\u2019Epinay-sur-Seine qui sont des villes d\u2019environ 40.000 habitants n\u2019aient pas de centre de vaccination de proximit\u00e9. Il n\u2019y a pas une ville de cette taille en r\u00e9gion qui n\u2019ait pas son centre de vaccination !\u00a0\u00bb<\/p>\n<p><em>\u00a0<strong>Sur la d\u00e9fiance vis-\u00e0-vis de (certains) vaccins<\/em>\u00a0<\/strong><br \/>\n\u00ab\u00a0Sur AstraZeneca, celui qui a instill\u00e9 le doute le premier, c\u2019est le Pr\u00e9sident de la R\u00e9publique.\u00a0\u00bb<br \/>\n\u00ab\u00a0Le gouvernement \u00e9tait persuad\u00e9 que les Fran\u00e7ais seraient majoritairement r\u00e9ticents \u00e0 la vaccination alors que tr\u00e8s vite, le vaccin a \u00e9t\u00e9 per\u00e7u comme notre planche de salut.\u00a0\u00bb<br \/>\n\u00ab\u00a0Il reste des gens hostiles et des gens qui complotent contre la vaccination mais majoritairement les Fran\u00e7ais veulent aller se faire vacciner.\u00a0\u00bb<br \/>\n\u00ab\u00a0J\u2019ai un doute sur le fait qu\u2019on ouvre des centres de vaccinations o\u00f9 l\u2019on choisit son vaccin comme au bar on choisit sa bi\u00e8re.\u00a0\u00bb<br \/>\n\u00ab\u00a0Ce que l\u2019on m\u2019a rapport\u00e9 sur la situation dans certains h\u00f4pitaux et cliniques, c\u2019est que, plus on montait dans la hi\u00e9rarchie de l\u2019h\u00f4pital (chefs de service, m\u00e9decins), on se faisait vacciner au Pfizer et plus on descendait, plus on proposait l\u2019AstraZeneca : comment voulez-vous que les gens n\u2019aient pas un doute ?\u00a0\u00bb<br \/>\n\u00ab Je crois \u00e0 l\u2019exemplarit\u00e9.\u00a0\u00bb<\/p>\n<p><em>\u00a0<strong>Sur le vaccin, bien commun mondial<\/em>\u00a0<\/strong><br \/>\n\u00ab\u00a0Le probl\u00e8me d\u2019Emmanuel Macron, c\u2019est qu\u2019il est capable de nous faire les plus belles phrases du monde : il nous avait m\u00eame parl\u00e9 au d\u00e9but de la pand\u00e9mie \u00ab\u00a0des jours heureux.\u00a0\u00bb<br \/>\n\u00ab\u00a0En politique, comme dans beaucoup de domaines, c\u2019est toujours mieux de juger aux actes et le seul acte sur le sujet qui existe, c\u2019est le vote n\u00e9gatif de la France \u00e0 l\u2019OMC contre la proposition de l\u2019Afrique du Sud et de l\u2019Inde de faire tomber les brevets sur les vaccins.\u00a0\u00bb<br \/>\n\u00ab\u00a0Au lieu de mettre toute la politique vaccinale du continent europ\u00e9en dans les mains des Big Pharma en \u00e9tant compl\u00e8tement d\u00e9pendants de leur rythme de production et de leur bon vouloir, on aurait pu appliquer \u00e0 l\u2019\u00e9chelle europ\u00e9enne le rachat des brevets et des licences.\u00a0\u00bb<\/p>\n<p><em>\u00a0<strong>Sur la r\u00e9ponse de gauche \u00e0 la crise que nous traversons<\/em>\u00a0<\/strong><br \/>\n\u00ab\u00a0Ce qui ne permet pas de franchir le mur du son \u00e0 gauche, c\u2019est de ne pas r\u00e9ussir \u00e0 avoir de parole commune.\u00a0\u00bb<br \/>\n\u00ab\u00a0On peut rester extr\u00eamement divers en fonction de nos origines et nos cultures mais qu\u2019est-ce qui nous emp\u00eache aujourd\u2019hui, au regard de la situation politique dans notre pays, de l\u2019\u00e9chec de plus en plus patent de toutes les politiques lib\u00e9rales depuis le d\u00e9but des ann\u00e9es 90 et du danger nationaliste et raciste que repr\u00e9sente le Front national, de se mettre d\u2019accord pour avoir un socle commun \u00e0 proposer au pays ?\u00a0\u00bb<br \/>\n\u00ab\u00a0Je ne comprends pas que l\u2019on ne puisse pas pr\u00e9parer, pour un quinquennat, des propositions qui permettent de commencer \u00e0 inverser le cours de choses : sur la place et le r\u00f4le des services publics, des biens communs, l\u2019encadrement du march\u00e9 sur un certain nombre d\u2019activit\u00e9s humaines pour se mettre sur les rails de la transition \u00e9cologique et pour plus de justice sociale, sur la fiscalit\u00e9\u2026\u00a0\u00bb<br \/>\n\u00ab\u00a0Je crois qu\u2019il n\u2019est pas trop tard pour 2022.\u00a0\u00bb<br \/>\n\u00ab\u00a0Je trouve int\u00e9ressante la proposition de Yannick Jadot de r\u00e9unir tout le monde autour de la table m\u00eame si je ne suis pas dupe sur les ambitions des uns et des autres.\u00a0\u00bb<\/p>\n<p><em>\u00a0<strong>Sur le PCF<\/em>\u00a0<\/strong><br \/>\n\u00ab\u00a0Je fais partie des parlementaires communistes qui ont exprim\u00e9 dans un texte le fait que pour nous, le r\u00f4le majeur du PCF dans la p\u00e9riode, c\u2019est de mettre son exp\u00e9rience et sa force au service d\u2019un rassemblement de la gauche et des \u00e9cologistes pour 2022.\u00a0\u00bb<div id='gallery-1' class='gallery galleryid-12878 gallery-columns-3 gallery-size-thumbnail'><figure class='gallery-item'>\n\t\t\t<div class='gallery-icon landscape'>\n\t\t\t\t<a href='https:\/\/archives.regards.fr\/wp-content\/uploads\/2021\/04\/capture_d_e_cran_2021-04-08_a_13-891.38.47.png'><img loading=\"lazy\" decoding=\"async\" width=\"150\" height=\"150\" src=\"https:\/\/archives.regards.fr\/wp-content\/uploads\/2021\/04\/capture_d_e_cran_2021-04-08_a_13-891.38.47-150x150.png\" class=\"attachment-thumbnail size-thumbnail\" alt=\"capture_d_e_cran_2021-04-08_a_13.38.47.png\" \/><\/a>\n\t\t\t<\/div><\/figure>\n\t\t<\/div>\n<\/p>\n","protected":false},"excerpt":{"rendered":"<p>La crise du Covid-19 est des plus in\u00e9gales d&#8217;un point de vue social. St\u00e9phane Peu, d\u00e9put\u00e9 communiste de Seine-Saint-Denis, l&#8217;un des d\u00e9partements les plus jeunes et les plus pauvres de France, est l&#8217;invit\u00e9 de la Midinale.<\/p>\n","protected":false},"author":1204,"featured_media":30467,"comment_status":"open","ping_status":"open","sticky":false,"template":"","format":"standard","meta":{"_themeisle_gutenberg_block_has_review":false,"footnotes":""},"categories":[238],"tags":[293],"class_list":["post-12878","post","type-post","status-publish","format-standard","has-post-thumbnail","hentry","category-la-midinale","tag-entretien"],"_links":{"self":[{"href":"https:\/\/archives.regards.fr\/index.php?rest_route=\/wp\/v2\/posts\/12878","targetHints":{"allow":["GET"]}}],"collection":[{"href":"https:\/\/archives.regards.fr\/index.php?rest_route=\/wp\/v2\/posts"}],"about":[{"href":"https:\/\/archives.regards.fr\/index.php?rest_route=\/wp\/v2\/types\/post"}],"author":[{"embeddable":true,"href":"https:\/\/archives.regards.fr\/index.php?rest_route=\/wp\/v2\/users\/1204"}],"replies":[{"embeddable":true,"href":"https:\/\/archives.regards.fr\/index.php?rest_route=%2Fwp%2Fv2%2Fcomments&post=12878"}],"version-history":[{"count":0,"href":"https:\/\/archives.regards.fr\/index.php?rest_route=\/wp\/v2\/posts\/12878\/revisions"}],"wp:featuredmedia":[{"embeddable":true,"href":"https:\/\/archives.regards.fr\/index.php?rest_route=\/wp\/v2\/media\/30467"}],"wp:attachment":[{"href":"https:\/\/archives.regards.fr\/index.php?rest_route=%2Fwp%2Fv2%2Fmedia&parent=12878"}],"wp:term":[{"taxonomy":"category","embeddable":true,"href":"https:\/\/archives.regards.fr\/index.php?rest_route=%2Fwp%2Fv2%2Fcategories&post=12878"},{"taxonomy":"post_tag","embeddable":true,"href":"https:\/\/archives.regards.fr\/index.php?rest_route=%2Fwp%2Fv2%2Ftags&post=12878"}],"curies":[{"name":"wp","href":"https:\/\/api.w.org\/{rel}","templated":true}]}}