{"id":12876,"date":"2021-04-07T14:31:40","date_gmt":"2021-04-07T12:31:40","guid":{"rendered":"https:\/\/wp.muchomaas.com\/article-isabelle-this-saint-jean-a-gauche-il-n-y-a-pas-tant-de-desaccords-que-ca\/"},"modified":"2023-06-24T00:13:59","modified_gmt":"2023-06-23T22:13:59","slug":"article-isabelle-this-saint-jean-a-gauche-il-n-y-a-pas-tant-de-desaccords-que-ca","status":"publish","type":"post","link":"https:\/\/archives.regards.fr\/?p=12876","title":{"rendered":"Isabelle This Saint-Jean : \u00ab \u00c0 gauche, il n\u2019y a pas tant de d\u00e9saccords que \u00e7a \u00bb"},"content":{"rendered":"<p class=\"post_excerpt\">O\u00f9 va le Parti socialiste ? Quelle est sa ligne politique ? Que veulent les socialistes ? Isabelle This Saint-Jean, professeure d&#8217;\u00e9conomie \u00e0 l&#8217;Universit\u00e9 Paris Nord 13, conseill\u00e8re r\u00e9gionale d\u2019Ile-de-France et secr\u00e9taire nationale du Parti Socialiste en charge des \u00e9tudes, est l\u2019invit\u00e9e de #LaMidinale.<\/p>\n<h2>UNE MIDINALE \u00c0 VOIR&#8230;<\/h2>\n<p><iframe loading=\"lazy\" width=\"490\" height=\"276\" src=\"https:\/\/www.youtube.com\/embed\/9Z-zT2zQ2kk\" title=\"YouTube video player\" frameborder=\"0\" allow=\"accelerometer; autoplay; clipboard-write; encrypted-media; gyroscope; picture-in-picture\" allowfullscreen><\/iframe><\/p>\n<p>&nbsp;<\/p>\n<p><h2>ET \u00c0 LIRE&#8230;<\/h2>\n<p><em>\u00a0<strong>Sur le positionnement politique du PS<\/em>\u00a0<\/strong><br \/>\n\u00ab\u00a0Le PS est arriv\u00e9 en 2017 dans un \u00e9tat de tr\u00e8s tr\u00e8s grande faiblesse. Faiblesse qui est celle de toute la gauche.\u00a0\u00bb<br \/>\n\u00ab\u00a0On ne peut pas parler du PS sans parler de l\u2019ensemble de la gauche.\u00a0\u00bb<br \/>\n\u00ab\u00a0Le PS a fait tout un travail \u00e0 bas bruit de repositionnement tr\u00e8s profond m\u00eame si \u00e7a ne s\u2019est pas vu.\u00a0\u00bb<br \/>\n\u00ab\u00a0Le PS a accept\u00e9 de faire le bilan du quinquennat qui a \u00e9t\u00e9 reproch\u00e9 tr\u00e8s fortement \u00e0 Olivier Faure.\u00a0\u00bb<br \/>\n\u00ab\u00a0Tout n\u2019est pas parfait dans le bilan du quinquennat de Fran\u00e7ois Hollande mais il y a des choses positives comme les accords de Paris.\u00a0Tout n&#8217;est pas parfait mais tout n\u2019est pas \u00e0 jeter. \u00bb<br \/>\n\u00ab\u00a0Il fallait que le PS se r\u00e9affirme tr\u00e8s clairement comme un parti dont la volont\u00e9 est une volont\u00e9 transformatrice et pas une volont\u00e9 d\u2019accompagnement.\u00a0\u00bb<br \/>\n\u00ab\u00a0Le PS est dans une volont\u00e9 de transformation radicale.\u00a0\u00bb<br \/>\n\u00ab\u00a0Le PS a laiss\u00e9 place \u00e0 une nouvelle g\u00e9n\u00e9ration.\u00a0\u00bb<br \/>\n\u00ab\u00a0On a la volont\u00e9 d\u2019\u00eatre une gauche de transformation.\u00a0\u00bb<br \/>\n\u00ab\u00a0Il faut une modification de nos institutions.\u00a0La V\u00e8 R\u00e9publique est \u00e0 bout de souffle. \u00bb<br \/>\n\u00ab\u00a0On a \u00e9t\u00e9 sans arr\u00eat dans l\u2019opposition \u00e0 Emmanuel Macron.\u00a0\u00bb<br \/>\n\u00ab\u00a0On est dans une strat\u00e9gie d\u2019ouverture vis-\u00e0-vis de la gauche.\u00a0\u00bb<br \/>\n\u00ab\u00a0\u00c0 l\u2019int\u00e9rieur de l\u2019espace de la gauche, on ne diff\u00e8re pas fondamentalement.\u00a0\u00bb<br \/>\n\u00ab\u00a0Il serait bien de r\u00e9apprendre, \u00e0 l\u2019int\u00e9rieur de nos organisations politiques, syndicales et associatives, \u00e0 discuter ensemble pour voir jusqu\u2019\u00e0 quel point on diff\u00e8re.\u00a0C\u2019est absolument d\u00e9terminant. \u00bb<\/p>\n<p><em>\u00a0<strong>Sur la R\u00e9publique, la la\u00efcit\u00e9, les r\u00e9unions non mixtes<\/em>\u00a0<\/strong><br \/>\n\u00ab\u00a0C\u2019est des vieux d\u00e9bats qui d\u00e9chirent la gauche depuis tr\u00e8s longtemps. \u00c7a n\u2019est pas nouveau.\u00a0\u00bb<br \/>\n\u00ab\u00a0Ce que disent Emmanuel Maurel et Marie-No\u00eblle Lienemann \u00e0 la France insoumise, c\u2019est que dit le PS sur ces questions-l\u00e0.\u00a0\u00bb<br \/>\n\u00ab\u00a0Ce que dit Manuel Valls n\u2019est pas ce que dit le PS.<br \/>\n\u00ab\u00a0Je ne pense pas que le PS dise ce que Valls et le printemps r\u00e9publicain racontent.\u00a0\u00bb<br \/>\n\u00ab\u00a0On prend pleinement les lois de la la\u00efcit\u00e9 et on ne veut pas manifester avec des gens qui refusent ces lois [\u00e0 propos de la marche contre l\u2019islamophobie].\u00a0\u00bb\u00a0<br \/>\n\u00ab\u00a0Le PS a voulu rappeler son attachement aux valeurs universalistes, aux valeurs de la R\u00e9publique et \u00e0 la la\u00efcit\u00e9.\u00a0\u00bb<br \/>\n\u00ab\u00a0\u00c0 partir de la r\u00e9affirmation de cette identit\u00e9 de la R\u00e9publique, des valeurs universalistes et de la la\u00efcit\u00e9, le PS a pu g\u00e9n\u00e9rer des incompr\u00e9hensions et des crispations.\u00a0Voire des positions dans lesquelles tout le monde ne se retrouve pas. \u00bb<br \/>\n\u00ab\u00a0Il est temps de redescendre, de discuter et de se rendre compte du commun que l\u2019on a ensemble \u00e0 gauche.\u00a0\u00bb<br \/>\n\u00ab\u00a0Macron jubile parce qu\u2019il divise la gauche.\u00a0\u00bb<br \/>\n\u00ab\u00a0Les attaques sur l\u2019islamogauchisme \u00e0 l\u2019universit\u00e9 ont \u00e9t\u00e9 monstrueuses.\u00a0\u00bb<br \/>\n\u00ab\u00a0Il faut qu\u2019on arr\u00eate de s\u2019engouffrer dans les pi\u00e8ges tendus par Emmanuel Macron et qui divisent la gauche.\u00a0\u00bb\u00a0<br \/>\n\u00ab\u00a0L\u2019\u00e9galit\u00e9 r\u00e9elle passe par des luttes contres les discriminations et pour la justice sociale. On va tous s\u2019y retrouver. Allons sur les combats qu\u2019on peut mener ensemble. Nous avons les m\u00eames solutions \u00e0 gauche, pour l\u2019essentiel.\u00a0\u00bb<br \/>\n\u00ab\u00a0Je ne crois pas que nous ayons des d\u00e9saccords radicaux \u00e0 gauche.\u00a0\u00bb<\/p>\n<p><em>\u00a0<strong>Sur la progression et le danger de l\u2019extr\u00eame droite\u00a0<\/em>\u00a0<\/strong><br \/>\n\u00ab\u00a0Il faut sortir du cadre strictement fran\u00e7ais. On vit une crise internationale et on l\u2019a vu au moment des gilets jaunes.\u00a0\u00bb<br \/>\n\u00ab\u00a0Chaque \u00e9poque se vit comme historique mais comment ne pas penser que la n\u00f4tre ne l\u2019est pas s\u00e9rieusement ? Nous faisons face \u00e0 la fois au d\u00e9fi climatique et environnemental avec la sixi\u00e8me extinction de masse ; au d\u00e9fi de la pand\u00e9mie (\u2026) ; au d\u00e9fi technologique qui bouleverse nos vies quotidiennes, nos modes de travail et l\u2019emploi.\u00a0\u00bb<br \/>\n\u00ab\u00a0L\u2019extr\u00eame droite est extr\u00eamement organis\u00e9e.\u00a0\u00bb<br \/>\n\u00ab\u00a0Les modifications g\u00e9opolitiques se traduisent par une fragilisation de l\u2019Europe et un sentiment tr\u00e8s profond des gens qui pensent qu\u2019il n\u2019y a pas de solution. \u00bb<br \/>\n\u00ab\u00a0Il faut arr\u00eater les divisions st\u00e9riles \u00e0 gauche qui font qu\u2019on passe plus de temps \u00e0 se foutre sur la gueule.\u00a0\u00bb<br \/>\n\u00ab\u00a0\u00c0 gauche, il n\u2019y a pas tant de d\u00e9saccords que \u00e7a.\u00a0\u00bb<\/p>\n<p><em>\u00a0<strong>Sur la n\u00e9cessaire r\u00e9union \u00e0 gauche<\/em>\u00a0<\/strong><br \/>\n\u00ab\u00a0Je n\u2019ai absolument aucun doute sur le fait qu\u2019il faille un candidat unique de toute la gauche pour 2022.\u00a0\u00bb<br \/>\n\u00ab\u00a0Je ne crois pas \u00e0 la tripartition de l\u2019espace politique qui est le notre entre la gauche radicale, l\u2019\u00e9cologie politique et la sociale-d\u00e9mocratie.\u00a0\u00bb<br \/>\n\u00ab\u00a0Je ne crois pas \u00e0 la disparition des partis politiques.\u00a0\u00bb<br \/>\n\u00ab\u00a0Je crois qu\u2019il faut un nouveau souffle d\u00e9mocratique.\u00a0\u00bb<br \/>\n\u00ab\u00a0Chez les jeunes, ce qui prime, c\u2019est l\u2019abstention : ils ne se reconnaissent plus dans rien.\u00a0\u00bb<br \/>\n\u00ab\u00a0Je ne sais pas s\u2019il faut aller vers une 6e R\u00e9publique mais il faut en tous les cas une \u00e9volution profonde de la 5e.\u00a0\u00bb<br \/>\n\u00ab\u00a0Je ne crois pas au remplacement des partis par de la d\u00e9mocratie directe.\u00a0\u00bb<br \/>\n\u00ab\u00a0Le r\u00f4le d\u2019un parti politique, c\u2019est d\u2019essayer de faire en sorte que la pluralit\u00e9 des int\u00e9r\u00eats qui sont port\u00e9s par chacun d\u2019entre nous soit discut\u00e9 collectivement dans l\u2019int\u00e9r\u00eat g\u00e9n\u00e9ral.\u00a0\u00bb<br \/>\n\u00ab\u00a0Un parti, \u00e7a a la fonction de transformation des demandes individuelles en une offre politique collective.\u00a0\u00bb<br \/>\n\u00ab\u00a0Je n\u2019aime pas les partis qui sont organis\u00e9s uniquement derri\u00e8re un homme : je ne crois pas \u00e0 l\u2019intelligence individuelle d\u2019un seul.\u00a0\u00bb<br \/>\n\u00ab\u00a0Il faut que tout le monde autour de la table pour se parler et discuter.\u00a0\u00bb<br \/>\n\u00ab\u00a0Il y a une urgence sociale, d\u00e9mocratique et \u00e9cologique : il y a le feu !\u00a0\u00bb<br \/>\n\u00ab\u00a0La situation n\u00e9cessite que la gauche revienne.\u00a0\u00bb<br \/>\n\u00ab\u00a0Il ne peut y avoir d\u2019homme ou de femme providentiel-le. Il faut un mouvement et une personne qui porte le talisman de l\u2019unit\u00e9 de la gauche.\u00a0\u00bb<br \/>\n\u00ab\u00a0Si le seul adversaire, c\u2019est le Parti socialiste dit social-d\u00e9mocrate ou social-traitre, on ne va pas y arriver.\u00a0\u00bb<br \/>\n\u00ab\u00a0Olivier n\u2019exclut rien [pour 2022] : il dit qu\u2019il faut que cela soit le ou la meilleur-e d\u2019entre nous.\u00a0Et, \u00e9videmment, en tant que secr\u00e9taire national du Parti socialiste, il pr\u00e9f\u00e9rerait que ce soit un socialiste.\u00a0\u00bb<br \/>\n\u00ab\u00a0C\u2019est Yannick Jadot qui a lanc\u00e9 le dernier appel \u00e0 la r\u00e9union mais Olivier Faure le lance avec constance, depuis 3 ans, qui l\u2019honore.\u00a0\u00bb<div id='gallery-1' class='gallery galleryid-12876 gallery-columns-3 gallery-size-thumbnail'><figure class='gallery-item'>\n\t\t\t<div class='gallery-icon landscape'>\n\t\t\t\t<a href='https:\/\/archives.regards.fr\/wp-content\/uploads\/2021\/04\/capture_d_e_cran_2021-04-07_a_12-ca1.06.36.png'><img loading=\"lazy\" decoding=\"async\" width=\"150\" height=\"150\" src=\"https:\/\/archives.regards.fr\/wp-content\/uploads\/2021\/04\/capture_d_e_cran_2021-04-07_a_12-ca1.06.36-150x150.png\" class=\"attachment-thumbnail size-thumbnail\" alt=\"capture_d_e_cran_2021-04-07_a_12.06.36.png\" \/><\/a>\n\t\t\t<\/div><\/figure>\n\t\t<\/div>\n<\/p>\n","protected":false},"excerpt":{"rendered":"<p>O\u00f9 va le Parti socialiste ? Quelle est sa ligne politique ? Que veulent les socialistes ? Isabelle This Saint-Jean, professeure d&#8217;\u00e9conomie \u00e0 l&#8217;Universit\u00e9 Paris Nord 13, conseill\u00e8re r\u00e9gionale d\u2019Ile-de-France et secr\u00e9taire nationale du Parti Socialiste en charge des \u00e9tudes, est l\u2019invit\u00e9e de #LaMidinale.<\/p>\n","protected":false},"author":1204,"featured_media":30457,"comment_status":"open","ping_status":"open","sticky":false,"template":"","format":"standard","meta":{"_themeisle_gutenberg_block_has_review":false,"footnotes":""},"categories":[238],"tags":[293],"class_list":["post-12876","post","type-post","status-publish","format-standard","has-post-thumbnail","hentry","category-la-midinale","tag-entretien"],"_links":{"self":[{"href":"https:\/\/archives.regards.fr\/index.php?rest_route=\/wp\/v2\/posts\/12876","targetHints":{"allow":["GET"]}}],"collection":[{"href":"https:\/\/archives.regards.fr\/index.php?rest_route=\/wp\/v2\/posts"}],"about":[{"href":"https:\/\/archives.regards.fr\/index.php?rest_route=\/wp\/v2\/types\/post"}],"author":[{"embeddable":true,"href":"https:\/\/archives.regards.fr\/index.php?rest_route=\/wp\/v2\/users\/1204"}],"replies":[{"embeddable":true,"href":"https:\/\/archives.regards.fr\/index.php?rest_route=%2Fwp%2Fv2%2Fcomments&post=12876"}],"version-history":[{"count":0,"href":"https:\/\/archives.regards.fr\/index.php?rest_route=\/wp\/v2\/posts\/12876\/revisions"}],"wp:featuredmedia":[{"embeddable":true,"href":"https:\/\/archives.regards.fr\/index.php?rest_route=\/wp\/v2\/media\/30457"}],"wp:attachment":[{"href":"https:\/\/archives.regards.fr\/index.php?rest_route=%2Fwp%2Fv2%2Fmedia&parent=12876"}],"wp:term":[{"taxonomy":"category","embeddable":true,"href":"https:\/\/archives.regards.fr\/index.php?rest_route=%2Fwp%2Fv2%2Fcategories&post=12876"},{"taxonomy":"post_tag","embeddable":true,"href":"https:\/\/archives.regards.fr\/index.php?rest_route=%2Fwp%2Fv2%2Ftags&post=12876"}],"curies":[{"name":"wp","href":"https:\/\/api.w.org\/{rel}","templated":true}]}}