{"id":12874,"date":"2021-04-06T12:28:02","date_gmt":"2021-04-06T10:28:02","guid":{"rendered":"https:\/\/wp.muchomaas.com\/article-pauline-londeix-il-faut-que-les-etats-soient-plus-offensifs-sur-la-transparence\/"},"modified":"2023-06-24T00:13:58","modified_gmt":"2023-06-23T22:13:58","slug":"article-pauline-londeix-il-faut-que-les-etats-soient-plus-offensifs-sur-la-transparence","status":"publish","type":"post","link":"https:\/\/archives.regards.fr\/?p=12874","title":{"rendered":"Pauline Londeix : \u00ab Il faut que les \u00c9tats soient plus offensifs sur la transparence des laboratoires pharmaceutiques \u00bb"},"content":{"rendered":"<p class=\"post_excerpt\">Pauline Londeix est la cofondatrice de l\u2019Observatoire de la transparence dans les politiques du m\u00e9dicament. L\u2019occasion de revenir avec elle sur les brevets des vaccins, la strat\u00e9gie vaccinale et la production. Elle est l&#8217;invit\u00e9e de #LaMidinale.<\/p>\n<h2>UNE MIDINALE \u00c0 VOIR&#8230;<\/h2>\n<p><iframe loading=\"lazy\" width=\"490\" height=\"276\" src=\"https:\/\/www.youtube.com\/embed\/Cdy5KhNAlvE\" title=\"YouTube video player\" frameborder=\"0\" allow=\"accelerometer; autoplay; clipboard-write; encrypted-media; gyroscope; picture-in-picture\" allowfullscreen><\/iframe><\/p>\n<p>&nbsp;<\/p>\n<p><h2>ET \u00c0 LIRE&#8230;<\/h2>\n<p><em> <strong>Sur la propri\u00e9t\u00e9 intellectuelle des laboratoires<\/strong> <\/em><br \/>\n\u00ab Les questions de production des vaccins sont articul\u00e9es autour des questions de propri\u00e9t\u00e9 intellectuelle. \u00bb<br \/>\n\u00ab Les Etats membres de l\u2019organisation mondiale du commerce ont sign\u00e9 en 1994 un accord sur les droits de propri\u00e9t\u00e9 intellectuelle qui oblige les pays \u00e0 octroyer une dur\u00e9e de vingt ans de monopole sur tous les produits pharmaceutiques, les vaccins y compris. \u00bb<br \/>\n\u00ab Les pays du Nord refusent qu\u2019exceptionnellement l\u2019OMC l\u00e8ve les droits de propri\u00e9t\u00e9 intellectuelle sur ces technologies Covid ce qui permettrait pourtant pour les pays eux-m\u00eames de produire des vaccins qui sont eux-m\u00eames sous brevets. \u00c7a permettrait d\u2019acc\u00e9l\u00e9rer la production de vaccins. \u00bb<br \/>\n\u00ab Les pays africains ont tr\u00e8s peu acc\u00e8s aux vaccins. \u00bb<\/p>\n<p><em> <strong>Sur la lev\u00e9e des brevets<\/strong> <\/em><br \/>\n\u00ab L\u2019opposition de la lev\u00e9e des vaccins est une position tr\u00e8s classique de la commission europ\u00e9enne et des pays comme la France au sein de l\u2019OMC ou de l\u2019OMS. Les pays se rangent derri\u00e8re une position commune pour prot\u00e9ger et d\u00e9fendre l\u2019industrie pharmaceutique et des multinationales de leurs pays. \u00bb<br \/>\n\u00ab La France bloque les possibilit\u00e9s d\u2019\u00e9tendre les transferts de technologie &#8211; pour produire les vaccins &#8211; \u00e0 un plus large nombre de producteurs dans les pays du sud pour \u00e9largir la production. \u00bb<br \/>\n\u00ab Il y a la question de la lev\u00e9e des brevets qui est essentielle mais une fois que les brevets sont lev\u00e9s, il y a besoin de savoir comment fabriquer le vaccin. \u00bb<br \/>\n\u00ab Emmanuel Macron et d\u2019autres dirigeants donnent l\u2019impression d\u2019oeuvrer en faveur de la solidarit\u00e9 internationale \u00e0 partir du don de vaccins &#8211; \u00e0 travers l\u2019initiative de l\u2019OMS \u2018covax\u2019. Le probl\u00e8me, c\u2019est qu\u2019on sait tr\u00e8s bien que les dons ne sont pas une politique ambitieuse. On ne peut pas r\u00e9gler les politiques publiques de sant\u00e9 et une pand\u00e9mie mondiale avec des dons de vaccins. \u00bb<br \/>\n\u00ab Les pays du Nord s\u2019accaparent partout les commandes de vaccin. \u00bb<br \/>\n\u00ab C\u2019est ceux qui payent le plus qui sont servis les premiers. \u00bb<\/p>\n<p><em> <strong>Sur la production des vaccins<\/strong> <\/em><br \/>\n\u00ab La machine productive n\u2019\u00e9tait pas pr\u00e9par\u00e9e ni arm\u00e9e. Personne ne s\u2019attendait \u00e0 une pand\u00e9mie mondiale. \u00bb<br \/>\n\u00ab On aurait pu faire mieux [sur la production de vaccins]. Au moment o\u00f9 les Etats ont octroy\u00e9 des aides publiques en mars 2020 aux firmes pharmaceutiques pour qu\u2019elles d\u00e9veloppent ces vaccins, on aurait pu r\u00e9fl\u00e9chir d\u00e8s ce moment-l\u00e0 \u00e0 la production. \u00bb<br \/>\n\u00ab Les outils de production de Sanofi sont l\u00e0 et ils auraient d\u00fb \u00eatre mis \u00e0 disposition de la production des autres vaccins. \u00bb<br \/>\n\u00ab La publication de la formule [du vaccin Moderna] est une chose mais il se pose quand m\u00eame la question de la capacit\u00e9 de production, du savoir-faire et du savoir-faire technologique pour produire. \u00c7a n\u2019est pas parce que vous avez la formule que vous avez \u00e0 disposition les \u00e9l\u00e9ments n\u00e9cessaires \u00e0 la production. \u00bb<\/p>\n<p><em> <strong>Sur l\u2019investissement dans la recherche et transparence<\/strong> <\/em><br \/>\n\u00ab La recherche et le d\u00e9veloppement ont \u00e9t\u00e9 financ\u00e9 par les Etats. \u00bb<br \/>\n\u00ab Le gouvernement am\u00e9ricain a financ\u00e9 \u00e0 plus d\u2019un milliard de dollars la recherche et le d\u00e9veloppement du vaccin Moderna. \u00bb<br \/>\n\u00ab Il y a \u00e9norm\u00e9ment d\u2019argent public et de risque pris par le public dans la recherche et le d\u00e9veloppement de ces vaccins. \u00bb<br \/>\n\u00ab On demande la transparence dans les politiques du m\u00e9dicament pour avoir des \u00e9l\u00e9ments rationnels. Si l\u2019industrie pharmaceutique estime qu\u2019elle investit \u00e0 perte \u00e9norm\u00e9ment d\u2019argent, pourquoi refuse-t-elle de faire la transparence sur ses chiffres ? \u00bb<br \/>\n\u00ab Dans les contrats qui ont \u00e9t\u00e9 r\u00e9v\u00e9l\u00e9s par la commission europ\u00e9enne, il y a beaucoup d\u2019\u00e9l\u00e9ments qui restent opaques. \u00bb<br \/>\n\u00ab La transparence permet aussi de guider les politiques publiques. \u00bb<br \/>\n\u00ab Sans conditionnalit\u00e9 rattach\u00e9e aux contrats, les Etats sont compl\u00e8tement d\u00e9munis. \u00bb<br \/>\n\u00ab Les laboratoires auraient d\u00fb engager leur responsabilit\u00e9. C\u2019est probl\u00e9matique de constater que les Etats contribuent \u00e0 la recherche et au d\u00e9veloppement &#8211; c\u2019est eux qui financent &#8211; et que dans le m\u00eame temps ils prennent des risques. \u00bb<br \/>\n\u00ab Le fait que les Etats aient d\u00e9charg\u00e9 les firmes de leur responsabilit\u00e9 en cas d\u2019effets ind\u00e9sirables pose un certain nombre de probl\u00e8mes. Le rapport de force est compl\u00e8tement d\u00e9s\u00e9quilibr\u00e9 et les firmes se retrouvent avec les b\u00e9n\u00e9fices li\u00e9s aux ventes de vaccins et les Etats qui assument les risques &#8211; y compris les risques d\u2019effets ind\u00e9sirables pour les populations. \u00bb<\/p>\n<p><em> <strong>Sur la course aux vaccins<\/strong> <\/em><br \/>\n\u00ab La course aux vaccins ne cr\u00e9\u00e9 pas les conditions favorables pour que le meilleur vaccin soit d\u00e9velopp\u00e9. On est plus dans une pr\u00e9cipitation &#8211; qu\u2019on peut justifier par la crise qu\u2019on traverse &#8211; qui ne permet pas d\u2019articuler au mieux les strat\u00e9gies vaccinales. \u00bb<br \/>\n\u00ab Ce qui s\u2019est fait en moins d\u2019un an est quand m\u00eame tr\u00e8s impressionnant. C\u2019est une excellent nouvelle. Et maintenant qu\u2019on sait \u00e7a, il faut augmenter la production pour qu\u2019il y ait un acc\u00e8s \u00e9quitable des vaccins \u00e0 travers le monde. \u00bb<\/p>\n<p><em> <strong>Sur le r\u00f4le de l\u2019observatoire<\/strong> <\/em><br \/>\n\u00ab En France, on n\u2019est pas \u00e9cout\u00e9 par le gouvernement. \u00bb<br \/>\n\u00ab Aucun des \u00e9changes qu\u2019on a pu essayer d\u2019avoir avec ce gouvernement n\u2019a pu aboutir. \u00bb<br \/>\n\u00ab On \u00e9change tr\u00e8s r\u00e9guli\u00e8rement avec diff\u00e9rents \u00e9lus, des chercheurs et des organisations internationales mais le gouvernement ne nous \u00e9coute pas. \u00bb<br \/>\n\u00ab Nous avons besoin d\u2019une planification sanitaire publique et d\u2019une production en partie publique \u00e9galement. \u00bb<br \/>\n\u00ab Il faut que les Etats soient plus offensifs sur la question de la transparence des laboratoires pharmaceutiques mais aussi plus \u00e9quilibr\u00e9s sur la question des brevets. \u00bb<br \/>\n\u00ab Il y a une explosion des prix du m\u00e9dicament. Si on ne r\u00e9injecte pas un peu de rationnel dans la d\u00e9finition des prix du m\u00e9dicament, les prix vont continuer d\u2019exploser. \u00bb<div id='gallery-1' class='gallery galleryid-12874 gallery-columns-3 gallery-size-thumbnail'><figure class='gallery-item'>\n\t\t\t<div class='gallery-icon portrait'>\n\t\t\t\t<a href='https:\/\/archives.regards.fr\/wp-content\/uploads\/2021\/04\/screenshot_2021-04-06_12-119.26.26.png'><img loading=\"lazy\" decoding=\"async\" width=\"150\" height=\"150\" src=\"https:\/\/archives.regards.fr\/wp-content\/uploads\/2021\/04\/screenshot_2021-04-06_12-119.26.26-150x150.png\" class=\"attachment-thumbnail size-thumbnail\" alt=\"screenshot_2021-04-06_12.26.26.png\" \/><\/a>\n\t\t\t<\/div><\/figure>\n\t\t<\/div>\n<\/p>\n","protected":false},"excerpt":{"rendered":"<p>Pauline Londeix est la cofondatrice de l\u2019Observatoire de la transparence dans les politiques du m\u00e9dicament. L\u2019occasion de revenir avec elle sur les brevets des vaccins, la strat\u00e9gie vaccinale et la production. Elle est l&#8217;invit\u00e9e de #LaMidinale.<\/p>\n","protected":false},"author":1039,"featured_media":30455,"comment_status":"open","ping_status":"open","sticky":false,"template":"","format":"standard","meta":{"_themeisle_gutenberg_block_has_review":false,"footnotes":""},"categories":[238],"tags":[293],"class_list":["post-12874","post","type-post","status-publish","format-standard","has-post-thumbnail","hentry","category-la-midinale","tag-entretien"],"_links":{"self":[{"href":"https:\/\/archives.regards.fr\/index.php?rest_route=\/wp\/v2\/posts\/12874","targetHints":{"allow":["GET"]}}],"collection":[{"href":"https:\/\/archives.regards.fr\/index.php?rest_route=\/wp\/v2\/posts"}],"about":[{"href":"https:\/\/archives.regards.fr\/index.php?rest_route=\/wp\/v2\/types\/post"}],"author":[{"embeddable":true,"href":"https:\/\/archives.regards.fr\/index.php?rest_route=\/wp\/v2\/users\/1039"}],"replies":[{"embeddable":true,"href":"https:\/\/archives.regards.fr\/index.php?rest_route=%2Fwp%2Fv2%2Fcomments&post=12874"}],"version-history":[{"count":0,"href":"https:\/\/archives.regards.fr\/index.php?rest_route=\/wp\/v2\/posts\/12874\/revisions"}],"wp:featuredmedia":[{"embeddable":true,"href":"https:\/\/archives.regards.fr\/index.php?rest_route=\/wp\/v2\/media\/30455"}],"wp:attachment":[{"href":"https:\/\/archives.regards.fr\/index.php?rest_route=%2Fwp%2Fv2%2Fmedia&parent=12874"}],"wp:term":[{"taxonomy":"category","embeddable":true,"href":"https:\/\/archives.regards.fr\/index.php?rest_route=%2Fwp%2Fv2%2Fcategories&post=12874"},{"taxonomy":"post_tag","embeddable":true,"href":"https:\/\/archives.regards.fr\/index.php?rest_route=%2Fwp%2Fv2%2Ftags&post=12874"}],"curies":[{"name":"wp","href":"https:\/\/api.w.org\/{rel}","templated":true}]}}