{"id":12869,"date":"2021-04-02T12:20:46","date_gmt":"2021-04-02T10:20:46","guid":{"rendered":"https:\/\/wp.muchomaas.com\/article-yves-citton-la-gauche-devrait-aller-voir-du-cote-des-pensees-mineures-qui-sont\/"},"modified":"2023-06-24T00:13:48","modified_gmt":"2023-06-23T22:13:48","slug":"article-yves-citton-la-gauche-devrait-aller-voir-du-cote-des-pensees-mineures-qui-sont","status":"publish","type":"post","link":"https:\/\/archives.regards.fr\/?p=12869","title":{"rendered":"Yves Citton : \u00ab La gauche devrait aller voir du c\u00f4t\u00e9 des pens\u00e9es mineures qui sont aujourd&#8217;hui les plus vivaces \u00bb"},"content":{"rendered":"<p class=\"post_excerpt\">Quoi faire politiquement quand on est de gauche et qu&#8217;on a l&#8217;impression que tout fout le camp ? Yves Citton, auteur de <em>Faire avec : conflits, coalitions, contagions<\/em> aux \u00e9ditions Les Liens qui Lib\u00e8rent, est l&#8217;invit\u00e9 de #LaMidinale.<\/p>\n<h2>UNE MIDINALE \u00c0 VOIR&#8230;<\/h2>\n<p><iframe loading=\"lazy\" width=\"490\" height=\"276\" src=\"https:\/\/www.youtube.com\/embed\/DfA7Ogu0P80\" title=\"YouTube video player\" frameborder=\"0\" allow=\"accelerometer; autoplay; clipboard-write; encrypted-media; gyroscope; picture-in-picture\" allowfullscreen><\/iframe><\/p>\n<p>&nbsp;<\/p>\n<p><h2>&#8230; ET \u00c0 LIRE<\/h2>\n<p><em>\u00a0<strong>Sur le casse du si\u00e8cle <\/em>\u00a0<\/strong><br \/>\n\u00ab\u00a0Le casse du si\u00e8cle, ce sont des gens qui s\u2019enrichissent de fa\u00e7on disproportionn\u00e9e.\u00a0\u00bb<br \/>\n\u00ab\u00a0La casse du si\u00e8cle, c\u2019est \u00e0 la fois le n\u00e9olib\u00e9ralisme et la crise \u00e9cologique, deux versants d\u2019une m\u00eame r\u00e9alit\u00e9.\u00a0\u00bb<br \/>\n\u00ab\u00a0Le capitalisme financier nous fait foncer dans un mur \u00e9cologique avec des questions de biodiversit\u00e9, de virus, de d\u00e9r\u00e8glement climatique qui vont restreindre nos perspectives de croissance et de richesses.\u00a0\u00bb<br \/>\n\u00ab\u00a0On doit craindre que les plus riches et les plus privil\u00e9gi\u00e9s vont s\u2019accrocher \u00e0 leurs richesses et que ce sera les pauvres qui paieront la facture.\u00a0\u00bb<br \/>\n\u00ab\u00a0Il y a un r\u00e9tr\u00e9cissement des ressources que l\u2019on pompe de la nature. C\u2019est la fin de la cheap nature, la nature \u00e0 bon march\u00e9.\u00a0\u00bb<br \/>\n\u00ab\u00a0Les restrictions des ressources vont forcer pas mal de gens \u00e0 se serrer la ceinture : soit les riches se la serreront mais \u00e7a ne se fera pas tout seul et on aura besoin de mouvements sociaux, soit ils vont r\u00e9ussir \u00e0 ne pas le faire comme ils ont r\u00e9ussi \u00e0 le faire pendant 30 ans et ce sont les autres \u00e0 qui l\u2019on serrera la ceinture et l\u00e0, \u00e7a va p\u00e9ter &#8211; et ils ont raison.\u00a0\u00bb<\/p>\n<p><em>\u00a0<strong>Comment (cesser de) se battre ?<\/em>\u00a0<\/strong><br \/>\n\u00ab\u00a0La litt\u00e9rature, c\u2019est s\u2019habituer au fait qu\u2019il n\u2019y a pas une v\u00e9rit\u00e9 ou un sens \u00e0 tirer des choses : il faut toujours regarder sous plusieurs angles.\u00a0\u00bb<br \/>\n\u00ab\u00a0Il y a des gens qui se battent et ils le font pour de tr\u00e8s bonnes raisons. Sauf que r\u00e9cemment, les gens qui se battaient de mon c\u00f4t\u00e9, c\u2019est-\u00e0-dire la gauche, ont pass\u00e9 autant de temps \u00e0 se battre entre eux que contre la droite ou le capitalisme.\u00a0\u00bb<br \/>\n\u00ab\u00a0Le mot \u201cse battre\u201d est bizarre : il peut \u00e0 la fois dire qu\u2019on combat quelque chose, des ennemis, mais cela veut aussi dire s\u2019autoflageller.\u00a0\u00bb<br \/>\n\u00ab\u00a0Si on est dans une situation aussi calamiteuse du point de vue des in\u00e9galit\u00e9s sociales et du point de vue \u00e9cologique, c\u2019est en grande partie parce que les forces \u00e9cologiques et de gauche se sont battus dans le mauvais sens, c\u2019est-\u00e0-dire entre elles.\u00a0\u00bb<\/p>\n<p><em>\u00a0<strong>Sur la n\u00e9cessit\u00e9 de faire avec<\/em>\u00a0<\/strong><br \/>\n\u00ab\u00a0C\u2019est tr\u00e8s bien qu\u2019il y ait des dissensus et des d\u00e9saccords mais sur ce qu\u2019il faut faire, il peut y avoir un accord.\u00a0\u00bb<br \/>\n\u00ab\u00a0On n\u2019a pas assez mesur\u00e9 l\u2019urgence de faire quelque chose rapidement.\u00a0\u00bb<br \/>\n\u00ab\u00a0La Convention citoyenne sur le climat, c\u2019\u00e9tait assez beau comme exp\u00e9rience : des gens se sont r\u00e9unis et se sont assez facilement mis d\u2019accord et rapidement, ont r\u00e9ussi \u00e0 proposer des mesures de bon sens &#8211; peut-\u00eatre pas suffisantes mais c\u2019est une base de dialogue.\u00a0\u00bb<br \/>\n\u00ab\u00a0Il ne s\u2019agit de se mettre d\u2019accord sur ce que sont l\u2019universalisme ou les droits de l\u2019homme mais des choses \u00e0 faire pour des questions climatiques. Ce genre de consensus minimal, on peut le cr\u00e9er.\u00a0\u00bb<br \/>\n\u00ab\u00a0On pourrait prendre une boussole dans les n\u00e9gociations au sein de la gauche qui est de valoriser le mineur en tant que tel.\u00a0Il faut distinguer le mineur des minorit\u00e9s : le mineur n\u2019est pas une r\u00e9alit\u00e9 statistique. C\u2019est plut\u00f4t des attitudes qui font que l&#8217;on est \u00e0 l\u2019\u00e9cart de la norme mainstream ou \u00e9talon.\u00a0\u00bb<br \/>\n\u00ab\u00a0C\u2019est du c\u00f4t\u00e9 des pens\u00e9es mineures qu\u2019il y a une vivacit\u00e9, une urgence et des revendications qui vont dans le sens de la justice : LGBT, f\u00e9ministes, antiracistes, v\u00e9gan\u2026 Il y a des c\u00f4t\u00e9s extr\u00eames qui peuvent \u00eatre aga\u00e7ants quand on regarde \u00e7a d\u2019un oeil ext\u00e9rieur mais ce genre de militance pousse des choses dans l\u2019int\u00e9r\u00eat commun.\u00a0\u00bb<\/p>\n<p><em>\u00a0<strong>Sur nos adversaires<\/em>\u00a0<\/strong><br \/>\n\u00ab\u00a0Pour moi, le premier des conflits, c\u2019est contre les R\u00e9publicains &#8211; au sens am\u00e9ricain.\u00a0\u00bb<br \/>\n\u00ab\u00a0Je ne comprends pas comment on pourrait soutenir les R\u00e9publicains am\u00e9ricains.\u00a0\u00bb<br \/>\n\u00ab\u00a0En France, des gens qui s\u2019appelaient autrement, on choisit de s\u2019appeler Les R\u00e9publicains.\u00a0Ca clarifie les choses.\u00a0Et leurs agendas comme leurs id\u00e9es politiques sont \u00e0 combattre.\u00a0\u00bb<\/p>\n<p><em>\u00a0<strong>Sur l\u2019\u00e9tat actuel de notre d\u00e9mocratie<\/em>\u00a0<\/strong><br \/>\n\u00ab\u00a0Pour moi, ce n\u2019est pas en mettant un bulletin de vote dans l\u2019urne que l\u2019on change le monde.\u00a0\u00bb<br \/>\n\u00ab\u00a0Pour la pr\u00e9sidentielle 2022, il me semble que la droite sera divis\u00e9e : je ne crois pas \u00e0 l\u2019alliance Le Pen-Macron ou LR-Macron. Si ceux que l\u2019on pourrait appeler la gauche avec toutes les d\u00e9ceptions ou les d\u00e9go\u00fbts de certains pour d\u2019autres comme Fran\u00e7ois Hollande, arrivent \u00e0 se r\u00e9unir, il est presque garanti que l\u2019on pourrait arriver \u00e0 un pouvoir pr\u00e9sidentiel ou parlementaire.\u00a0D\u00e8s lors, il y a toute une s\u00e9rie de choses que l\u2019on pourrait faire passer en force. Comme ce que Joe Biden essaie de faire &#8211; m\u00eame si pas assez.\u00a0\u00bb<br \/>\n\u00ab\u00a0Je pr\u00e9f\u00e8re quand m\u00eame avoir Joe Biden \u00e0 la t\u00eate des Etats-Unis que cette ordure de George Bush ou Donald Trump. Certes, il ne va pas faire la r\u00e9volution ou abolir le capitalisme mais \u00e7a sera un petit moins pire.\u00a0\u00bb<br \/>\n\u00ab\u00a0Une fois qu\u2019on aura \u00e7a en France, \u00e7a n\u2019aura pas r\u00e9solu le probl\u00e8me : il faudra faire des manifestations dans les rues !\u00a0\u00bb<\/p>\n<p><em>\u00a0<strong>Quelle place pour le mensonge en politique ?<\/em>\u00a0<\/strong><br \/>\n\u00ab\u00a0Il fut un temps, il y avait quelque chose qui s\u2019appelait un programme o\u00f9 on se mettait d\u2019accord sur des choses communes minimales qu\u2019on essayait ensuite d\u2019impl\u00e9menter.\u00a0\u00bb<br \/>\n\u00ab\u00a0La r\u00e9alit\u00e9 doit faire pression : pas seulement des gens qui descendent dans la rue mais hier, c\u2019\u00e9tait le jour le plus chaud d\u2019un mois de mars qu\u2019on ait jamais enregistr\u00e9 en France.\u00a0\u00bb<br \/>\n\u00ab\u00a0Toutes les trahisons et tous les mensonges font partie de l\u2019histoire de nos institutions et de nos politiques humaines. Mais ce n\u2019est pas une raison pour ne pas essayer de faire quelque chose qui se fera de toutes les fa\u00e7ons soit par la violence soit par la pression.\u00a0\u00bb<\/p>\n<p><em>\u00a0<strong>Sur nos outils de luttes<\/em>\u00a0<\/strong><br \/>\n\u00ab\u00a0Les syndicats sont essentiels, les manifestations de rue le sont aussi.\u00a0\u00bb<br \/>\n\u00ab\u00a0Le but du livre, ce n\u2019est pas de dire que tout ce qui est fait est \u00e0 c\u00f4t\u00e9 de la plaque mais au contraire qu\u2019il faut continuer \u00e0 faire toutes ces choses-l\u00e0 mais il faut voir aussi que souvent, \u00e7a patine.\u00a0\u00bb<br \/>\n\u00ab\u00a0Il faut des suppl\u00e9ments et des compl\u00e9ments, pas de remplacements.\u00a0\u00bb<br \/>\n\u00ab\u00a0Celles et ceux qui votent et ach\u00e8tent, plut\u00f4t que de dire que ce sont des individus ou des citoyens, je pr\u00e9f\u00e8re les voir comme des membres de publics : on pense ce qu\u2019on pense, on dit ce qu\u2019on dit et on fait ce qu\u2019on fait, parce qu\u2019on est membre de tel ou tel public de ce qu\u2019on lit, de ce qu\u2019on voit, de ce qu\u2019on \u00e9coute.\u00a0\u00bb<br \/>\n\u00ab\u00a0La notion m\u00eame de salaire, de ch\u00f4mage ou d\u2019emploi nous vient \u00e0 travers d\u2019images qui sont m\u00e9di\u00e9es par les m\u00e9dias.\u00a0\u00bb<br \/>\n\u00ab\u00a0Les m\u00e9dias de masse, comme la t\u00e9l\u00e9vision ou internet sont tellement r\u00e9cents dans l\u2019histoire anthropologique des relations humaines qu\u2019on ne comprend pas du tout ce que nous nous faisons \u00e0 travers l\u2019algorithme de Google ou de Facebook. C\u2019est de l\u2019ordre de la sorcellerie.\u00a0\u00bb<br \/>\n\u00ab\u00a0Savoir que l\u2019on vit dans un monde de sorcellerie nous donne la possibilit\u00e9 d\u2019envisager de bricoler des trucs qui vont surtout valoir par les croyances qui se diffusent entre nous plut\u00f4t que par une croyance sup\u00e9rieure et implacable.\u00a0\u00bb<br \/>\n\u00ab\u00a0Le jeu des croyances et des viralit\u00e9s que l\u2019on appelle conspirationisme, post-v\u00e9rit\u00e9 ou fake news est un domaine \u00e9norme essentiel dans nos m\u00e9diarchies contemporaines.\u00a0\u00bb<br \/>\n\u00ab\u00a0Du c\u00f4t\u00e9, on est sous-\u00e9quip\u00e9 par rapport aux m\u00e9diarchies contemporaines : les gens du Front national se sont rendus compte tr\u00e8s vite qu\u2019ils n\u2019avaient pas acc\u00e8s aux m\u00e9dias au nom du front r\u00e9publicain alors que la gauche est camp\u00e9e sur la volont\u00e9 de retourner aux bonnes vieilles valeurs du journalisme. Il faut le faire mais \u00e7a ne va pas suffire.\u00a0\u00bb<br \/>\n\u00ab\u00a0Il faut une r\u00e9forme politique de l\u2019infrastructure des m\u00e9dias : cela me scie que les partis de gauche qui se veulent critiques de l\u2019\u00e9tat actuel des d\u00e9bats ou de la soci\u00e9t\u00e9 ne mettent pas au premier plan de leurs revendications ou de leur programme une r\u00e9forme de la structure des m\u00e9dias.\u00a0\u00bb<br \/>\n\u00ab\u00a0Les hyperstitions sont comme des superstitions mais font advenir des r\u00e9alit\u00e9s. Il y a un c\u00f4t\u00e9 performatif : le fait m\u00eame de croire \u00e0 certaines choses fait advenir certaines r\u00e9alit\u00e9s. Le capitalisme financier, c\u2019est essentiellement cela : on fait croire des choses sur la valeur et \u00e7a prend et \u00e7a produit vraiment de la valeur, m\u00eame si elle fout en l\u2019air notre milieu de vie.\u00a0\u00bb<div id='gallery-1' class='gallery galleryid-12869 gallery-columns-3 gallery-size-thumbnail'><figure class='gallery-item'>\n\t\t\t<div class='gallery-icon landscape'>\n\t\t\t\t<a href='https:\/\/archives.regards.fr\/wp-content\/uploads\/2021\/04\/capture_d_e_cran_2021-04-02_a_12-ee1.10.30.png'><img loading=\"lazy\" decoding=\"async\" width=\"150\" height=\"150\" src=\"https:\/\/archives.regards.fr\/wp-content\/uploads\/2021\/04\/capture_d_e_cran_2021-04-02_a_12-ee1.10.30-150x150.png\" class=\"attachment-thumbnail size-thumbnail\" alt=\"capture_d_e_cran_2021-04-02_a_12.10.30.png\" \/><\/a>\n\t\t\t<\/div><\/figure>\n\t\t<\/div>\n<\/p>\n","protected":false},"excerpt":{"rendered":"<p>Quoi faire politiquement quand on est de gauche et qu&#8217;on a l&#8217;impression que tout fout le camp ? Yves Citton, auteur de <em>Faire avec : conflits, coalitions, contagions<\/em> aux \u00e9ditions Les Liens qui Lib\u00e8rent, est l&#8217;invit\u00e9 de #LaMidinale.<\/p>\n","protected":false},"author":1204,"featured_media":30444,"comment_status":"open","ping_status":"open","sticky":false,"template":"","format":"standard","meta":{"_themeisle_gutenberg_block_has_review":false,"footnotes":""},"categories":[238],"tags":[293],"class_list":["post-12869","post","type-post","status-publish","format-standard","has-post-thumbnail","hentry","category-la-midinale","tag-entretien"],"_links":{"self":[{"href":"https:\/\/archives.regards.fr\/index.php?rest_route=\/wp\/v2\/posts\/12869","targetHints":{"allow":["GET"]}}],"collection":[{"href":"https:\/\/archives.regards.fr\/index.php?rest_route=\/wp\/v2\/posts"}],"about":[{"href":"https:\/\/archives.regards.fr\/index.php?rest_route=\/wp\/v2\/types\/post"}],"author":[{"embeddable":true,"href":"https:\/\/archives.regards.fr\/index.php?rest_route=\/wp\/v2\/users\/1204"}],"replies":[{"embeddable":true,"href":"https:\/\/archives.regards.fr\/index.php?rest_route=%2Fwp%2Fv2%2Fcomments&post=12869"}],"version-history":[{"count":0,"href":"https:\/\/archives.regards.fr\/index.php?rest_route=\/wp\/v2\/posts\/12869\/revisions"}],"wp:featuredmedia":[{"embeddable":true,"href":"https:\/\/archives.regards.fr\/index.php?rest_route=\/wp\/v2\/media\/30444"}],"wp:attachment":[{"href":"https:\/\/archives.regards.fr\/index.php?rest_route=%2Fwp%2Fv2%2Fmedia&parent=12869"}],"wp:term":[{"taxonomy":"category","embeddable":true,"href":"https:\/\/archives.regards.fr\/index.php?rest_route=%2Fwp%2Fv2%2Fcategories&post=12869"},{"taxonomy":"post_tag","embeddable":true,"href":"https:\/\/archives.regards.fr\/index.php?rest_route=%2Fwp%2Fv2%2Ftags&post=12869"}],"curies":[{"name":"wp","href":"https:\/\/api.w.org\/{rel}","templated":true}]}}