{"id":12866,"date":"2021-04-01T16:53:33","date_gmt":"2021-04-01T14:53:33","guid":{"rendered":"https:\/\/wp.muchomaas.com\/article-angeline-barth-cgt-il-faut-que-la-democratie-retrouve-sa-place-dans-l\/"},"modified":"2023-06-24T00:13:45","modified_gmt":"2023-06-23T22:13:45","slug":"article-angeline-barth-cgt-il-faut-que-la-democratie-retrouve-sa-place-dans-l","status":"publish","type":"post","link":"https:\/\/archives.regards.fr\/?p=12866","title":{"rendered":"Angeline Barth (CGT) : \u00ab Il faut que la d\u00e9mocratie retrouve sa place dans l\u2019entreprise \u00bb"},"content":{"rendered":"<p class=\"post_excerpt\">Du 22 mars au 6 avril ont lieu les \u00e9lections professionnelles dans les TPE. Angeline Barth, secr\u00e9taire conf\u00e9d\u00e9rale de la CGT, est l&#8217;invit\u00e9e de la Midinale.<\/p>\n<h2>UNE MIDINALE \u00c0 VOIR&#8230;<\/h2>\n<p><iframe loading=\"lazy\" width=\"490\" height=\"276\" src=\"https:\/\/www.youtube.com\/embed\/0SOEQrmC9ks\" title=\"YouTube video player\" frameborder=\"0\" allow=\"accelerometer; autoplay; clipboard-write; encrypted-media; gyroscope; picture-in-picture\" allowfullscreen><\/iframe><\/p>\n<p>&nbsp;<\/p>\n<p><h2>ET \u00c0 LIRE<\/h2>\n<p><em>\u00a0<strong>Sur les \u00e9lections syndicales dans les TPE<\/em>\u00a0<\/strong><br \/>\n\u00ab\u00a0Les \u00e9lections syndicales dans les TPE servent \u00e0 mesurer la repr\u00e9sentation syndicale dans ces tr\u00e8s petites entreprises.\u00a0\u00bb<br \/>\n\u00ab\u00a0Dans des entreprises de plus de 11 salari\u00e9s, on met en place des \u00e9lections syndicales de liste en un tour, c\u2019est plus simple.\u00a0\u00bb<br \/>\n\u00ab\u00a0Les \u00e9lections syndicales des TPE servent aussi \u00e0 attribuer un certain nombre de postes dans les commissions paritaires interprofessionnelles o\u00f9 l\u2019on discute des conditions de travail, de la sant\u00e9 au travail et d\u2019\u00e9galit\u00e9, sur les territoires et pour les salari\u00e9s des TPE. Mais sont des instances qui sont extr\u00eamement \u00e9loign\u00e9es des salari\u00e9s.\u00a0\u00bb<br \/>\n\u00ab\u00a0Les salari\u00e9s des TPE n\u2019\u00e9lisent pas des repr\u00e9sentants directs dans leur entreprise.\u00a0\u00bb<br \/>\n\u00ab\u00a0Les \u00e9lections syndicales dans les TPE sont extr\u00eamement m\u00e9connues et dont l\u2019utilit\u00e9 est \u00e9loign\u00e9e des salari\u00e9s des TPE.\u00a0\u00bb<br \/>\n\u00ab\u00a0M\u00eame si ces \u00e9lections nous permettent ensuite d\u2019aller n\u00e9gocier sur les retraites ou sur l\u2019assurance-ch\u00f4mage, cette mesure de repr\u00e9sentativit\u00e9 nous donne aussi du poids pour aller n\u00e9gocier les conventions collectives, c\u2019est-\u00e0-dire tous les am\u00e9nagements et am\u00e9liorations du Code du Travail dans les secteurs d\u2019activit\u00e9 de ces salari\u00e9s.\u00a0\u00bb<br \/>\n\u00ab\u00a0Formellement, on pourrait cr\u00e9er un syndicat dans une TPE mais il n\u2019aurait aucun moyen d\u2019action.\u00a0\u00bb<br \/>\n\u00ab\u00a0M\u00eame nous, \u00e0 la CGT, on a du mal \u00e0 identifier les salari\u00e9s de TPE qui sont syndiqu\u00e9s.\u00a0\u00bb<br \/>\n\u00ab\u00a0Le taux de syndicalisation en TPE est relativement faible mais ces salari\u00e9s viennent beaucoup dans nos permanences, notamment voir nos comit\u00e9s du salari\u00e9.\u00a0\u00bb<\/p>\n<p><em>\u00a0<strong>Sur la place des syndicats dans les TPE<\/em>\u00a0<\/strong><br \/>\n\u00ab\u00a0Les TPE sont des endroits o\u00f9 l\u2019on n\u2019a pas le m\u00eame rapport entre le salari\u00e9 et son patron : on peut se tutoyer, on peut vivre les m\u00eames angoisses\u2026\u00a0\u00bb<br \/>\n\u00ab\u00a0Les TPE sont les endroits o\u00f9 on est le moins bien pay\u00e9, o\u00f9 les salaires sont les plus proches du SMIC, o\u00f9 il est plus difficile de faire une formation professionnelle, o\u00f9 il est plus difficile de parler d\u2019organisation du travail\u2026\u00a0\u00bb<br \/>\n\u00ab\u00a0Le fait que l\u2019on ne puisse pas avoir d\u2019instances repr\u00e9sentatives du personnel dans les TPE pose des probl\u00e8mes de d\u00e9mocratie au travail.\u00a0\u00bb<br \/>\n\u00ab\u00a0Les salari\u00e9s des TPE n\u2019ont pour rep\u00e8res que les conventions collectives n\u00e9goci\u00e9es par les organisations syndicales.\u00a0\u00bb<br \/>\n\u00ab\u00a0Les autoentrepreneurs et notamment les travailleurs des plateformes commencent \u00e0 s\u2019organiser.\u00a0\u00bb<br \/>\n\u00ab\u00a0Il faut que l\u2019on arrive, m\u00eame nous \u00e0 la CGT, \u00e0 syndiquer des salari\u00e9s qui ne sont pas forc\u00e9ment dans une entreprise.\u00a0\u00bb<\/p>\n<p><em>\u00a0<strong>Sur les d\u00e9cisions d\u2019Emmanuel Macron annonc\u00e9es hier soir<\/em>\u00a0<\/strong><br \/>\n\u00ab\u00a0Emmanuel Macron prend ses d\u00e9cisions tout seul.\u00a0\u00bb<br \/>\n\u00ab\u00a0Nous, syndicats, avons une r\u00e9union cet apr\u00e8s-midi avec Elisabeth Borne pour nous \u00e9claircir un certain nombre de points, notamment l\u2019incitation au t\u00e9l\u00e9travail.\u00a0\u00bb<br \/>\n\u00ab\u00a0Il y a des propos mensongers : dire que les mesures de freinage montrent leurs effets\u2026 on voit bien que les chiffres sont catastrophiques, et pas qu\u2019en Ile-de-France !\u00a0\u00bb<br \/>\n\u00ab\u00a0Fermer les \u00e9coles conduit au confinement t d\u2019une grande partie des habitants.\u00a0\u00bb<br \/>\n\u00ab\u00a0Rien a \u00e9t\u00e9 discut\u00e9 : ni avec les syndicats de l\u2019\u00e9ducation nationale, ni avec les organisations syndicales interprofessionnelles.\u00a0\u00bb<\/p>\n<p><em>\u00a0<strong>Sur le t\u00e9l\u00e9travail<\/em>\u00a0<\/strong><br \/>\n\u00ab\u00a0La question du travail est tr\u00e8s compliqu\u00e9e, y compris au niveau de son impact sur la sant\u00e9 mentale.\u00a0\u00bb<br \/>\n\u00ab\u00a0L\u2019accord t\u00e9l\u00e9travail n\u2019est strictement pas contraignant.\u00a0\u00bb<br \/>\n\u00ab\u00a0L\u2019inspection du travail n\u2019a plus les moyens d\u2019effectuer des contr\u00f4les en bonne et due forme sur la question du t\u00e9l\u00e9travail.\u00a0\u00bb<br \/>\n\u00ab\u00a0Du t\u00e9l\u00e9travail en gardant les enfants, ce n\u2019est pas du t\u00e9l\u00e9travail.\u00a0\u00bb<\/p>\n<p><em>\u00a0<strong>Sur le dialogue social<\/em>\u00a0<\/strong><br \/>\n\u00ab\u00a0Le dialogue social qui se construit sur la concertation est une d\u00e9gradation totale de la qualit\u00e9 de ce qu\u2019on peut gagner.\u00a0\u00bb<br \/>\n\u00ab\u00a0Il n\u2019y a pas de construction collective issu d\u2019un rapport de forces.\u00a0\u00bb<br \/>\n\u00ab\u00a0Il faudrait que l\u2019on arrive \u00e0 trouver des points de compromis et non plus de compromission.\u00a0\u00bb<br \/>\n\u00ab\u00a0Il faut que la d\u00e9mocratie retrouve sa place dans l\u2019entreprise.\u00a0\u00bb<div id='gallery-1' class='gallery galleryid-12866 gallery-columns-3 gallery-size-thumbnail'><figure class='gallery-item'>\n\t\t\t<div class='gallery-icon landscape'>\n\t\t\t\t<a href='https:\/\/archives.regards.fr\/wp-content\/uploads\/2021\/04\/capture_d_e_cran_2021-04-01_a_11-743.26.45.png'><img loading=\"lazy\" decoding=\"async\" width=\"150\" height=\"150\" src=\"https:\/\/archives.regards.fr\/wp-content\/uploads\/2021\/04\/capture_d_e_cran_2021-04-01_a_11-743.26.45-150x150.png\" class=\"attachment-thumbnail size-thumbnail\" alt=\"capture_d_e_cran_2021-04-01_a_11.26.45.png\" \/><\/a>\n\t\t\t<\/div><\/figure>\n\t\t<\/div>\n<\/p>\n","protected":false},"excerpt":{"rendered":"<p>Du 22 mars au 6 avril ont lieu les \u00e9lections professionnelles dans les TPE. Angeline Barth, secr\u00e9taire conf\u00e9d\u00e9rale de la CGT, est l&#8217;invit\u00e9e de la Midinale.<\/p>\n","protected":false},"author":1204,"featured_media":30434,"comment_status":"open","ping_status":"open","sticky":false,"template":"","format":"standard","meta":{"_themeisle_gutenberg_block_has_review":false,"footnotes":""},"categories":[238],"tags":[],"class_list":["post-12866","post","type-post","status-publish","format-standard","has-post-thumbnail","hentry","category-la-midinale"],"_links":{"self":[{"href":"https:\/\/archives.regards.fr\/index.php?rest_route=\/wp\/v2\/posts\/12866","targetHints":{"allow":["GET"]}}],"collection":[{"href":"https:\/\/archives.regards.fr\/index.php?rest_route=\/wp\/v2\/posts"}],"about":[{"href":"https:\/\/archives.regards.fr\/index.php?rest_route=\/wp\/v2\/types\/post"}],"author":[{"embeddable":true,"href":"https:\/\/archives.regards.fr\/index.php?rest_route=\/wp\/v2\/users\/1204"}],"replies":[{"embeddable":true,"href":"https:\/\/archives.regards.fr\/index.php?rest_route=%2Fwp%2Fv2%2Fcomments&post=12866"}],"version-history":[{"count":0,"href":"https:\/\/archives.regards.fr\/index.php?rest_route=\/wp\/v2\/posts\/12866\/revisions"}],"wp:featuredmedia":[{"embeddable":true,"href":"https:\/\/archives.regards.fr\/index.php?rest_route=\/wp\/v2\/media\/30434"}],"wp:attachment":[{"href":"https:\/\/archives.regards.fr\/index.php?rest_route=%2Fwp%2Fv2%2Fmedia&parent=12866"}],"wp:term":[{"taxonomy":"category","embeddable":true,"href":"https:\/\/archives.regards.fr\/index.php?rest_route=%2Fwp%2Fv2%2Fcategories&post=12866"},{"taxonomy":"post_tag","embeddable":true,"href":"https:\/\/archives.regards.fr\/index.php?rest_route=%2Fwp%2Fv2%2Ftags&post=12866"}],"curies":[{"name":"wp","href":"https:\/\/api.w.org\/{rel}","templated":true}]}}