{"id":12862,"date":"2021-03-31T13:02:11","date_gmt":"2021-03-31T11:02:11","guid":{"rendered":"https:\/\/wp.muchomaas.com\/article-thomas-vescovi-la-gauche-israelienne-doit-choisir-le-sionisme-ou-la-gauche\/"},"modified":"2023-06-24T00:13:32","modified_gmt":"2023-06-23T22:13:32","slug":"article-thomas-vescovi-la-gauche-israelienne-doit-choisir-le-sionisme-ou-la-gauche","status":"publish","type":"post","link":"https:\/\/archives.regards.fr\/?p=12862","title":{"rendered":"Thomas Vescovi : \u00ab La gauche isra\u00e9lienne doit choisir : le sionisme ou la gauche \u00bb"},"content":{"rendered":"<p class=\"post_excerpt\">Apr\u00e8s les \u00e9lections l\u00e9gislatives du 23 mars dernier, o\u00f9 en sont les gauches isra\u00e9liennes ? Thomas Vescovi, auteur de <em>L&#8217;\u00e9chec d&#8217;une utopie, une histoire des gauches en Isra\u00ebl<\/em> aux \u00e9ditions La D\u00e9couverte, est l&#8217;invit\u00e9 de #LaMidinale.<\/p>\n<h2>UNE MIDINALE \u00c0 VOIR&#8230;<\/h2>\n<p><iframe loading=\"lazy\" width=\"490\" height=\"276\" src=\"https:\/\/www.youtube.com\/embed\/JdRtP34fwzw\" title=\"YouTube video player\" frameborder=\"0\" allow=\"accelerometer; autoplay; clipboard-write; encrypted-media; gyroscope; picture-in-picture\" allowfullscreen><\/iframe><\/p>\n<p>&nbsp;<\/p>\n<p><h2>ET \u00c0 LIRE<\/h2>\n<p><em>\u00a0<strong>Sur les \u00e9lections l\u00e9gislatives du 23 mars 2021<\/em>\u00a0<\/strong><br \/>\n\u00ab\u00a0Benjamin Netanyahou a certes un record de long\u00e9vit\u00e9 \u00e0 la t\u00eate d\u2019Isra\u00ebl mais il fait face \u00e0 3 \u00e9l\u00e9ments qui pourraient l\u2019emp\u00eacher de revenir au gouvernement avec autant d\u2019h\u00e9g\u00e9monie qu\u2019auparavant :<br \/>\nil fait face \u00e0 une triple inculpation : abus de confiance, malversation et corruption ;<br \/>\nil fait face \u00e0 une contestation politique in\u00e9dite par son ampleur et sa dur\u00e9e dans l\u2019histoire d\u2019Isra\u00ebl ;<br \/>\nil est contest\u00e9 au sein m\u00eame de son parti au point que certains de ses anciens ministres ont voulu cr\u00e9er une autre formation pour le concurrencer.\u00a0\u00bb<br \/>\n\u00ab\u00a0Les anti-Netanyahou sont majoritaires aujourd\u2019hui mais ils n\u2019arrivent pas \u00e0 s\u2019entendre entre eux pour faire une coalition pour diriger Isra\u00ebl parce que cette coalition est trop h\u00e9t\u00e9roclite.\u00a0\u00bb<br \/>\n\u00ab\u00a0De nouveau, Benjamin Netanyahou a r\u00e9ussi \u00e0 polariser la campagne sur sa personne : chaque meeting ou d\u00e9bat de l\u2019opposition tournaient autour de lui.\u00a0\u00bb<br \/>\n\u00ab\u00a0Je ne suis pas m\u00e9decin mais ce que je lis dans les m\u00e9dias, c\u2019est que la vaccination est consid\u00e9r\u00e9e comme un point positif pour Benjamin Netanyahou.\u00a0\u00bb<br \/>\n\u00ab\u00a0Il y a une limite [au succ\u00e8s de la vaccination en Isra\u00ebl] : les Palestiniens sont compl\u00e8tement oubli\u00e9s &#8211; sauf les travailleurs palestiniens qui vont travailler en Isra\u00ebl qui, eux, ont eu acc\u00e8s au vaccin.\u00a0\u00bb<\/p>\n<p><em>\u00a0<strong>Sur la gauche isra\u00e9lienne<\/em>\u00a0<\/strong><br \/>\n\u00ab\u00a0La gauche isra\u00e9lienne a obtenu 13 d\u00e9put\u00e9s si on cumule les deux partis de gauche sioniste.\u00a0\u00bb<br \/>\n\u00ab\u00a013 d\u00e9put\u00e9s et \u00e7a a \u00e9t\u00e9 la f\u00eate chez les travaillistes parce qu\u2019en d\u00e9cembre dernier, ils \u00e9taient annonc\u00e9s comme ne pouvant m\u00eame pas d\u00e9passer le seuil \u00e9lectoral pour entrer \u00e0 la Knesset.\u00a0\u00bb<br \/>\n\u00ab\u00a0Il y a eu une nouvelle dynamique autour de la nouvelle dirigeante du camp travailliste, Merav Michaeli, \u00e9lue en janvier \u00e0 la t\u00eate du parti. C\u2019est une figure des mouvements f\u00e9ministes isra\u00e9liens qui a, \u00e0 son actif, le fait d\u2019avoir toujours tenu la ligne de ne pas si\u00e9ger avec Benjamin Netanyahou : il y a un an, le camp travailliste avait choisi de si\u00e9ger avec le gouvernement Netanyahou dans un gouvernement d\u2019union nationale et elle avait refus\u00e9.\u00a0\u00bb<br \/>\n\u00ab\u00a0Le score de mars 2021 reste un des scores les plus faibles de la gauche sioniste en Isra\u00ebl. C\u2019est la quatri\u00e8me \u00e9lection en 2 ans mais ces r\u00e9sultats restent tr\u00e8s en-de\u00e7\u00e0 des enjeux politiques du moment.\u00a0\u00bb<br \/>\n\u00ab\u00a0Personne ne pr\u00e9tend qu\u2019un candidat du Parti travailliste ou du Meretz, la gauche radicale sioniste isra\u00e9lienne, peut pr\u00e9tendre \u00eatre Premier ministre : ils peuvent juste \u00eatre des alli\u00e9s\u2026 gu\u00e8re plus \u00e0 ce stade.\u00a0\u00bb<\/p>\n<p><em>\u00a0<strong>Sur le Parti travailliste<\/em>\u00a0<\/strong><br \/>\n\u00ab\u00a0Evidemment que quelqu\u2019un comme Yitzhak Rabin, Ehoud Barak ou d\u2019autres dirigeants de la gauche travailliste en Isra\u00ebl sont difficilement associables aux valeurs de la gauche socialiste, notamment la justice sociale.\u00a0Sauf que, dans le m\u00eame temps, dans le Parti travailliste, il y a des militants qui, dans leur quartier ou leur ville, consid\u00e8rent que leur parti est ancr\u00e9 \u00e0 gauche.\u00a0\u00bb<br \/>\n\u00ab\u00a0Dans le camp tr\u00e8s h\u00e9t\u00e9roclite de la gauche isra\u00e9lienne, il y a des alliances naturelles : pour la paix ou pour d\u00e9noncer la droite.\u00a0\u00bb<\/p>\n<p><em>\u00a0<strong>Peut-on \u00eatre de gauche et sioniste ?<\/em>\u00a0<\/strong><br \/>\n\u00ab\u00a0Plusieurs questions peuvent diviser le champ politique isra\u00e9lien : sur la question \u00e9conomique et sociale, si un candidat promet de rallonger le cong\u00e9 parental, de revaloriser les pensions, de donner de nouveaux droits aux salari\u00e9s, je ne pense pas que l\u2019on pourra dire qu\u2019il est de droite (\u2026). Or c\u2019\u00e9tait en partie le programme du Parti travailliste aux derni\u00e8res \u00e9lections.\u00a0\u00bb<br \/>\n\u00ab\u00a0L\u00e0 o\u00f9 il y a un autre d\u00e9bat, c\u2019est que la deuxi\u00e8me probl\u00e9matique qui tranche le d\u00e9bat politique isra\u00e9lien, c\u2019est la question palestinienne. Il est de bon ton de dire qu\u2019aujourd\u2019hui, \u00e7a n\u2019int\u00e9resse plus personne et qu\u2019on n\u2019en parle plus\u2026 En v\u00e9rit\u00e9, ce n\u2019est pas le cas mais il y a un tel consensus sur cette question que \u00e7a ne sert \u00e0 rien d\u2019en parler.\u00a0\u00bb<br \/>\n\u00ab\u00a0Les travaillistes par exemple ne s\u2019opposent plus frontalement \u00e0 la colonisation. M\u00eame l\u2019id\u00e9al d\u2019un Etat palestinien, ils en parlent parce qu\u2019il faut en parler mais ils ne font rien pour. Il n\u2019y a aucune volont\u00e9 non plus de cr\u00e9er une soci\u00e9t\u00e9 mixte avec des droits \u00e9gaux.\u00a0\u00bb<br \/>\n\u00ab\u00a0Je ne crois pas que Ben Gourion voulait cr\u00e9er un Etat socialiste mais il y a dans ce sionisme de gauche l\u2019id\u00e9e de r\u00e9cup\u00e9rer, dans le marxisme et le socialiste, des valeurs d\u2019unit\u00e9 du peuple, et d\u2019opposer, non pas prol\u00e9taires \u00e0 bourgeois ou patrons, mais travailleurs qui vont construire l\u2019Etat aux parasites et aux profiteurs.\u00a0\u00bb<br \/>\n\u00ab\u00a0Au sein du sionisme de gauche, on veut cr\u00e9er un Etat pour les Juifs sur des bases de justice sociale entre les Juifs.\u00a0A partir de l\u00e0, la question religieuse va \u00eatre marginalis\u00e9e mais utilis\u00e9e par Ben Gourion, uniquement pour unir le peuple.\u00a0\u00bb<br \/>\n\u00ab\u00a0Isra\u00ebl est un Etat qui se fonde sans r\u00e9elle unit\u00e9 entre les gens.\u00a0\u00bb<br \/>\n\u00ab\u00a0Le vocabulaire socialiste va jouer un r\u00f4le : le drapeau, les chants, l\u2019Internationale, le 1er mai\u2026\u00a0Mais c\u2019est avant tout un folklore.\u00a0\u00bb<br \/>\n\u00ab\u00a0La cr\u00e9ation d\u2019Isra\u00ebl a \u00e9t\u00e9 soutenue par l\u2019URSS mais, d\u00e8s 1948, Ben Gourion saura que son alli\u00e9 sinc\u00e8re et fid\u00e8le, ca doit \u00eatre les Etats-Unis.\u00a0\u00bb<br \/>\n\u00ab\u00a0Il y a une instrumentalisation du vocabulaire de gauche mais l\u2019objectif central, c\u2019est de s\u2019ancrer dans le camp occidental, d\u00e9mocrate et am\u00e9ricain.\u00a0\u00bb<br \/>\n\u00ab\u00a0Il y a d\u00e9bat sur \u201cpeut-on \u00eatre sioniste et de gauche ?\u201d. Je ne tranche volontairement pas la question dans le livre parce qu\u2019il y a eu des milliers de personnes qui y ont cru et qui, peut-\u00eatre encore aujourd\u2019hui, continuent \u00e0 y croire.\u00a0\u00bb<br \/>\n\u00ab\u00a0Vouloir articuler le sionisme, qui est une d\u00e9marche nationaliste avant tout, qui d\u00e9fend en priorit\u00e9 une population par rapport aux autres, et en m\u00eame temps se dire de gauche, vous am\u00e8ne forc\u00e9ment \u00e0 un dilemme. D\u00e8s les ann\u00e9es 1920-30, avant m\u00eame la cr\u00e9ation d\u2019Isra\u00ebl, il y a des d\u00e9bats entre militants, dans les syndicats, dans les comit\u00e9s politiques : est-ce que l\u2019on est plut\u00f4t de gauche et l\u2019on cr\u00e9e de l\u2019organisation sur des bases sociales, de classes, en d\u00e9passant les particularismes ou est-ce que l\u2019on est plut\u00f4t sioniste et la priorit\u00e9, c\u2019est de construire l\u2019Etat ? La majorit\u00e9 va plut\u00f4t suivre le camp qui va devenir le Parti travailliste : la priorit\u00e9, c\u2019est de d\u00e9fendre l\u2019Etat pour les Juifs avant tout au d\u00e9triment des valeurs de gauche.\u00a0A partir de l\u00e0, des alliances ont \u00e9t\u00e9 tiss\u00e9es entre les Travaillistes et des partis plus au centre. La seule variable prise en compte a donc \u00e9t\u00e9 l\u2019identit\u00e9 juive.\u00a0\u00bb<\/p>\n<p><em>\u00a0<strong>Sur les identit\u00e9s en Isra\u00ebl<\/em>\u00a0<\/strong><br \/>\n\u00ab\u00a0En Isra\u00ebl, le vote se fait beaucoup sur des identit\u00e9s personnelles que sur un vrai programme et des valeurs.\u00a0\u00bb<br \/>\n\u00ab\u00a0Lorsque l\u2019on est un juif russophone, on va avoir tendance \u00e0 voter pour des partis russophones.\u00a0\u00bb<br \/>\n\u00ab\u00a0Le Parti travailliste, de la Gauche unie ou du Meretz ont davantage de soutiens au sein des populations juifs ashk\u00e9nazes autour de Tel-Aviv quand des Juifs orientaux vont plut\u00f4t voter pour des partis religieux.\u00a0\u00bb<\/p>\n<p><em>\u00a0<strong>Sur la gauche anti-sioniste<\/em>\u00a0<\/strong><br \/>\n\u00ab\u00a0Oui, la gauche anti-sioniste existe.\u00a0\u00bb<br \/>\n\u00ab\u00a0En 1967, quand Isra\u00ebl conquiert les 22% restant de la Palestine historique (Gaza et Cis-Jordanie), on a les premiers appels des retraits des territoires occup\u00e9s de l\u2019arm\u00e9e isra\u00e9lienne : c\u2019est le camp non- ou anti-sioniste isra\u00e9lien qui consid\u00e8re que l\u2019alliance ne doit pas se faire une base communautaire et de particularismes mais sur une base sociale, de classes et avec les opprim\u00e9s &#8211; c\u2019est-\u00e0-dire avec les Palestiniens.\u00a0\u00bb<br \/>\n\u00ab\u00a0Progressivement, il va se d\u00e9velopper un militantisme qui va s\u2019activer autour d\u2019\u00e9v\u00e9nements qui va contraindre la gauche sioniste \u00e0 \u00e9couter ces positions et \u00e0 essayer de les comprendre (\u2026). C\u2019est cela qui va amener \u00e0 la naissance du camp de la paix et tout le processus d\u2019Oslo.\u00a0\u00bb<br \/>\n\u00ab\u00a0Aujourd\u2019hui, en Isra\u00ebl, une avant-garde non-sioniste existe peut-\u00eatre mais elle est beaucoup moins audible, soutenue par le camp travailliste et tr\u00e8s malmen\u00e9e : Benjamin Netanyahou a fait passer toute une s\u00e9rie de lois afin de les criminaliser, et de les pointer du doigt comme traitres \u00e0 la patrie. \u00bb<\/p>\n<p><em>\u00a0<strong>Sur la diaspora juive<\/em>\u00a0<\/strong><br \/>\n\u00ab\u00a0Il y a des d\u00e9bats passionnants au sein de la jeunesse juive am\u00e9ricaine sur l\u2019orientation de l\u2019Etat isra\u00e9lien. Beaucoup d\u2019entre eux ne se reconnaissent pas dans l\u2019Etat promu par Benjamin Netanyahou.\u00a0\u00bb<br \/>\n\u00ab\u00a0Aujourd\u2019hui, tout le monde se rend compte que les bases socialistes de l\u2019Etat isra\u00e9lien sont oubli\u00e9es et qu\u2019on se dirige vers un Etat ill\u00e9gal.\u00a0\u00bb<br \/>\n\u00ab\u00a0On peut parler de fascisation d\u2019Isra\u00ebl d\u00e8s lors qu\u2019on a une restriction des libert\u00e9s pour certaines ONG, d\u00e8s lors qu\u2019en 2018, une loi d\u2019Etat-nation est vot\u00e9e dont l\u2019article 1 dit qu\u2019en Isra\u00ebl, seuls les Juifs ont le droit \u00e0 l\u2019autod\u00e9termination, c\u2019est au moins de l\u2019apartheid.\u00a0\u00bb<br \/>\n\u00ab\u00a0Le fameux Etat d\u00e9mocratique juif, les Palestiniens des Territoires occup\u00e9s comme ceux d\u2019Isra\u00ebl ne l\u2019ont quasiment jamais connu : en quoi un Palestinien de Naplouse ou de Gaza sait ce que c\u2019est que l\u2019Etat juif d\u00e9mocratique et lib\u00e9ral ? Pour lui, c\u2019est de la foutaise car il n\u2019a vu que des soldats qui ont opprim\u00e9 sa famille.\u00a0\u00bb<br \/>\n\u00ab\u00a0Il y a en Isra\u00ebl, un r\u00e9orientation de la r\u00e9pression : pendant des d\u00e9cennies, \u00e9taient r\u00e9prim\u00e9s les militants de gauche anti-sioniste parce qu\u2019ils \u00e9taient radicaux et aux c\u00f4t\u00e9s des Palestiniens, r\u00e9prim\u00e9s eux-aussi.\u00a0Mais aujourd\u2019hui, Isra\u00ebl va encore plus loin : Isra\u00ebl essaie de limiter les libert\u00e9s y compris de militants qui sont sionistes mais qui disent qu\u2019il y a un vrai probl\u00e8me avec le traitement des Palestiniens dans la mesure o\u00f9 leur arm\u00e9e continue d\u2019oppresser un peuple.\u00a0\u00bb<\/p>\n<p><em>\u00a0<strong>Sur l\u2019avenir de la gauche isra\u00e9lienne<\/em>\u00a0<\/strong><br \/>\n\u00ab\u00a0Mon constat est le suivant : vu la situation de la gauche sioniste en Isra\u00ebl, il y a l\u2019\u00e9chec de la croyance que l\u2019on pouvait faire un Etat que pour les Juifs sur des bases sociales et de gauche.\u00a0\u00bb<br \/>\n\u00ab\u00a0Il a fallu choisir : soit tu es de gauche et tu d\u00e9passes le clivage communautaire, soit tu es sioniste et tu d\u00e9fends un Etat pour les Juifs et, dans ces cas-l\u00e0, c\u2019est au d\u00e9triment des id\u00e9es de gauche.\u00a0\u00bb<br \/>\n\u00ab\u00a0Depuis environ deux ans, des perspectives sont en train de se recr\u00e9er : il s\u2019agit de consid\u00e9rer qu\u2019au sein du camp palestinien d\u2019Isra\u00ebl &#8211; c\u2019est-\u00e0-dire 20% de la population -, il y a une vraie dynamique de vouloir rentrer dans le jeu politique.\u00a0\u00bb<br \/>\n\u00ab\u00a080% des Palestiniens d\u2019Isra\u00ebl souhaiteraient voir des ministres de leur communaut\u00e9 entrer au gouvernement en Isra\u00ebl.\u00a0\u00bb<br \/>\n\u00ab\u00a0Si la gauche sioniste souhaite voir un jour arriver au gouvernement des progressistes ou des la\u00efcs, le seul moyen d\u2019y parvenir, c\u2019est non pas de se tourner vers le centre ou la droite parce qu\u2019ils vont s\u2019y perdre mais regarder du c\u00f4t\u00e9 de ce qu\u2019il se passe du c\u00f4t\u00e9 des Palestiniens et des non-sionistes.\u00a0\u00bb<div id='gallery-1' class='gallery galleryid-12862 gallery-columns-3 gallery-size-thumbnail'><figure class='gallery-item'>\n\t\t\t<div class='gallery-icon landscape'>\n\t\t\t\t<a href='https:\/\/archives.regards.fr\/wp-content\/uploads\/2021\/03\/sans-titre-1-10-227.png'><img loading=\"lazy\" decoding=\"async\" width=\"150\" height=\"150\" src=\"https:\/\/archives.regards.fr\/wp-content\/uploads\/2021\/03\/sans-titre-1-10-227-150x150.png\" class=\"attachment-thumbnail size-thumbnail\" alt=\"sans-titre-1-10.png\" \/><\/a>\n\t\t\t<\/div><\/figure>\n\t\t<\/div>\n<\/p>\n","protected":false},"excerpt":{"rendered":"<p>Apr\u00e8s les \u00e9lections l\u00e9gislatives du 23 mars dernier, o\u00f9 en sont les gauches isra\u00e9liennes ? Thomas Vescovi, auteur de <em>L&#8217;\u00e9chec d&#8217;une utopie, une histoire des gauches en Isra\u00ebl<\/em> aux \u00e9ditions La D\u00e9couverte, est l&#8217;invit\u00e9 de #LaMidinale.<\/p>\n","protected":false},"author":1204,"featured_media":30426,"comment_status":"open","ping_status":"open","sticky":false,"template":"","format":"standard","meta":{"_themeisle_gutenberg_block_has_review":false,"footnotes":""},"categories":[238],"tags":[293],"class_list":["post-12862","post","type-post","status-publish","format-standard","has-post-thumbnail","hentry","category-la-midinale","tag-entretien"],"_links":{"self":[{"href":"https:\/\/archives.regards.fr\/index.php?rest_route=\/wp\/v2\/posts\/12862","targetHints":{"allow":["GET"]}}],"collection":[{"href":"https:\/\/archives.regards.fr\/index.php?rest_route=\/wp\/v2\/posts"}],"about":[{"href":"https:\/\/archives.regards.fr\/index.php?rest_route=\/wp\/v2\/types\/post"}],"author":[{"embeddable":true,"href":"https:\/\/archives.regards.fr\/index.php?rest_route=\/wp\/v2\/users\/1204"}],"replies":[{"embeddable":true,"href":"https:\/\/archives.regards.fr\/index.php?rest_route=%2Fwp%2Fv2%2Fcomments&post=12862"}],"version-history":[{"count":0,"href":"https:\/\/archives.regards.fr\/index.php?rest_route=\/wp\/v2\/posts\/12862\/revisions"}],"wp:featuredmedia":[{"embeddable":true,"href":"https:\/\/archives.regards.fr\/index.php?rest_route=\/wp\/v2\/media\/30426"}],"wp:attachment":[{"href":"https:\/\/archives.regards.fr\/index.php?rest_route=%2Fwp%2Fv2%2Fmedia&parent=12862"}],"wp:term":[{"taxonomy":"category","embeddable":true,"href":"https:\/\/archives.regards.fr\/index.php?rest_route=%2Fwp%2Fv2%2Fcategories&post=12862"},{"taxonomy":"post_tag","embeddable":true,"href":"https:\/\/archives.regards.fr\/index.php?rest_route=%2Fwp%2Fv2%2Ftags&post=12862"}],"curies":[{"name":"wp","href":"https:\/\/api.w.org\/{rel}","templated":true}]}}