{"id":12854,"date":"2021-03-29T11:45:00","date_gmt":"2021-03-29T09:45:00","guid":{"rendered":"https:\/\/wp.muchomaas.com\/article-isabelle-lorand-la-gauche-et-les-ecologistes-ne-pourront-se-rassembler-qu\/"},"modified":"2023-06-24T00:13:22","modified_gmt":"2023-06-23T22:13:22","slug":"article-isabelle-lorand-la-gauche-et-les-ecologistes-ne-pourront-se-rassembler-qu","status":"publish","type":"post","link":"https:\/\/archives.regards.fr\/?p=12854","title":{"rendered":"Isabelle Lorand : \u00ab La gauche et les \u00e9cologistes ne pourront se rassembler qu\u2019autour d\u2019un candidat trans-partisan \u00bb"},"content":{"rendered":"<p class=\"post_excerpt\">Plus de 200 militants communistes publient un texte de contribution politique au d\u00e9bat qui divise au PCF alors que le premier d&#8217;entre eux, Fabien Roussel, envisage de plus en plus sa candidature pour l\u2019\u00e9lection pr\u00e9sidentielle de 2022. Isabelle Lorand, \u00e9lue communiste de Vitry-sur-Seine, est l\u2019invit\u00e9e de #LaMidinale.<\/p>\n<h2>UNE MIDINALE \u00c0 VOIR&#8230;<\/h2>\n<p><iframe loading=\"lazy\" width=\"490\" height=\"276\" src=\"https:\/\/www.youtube.com\/embed\/75PQUHku3Qw\" title=\"YouTube video player\" frameborder=\"0\" allow=\"accelerometer; autoplay; clipboard-write; encrypted-media; gyroscope; picture-in-picture\" allowfullscreen><\/iframe><\/p>\n<p>&nbsp;<\/p>\n<p><em>\u00a0<strong>Sur l\u2019\u00e9volution de la crise sanitaire\u00a0<\/em>\u00a0<\/strong><br \/>\n\u00ab\u00a0La gestion de la crise sanitaire est une succession de fiascos.\u00a0\u00bb<br \/>\n\u00ab\u00a0Quand toutes les autorit\u00e9s sanitaires alertent, il faut l\u2019\u00e9couter.\u00a0\u00bb<br \/>\n\u00ab\u00a0Il y a une banalisation de la mort. On va commencer \u00e0 trier les malades. Il y a 30 ans, la France avait le meilleur syst\u00e8me de sant\u00e9 au monde.\u00a0\u00bb<br \/>\n\u00ab\u00a0Il faut confiner mais il faut confiner intelligemment en mettant tout en \u0153uvre pour que les Fran\u00e7ais puissent aller travailler et les enfants aller \u00e0 l\u2019\u00e9cole. \u00bb<\/p>\n<p><em>\u00a0<strong>Sur le texte de contribution communiste au d\u00e9bat du PCF sur 2022<\/em>\u00a0<\/strong><br \/>\n\u00ab\u00a0Sur les 200 signataires, il y a 200 personnes aux sensibilit\u00e9s communistes diff\u00e9rentes.\u00a0\u00bb<br \/>\n\u00ab\u00a0Ce qui nous f\u00e9d\u00e8re, \u00e7a n\u2019est pas de ne pas vouloir la candidature de Fabien Roussel.\u00a0Ce qui nous f\u00e9d\u00e8re c\u2019est qu\u2019on consid\u00e8re que la situation politique est pr\u00e9occupante avec un duel droite\/extr\u00eame droite qui est en train de se constituer.\u00a0\u00bb<br \/>\n\u00ab\u00a0Le d\u00e9bat politique\u00a0se m\u00e8ne \u00e0 droite et \u00e0 l\u2019extr\u00eame droite et dans ce contexte l\u2019hypoth\u00e8se de l\u2019\u00e9lection de Marine Le Pen n\u2019est plus exclue.\u00a0\u00bb<br \/>\n\u00ab\u00a0Il y a une certaine obsc\u00e9nit\u00e9 de la classe politique \u00e0 raisonner en termes partisans alors que la souffrance est tr\u00e8s importante dans le peuple fran\u00e7ais et notamment la souffrance de ne pas avoir d\u2019espoir.\u00a0\u00bb<\/p>\n<p><em>\u00a0<strong>Sur l\u2019hypoth\u00e8se d\u2019une candidature communiste<\/em>\u00a0<\/strong><br \/>\n\u00ab\u00a0Si on s\u2019interroge sur le syst\u00e8me d\u00e9mocratique et la pr\u00e9sence des partis politiques dans la d\u00e9mocratie, il est l\u00e9gitime que les partis pr\u00e9sentent des candidats aux \u00e9lections.\u00a0\u00bb<br \/>\n\u00ab\u00a0La gauche est totalement balkanis\u00e9e.\u00a0\u00bb<br \/>\n\u00ab\u00a0Tout le monde sait les tensions de la t\u00eate au pied qu\u2019il y a eu entre les communistes et les insoumis.\u00a0\u00bb<br \/>\n\u00ab\u00a0Je suis convaincue que quel que soit le candidat, s\u2019il est identifi\u00e9 \u00e0 une organisation et un courant de pens\u00e9e, \u00e7a veut dire que les autres sont oblig\u00e9s de se rallier \u00e0 ce courant de pens\u00e9e &#8211; comme \u00e7a a \u00e9t\u00e9 le cas lorsque le PS \u00e9tait h\u00e9g\u00e9monique \u00e0 gauche.\u00a0\u00bb<br \/>\n\u00ab\u00a0Aujourd\u2019hui, parce que la division est s\u00e9rieuse et profonde, si on n\u2019est pas capable de proposer un candidat supra-parti ou trans-partisan, on n\u2019y arrivera pas [\u00e0 rassembler les gauches et les \u00e9cologistes].\u00a0\u00bb<\/p>\n<p><em>\u00a0<strong>Sur la d\u00e9signation du candidat pour 2022<\/em>\u00a0<\/strong><br \/>\n\u00ab\u00a0Il faut reprendre les choses \u00e0 la racine et d\u2019abord penser un projet de gauche et \u00e9cologiste.\u00a0\u00bb<br \/>\n\u00ab\u00a0Il faut tirer parti de l\u2019exp\u00e9rience des collectifs antilib\u00e9raux de 2007. \u00c7a n\u2019est pas parce que l\u2019exp\u00e9rience a \u00e9chou\u00e9 une fois qu\u2019elle \u00e9choue \u00e0 vie.\u00a0La situation politique d\u2019aujourd\u2019hui est diff\u00e9rente de celle de 2007. \u00bb<br \/>\n\u00ab\u00a0\u00c7a n\u2019est pas tant l\u2019exp\u00e9rience des collectifs antilib\u00e9raux qui m\u2019inspire mais l\u2019exp\u00e9rience gagnante des \u00e9lections municipales : quand on est capable de mettre ensemble des gens de la soci\u00e9t\u00e9 civile et des partis politiques sur la construction d\u2019un projet commun.\u00a0\u00bb<br \/>\n\u00ab\u00a0Je fais mienne l\u2019id\u00e9e de cr\u00e9er des collectifs de circonscriptions avec un d\u00e9bat sur le projet de politique nationale sur les 577 circonscriptions &#8211; pour un projet de l\u00e9gislature.\u00a0\u00bb\u00a0<\/p>\n<p><em>\u00a0<strong>Sur la proposition de Yannick Jadot de r\u00e9unir toute la gauche<\/em>\u00a0<\/strong><br \/>\n\u00ab\u00a0Je n\u2019ai aucun probl\u00e8me \u00e0 dire qu\u2019il faut que toutes les organisations politiques se mettent autour de la table avec l\u2019ambition d\u2019arriver \u00e0 une candidature commune. Pour autant, je ne crois pas \u00e0 l\u2019efficacit\u00e9 de cette m\u00e9thode.\u00a0\u00bb<br \/>\n\u00ab\u00a0Les d\u00e9saccords sont multiples et si l\u2019on veut surmonter cet obstacle il n\u2019y a pas d\u2019autres solution que de construire le projet avec les citoyens.\u00a0\u00bb<br \/>\n\u00ab\u00a0Le chemin le plus s\u00fbr pour gagner 2022, \u00e7a n\u2019est pas un tour de table entre les chefs de partis &#8211; m\u00eame si je n\u2019y suis pas oppos\u00e9 &#8211; mais en remettant le d\u00e9bat au c\u0153ur de ceux qui ont le plus besoin de la gauche au pouvoir.\u00a0\u00bb<\/p>\n<p><em>\u00a0<strong>Sur le PCF et les r\u00e9unions non-mixtes<\/em>\u00a0<\/strong><br \/>\n\u00ab\u00a0Quand j\u2019\u00e9tais au lyc\u00e9e, j\u2019allais au groupe femme du PCF et c\u2019\u00e9tait d\u00e9j\u00e0 consid\u00e9r\u00e9 comme un groupe de dissidence. Dans les ann\u00e9es 80, le PCF a fini par accepter que ces lieux de lib\u00e9ration de parole existent.\u00a0\u00bb<br \/>\n\u00ab\u00a0Quand on est discrimin\u00e9, on a besoin de se parler.\u00a0\u00bb<div id='gallery-1' class='gallery galleryid-12854 gallery-columns-3 gallery-size-thumbnail'><figure class='gallery-item'>\n\t\t\t<div class='gallery-icon landscape'>\n\t\t\t\t<a href='https:\/\/archives.regards.fr\/wp-content\/uploads\/2021\/03\/capture_d_e_cran_2021-03-29_a_10-fb5.45.09.png'><img loading=\"lazy\" decoding=\"async\" width=\"150\" height=\"150\" src=\"https:\/\/archives.regards.fr\/wp-content\/uploads\/2021\/03\/capture_d_e_cran_2021-03-29_a_10-fb5.45.09-150x150.png\" class=\"attachment-thumbnail size-thumbnail\" alt=\"capture_d_e_cran_2021-03-29_a_10.45.09.png\" \/><\/a>\n\t\t\t<\/div><\/figure>\n\t\t<\/div>\n<\/p>\n","protected":false},"excerpt":{"rendered":"<p>Plus de 200 militants communistes publient un texte de contribution politique au d\u00e9bat qui divise au PCF alors que le premier d&#8217;entre eux, Fabien Roussel, envisage de plus en plus sa candidature pour l\u2019\u00e9lection pr\u00e9sidentielle de 2022. Isabelle Lorand, \u00e9lue communiste de Vitry-sur-Seine, est l\u2019invit\u00e9e de #LaMidinale.<\/p>\n","protected":false},"author":1204,"featured_media":30416,"comment_status":"open","ping_status":"open","sticky":false,"template":"","format":"standard","meta":{"_themeisle_gutenberg_block_has_review":false,"footnotes":""},"categories":[238],"tags":[293],"class_list":["post-12854","post","type-post","status-publish","format-standard","has-post-thumbnail","hentry","category-la-midinale","tag-entretien"],"_links":{"self":[{"href":"https:\/\/archives.regards.fr\/index.php?rest_route=\/wp\/v2\/posts\/12854","targetHints":{"allow":["GET"]}}],"collection":[{"href":"https:\/\/archives.regards.fr\/index.php?rest_route=\/wp\/v2\/posts"}],"about":[{"href":"https:\/\/archives.regards.fr\/index.php?rest_route=\/wp\/v2\/types\/post"}],"author":[{"embeddable":true,"href":"https:\/\/archives.regards.fr\/index.php?rest_route=\/wp\/v2\/users\/1204"}],"replies":[{"embeddable":true,"href":"https:\/\/archives.regards.fr\/index.php?rest_route=%2Fwp%2Fv2%2Fcomments&post=12854"}],"version-history":[{"count":0,"href":"https:\/\/archives.regards.fr\/index.php?rest_route=\/wp\/v2\/posts\/12854\/revisions"}],"wp:featuredmedia":[{"embeddable":true,"href":"https:\/\/archives.regards.fr\/index.php?rest_route=\/wp\/v2\/media\/30416"}],"wp:attachment":[{"href":"https:\/\/archives.regards.fr\/index.php?rest_route=%2Fwp%2Fv2%2Fmedia&parent=12854"}],"wp:term":[{"taxonomy":"category","embeddable":true,"href":"https:\/\/archives.regards.fr\/index.php?rest_route=%2Fwp%2Fv2%2Fcategories&post=12854"},{"taxonomy":"post_tag","embeddable":true,"href":"https:\/\/archives.regards.fr\/index.php?rest_route=%2Fwp%2Fv2%2Ftags&post=12854"}],"curies":[{"name":"wp","href":"https:\/\/api.w.org\/{rel}","templated":true}]}}