{"id":12851,"date":"2021-03-26T13:43:50","date_gmt":"2021-03-26T12:43:50","guid":{"rendered":"https:\/\/wp.muchomaas.com\/article-philippe-marliere-l-universalisme-a-la-francaise-est-un-communautarisme\/"},"modified":"2023-06-24T00:13:21","modified_gmt":"2023-06-23T22:13:21","slug":"article-philippe-marliere-l-universalisme-a-la-francaise-est-un-communautarisme","status":"publish","type":"post","link":"https:\/\/archives.regards.fr\/?p=12851","title":{"rendered":"Philippe Marli\u00e8re : \u00ab L\u2019universalisme \u00e0 la fran\u00e7aise est un communautarisme majoritaire \u00bb"},"content":{"rendered":"<p class=\"post_excerpt\">Qu\u2019est-ce que le multiculturalisme ? Est-ce compatible avec l\u2019universalisme tant vant\u00e9 en France ou bien conduit-il n\u00e9cessairement au s\u00e9paratisme ? Philippe Marli\u00e8re, fin connaisseur de la soci\u00e9t\u00e9 britannique multiculturelle et professeur de science politique \u00e0 Londres, est l\u2019invit\u00e9 de #LaMidinale.<\/p>\n<h2>UNE MIDINALE \u00c0 VOIR&#8230;<\/h2>\n<p><iframe loading=\"lazy\" width=\"490\" height=\"276\" src=\"https:\/\/www.youtube.com\/embed\/-XHXEs9qj9Q\" title=\"YouTube video player\" frameborder=\"0\" allow=\"accelerometer; autoplay; clipboard-write; encrypted-media; gyroscope; picture-in-picture\" allowfullscreen><\/iframe><\/p>\n<p>&nbsp;<\/p>\n<p><h2>ET \u00c0 LIRE&#8230;<\/h2>\n<p><strong>Sur universalisme et multiculturalisme <\/strong><br \/>\n\u00ab Il y a de l\u2019universalisme dans le multiculturalisme. \u00bb<br \/>\n\u00ab Le multiculturalisme n\u2019est pas une id\u00e9ologie. C\u2019est un moyen au service d\u2019une fin, \u00e7a n\u2019est pas un syst\u00e8me de valeur. \u00bb<br \/>\n\u00ab Le but du multiculturalisme, c\u2019est l\u2019int\u00e9gration et la concorde entre les diff\u00e9rentes cultures. C\u2019est aussi l\u2019\u00e9galit\u00e9. C\u2019est la poursuite d\u2019une forme d\u2019unit\u00e9. De recherche de respect mutuel dans la diff\u00e9rence. \u00bb<br \/>\n\u00ab Le multiculturalisme ne m\u00e8ne ni \u00e0 la ghetto\u00efsation ni au s\u00e9paratisme. \u00bb<br \/>\n\u00ab Les Britanniques ne sont pas diff\u00e9rents de la France. La diff\u00e9rence est surtout d\u2019ordre id\u00e9ologique. La France, pour faire nation, se repose depuis la troisi\u00e8me R\u00e9publique, et surtout la r\u00e9volution fran\u00e7aise et il n\u2019y a pas \u00e7a en Grande Bretagne o\u00f9 il n\u2019y a pas de la\u00efcit\u00e9. \u00bb<br \/>\n\u00ab On peut parvenir dans une soci\u00e9t\u00e9 multiculturelle \u00e0 trouver des valeurs et des r\u00e9f\u00e9rents communs. \u00bb<\/p>\n<p><strong>Sur la soci\u00e9t\u00e9 britannique<\/strong><br \/>\n\u00ab Il y a tr\u00e8s peu de d\u00e9bats houleux sur le multiculturalisme. \u00bb<br \/>\n\u00ab Le multiculturalisme n\u2019est pas un r\u00e9cit de port\u00e9e id\u00e9ologique comme l\u2019est le r\u00e9publicanisme fran\u00e7ais. \u00bb<br \/>\n\u00ab Pour les britanniques, l\u2019universalisme fran\u00e7ais est trop abstrait et se demandent comme \u00e7a marche. \u00bb<br \/>\n\u00ab En Grande-Bretagne, il y a une assez grande mixit\u00e9 sociale, ethnique et culturelle dans les villes, comme \u00e0 Londres. Un quartier pauvre peut se retrouver au coin d\u2019une rue riche. \u00bb<br \/>\n\u00ab En Grande-Bretagne, on \u00e9chappe au s\u00e9paratisme au nom du multiculturalisme et de la mixit\u00e9 sociale. \u00bb<br \/>\n\u00ab Le but poursuivi par le multiculturalisme tend plut\u00f4t \u00e0 une compr\u00e9hension mutuelle qui est meilleure entre les diff\u00e9rentes cultures. \u00bb<br \/>\n\u00ab La parole publique raciste ou sexiste est beaucoup plus compliqu\u00e9e au Royaume-Uni. \u00bb<br \/>\n\u00ab Quand on regarde les m\u00e9dias britanniques, il n\u2019y a pas l\u2019\u00e9quivalent d\u2019un Eric Zemmour ou d\u2019un Pascal Praud. C\u2019est impensable. \u00bb <\/p>\n<p><strong>Sur le poids des traditions et de l\u2019histoire<\/strong><br \/>\n\u00ab Sadiq Khan [le maire de Londres, musulman d\u2019origine pakistanaise] n\u2019est pas per\u00e7u \u00e0 Londres ou ailleurs dans le Royaume-Uni comme un s\u00e9paratiste. \u00bb<br \/>\n\u00ab Le multiculturalisme est un \u00e9tat et on peut consid\u00e9rer que la France est, de fait, multiculturelle. \u00bb<br \/>\n\u00ab D\u00e8s que vous \u00eates un pays ouvert \u00e0 l\u2019immigration, vous \u00eates une soci\u00e9t\u00e9 multiculturelle. \u00bb<br \/>\n\u00ab Le Royaume-Uni a d\u00e9couvert l\u2019immigration de masse apr\u00e8s la Deuxi\u00e8me Guerre mondiale lorsqu\u2019elle a perdu son empire. \u00bb<br \/>\n\u00ab La France et le Royaume-Uni ont \u00e9t\u00e9 des empires coloniaux. \u00bb<br \/>\n\u00ab Le Brexit correspond \u00e0 un retour, \u00e0 une forme de nostalgie d\u2019un Royaume-Uni imp\u00e9rial. \u00bb<br \/>\n\u00ab Le Royaume-Uni est avant tout un pays qui a accueilli, apr\u00e8s la Seconde Guerre mondiale, les ressortissants du Commonwealth en appliquant une politique de nationalisation assez lib\u00e9rale, c\u2019est-\u00e0-dire assez ouverte. \u00bb<br \/>\n\u00ab La politique britannique a \u00e9t\u00e9 une politique d\u2019int\u00e9gration assimilationniste pas tr\u00e8s \u00e9loign\u00e9e de ce qu\u2019a fait la France mais qui a \u00e9t\u00e9 l\u2019objet d\u2019\u00e9meutes importantes. \u00bb<br \/>\n\u00ab \u00c0 partir des ann\u00e9es 60, le Royaume-Uni a assum\u00e9 \u00eatre un pays multiculturel en appliquant des politiques multiculturelles de tol\u00e9rance et d\u2019ouverture vers les autres cultures sans assimiler de force les immigr\u00e9s mais au contraire en les respectant. \u00c7a a \u00e9t\u00e9 un point de d\u00e9part important et les gouvernements conservateurs successifs n\u2019ont pas remis en cause cette politique. \u00bb<\/p>\n<p><strong>Sur l\u2019extr\u00eame droite britannique<\/strong><br \/>\n\u00ab Il y a une extr\u00eame droite au Royaume-Uni, comme dans tous les pays europ\u00e9ens, qui rel\u00e8ve la t\u00eate. \u00bb<br \/>\n\u00ab En g\u00e9n\u00e9ral, l\u2019histoire montre qu\u2019au Royaume-Uni, l\u2019extr\u00eame droite n\u2019a jamais vraiment pris pied. Et c\u2019est sans doute li\u00e9 \u00e0 son lib\u00e9ralisme politique. \u00bb<br \/>\n\u00ab Aujourd\u2019hui, l\u2019extr\u00eame droite ne repr\u00e9sente rien en termes \u00e9lectoraux. \u00c7a ne veut pas dire que le racisme n\u2019existe pas. \u00bb<br \/>\n\u00ab Il y a des actes racistes au Royaume-Uni mais ils ne passent pas par des partis. Et surtout, la parole raciste y est canalis\u00e9e dans l\u2019espace public. \u00bb<br \/>\n\u00ab Les id\u00e9es racistes ne sont pas respectables, elles sont des id\u00e9es criminelles. \u00bb<\/p>\n<p><strong>Sur la gauche fran\u00e7aise<\/strong><br \/>\n\u00ab Il est totalement impensable d\u2019\u00eatre de gauche et de critiquer en m\u00eame temps le multiculturalisme. \u00bb<br \/>\n\u00ab Au Royaume-Uni, le port des signes religieux ne pose aucun probl\u00e8me alors qu\u2019en France, y compris \u00e0 gauche &#8211; et aussi dans la gauche anticapitaliste -, \u00e7a suscite d\u00e9bat. On y voit une forme de s\u00e9paratisme alors que c\u2019est une question d\u2019\u00e9galit\u00e9. \u00bb<br \/>\n\u00ab Il y a une grande confusion dans les esprits \u00e0 gauche. \u00bb<br \/>\n\u00ab Il n\u2019y a pas de guerre culturelle au Royaume-Uni. En France, nous sommes engag\u00e9s dans des guerres culturelles quasi quotidiennes et c\u2019est assez inqui\u00e9tant. C\u2019est de la mauvaise politique. Il s\u2019agit de sujets clivants qui tournent autour de valeurs et non de questions socio-\u00e9conomiques. \u00bb<br \/>\n\u00ab Les gens perdent la t\u00eate et ne r\u00e9fl\u00e9chissent plus. \u00bb<br \/>\n\u00ab Il y a une esp\u00e8ce de mentalit\u00e9 de bunker qui s\u2019exprime chez certains politiques et dans les m\u00e9dias. \u00bb<br \/>\n\u00ab L\u2019id\u00e9ologie r\u00e9publicaine et universaliste en France fonctionne comme un rouleau compresseur. \u00bb<br \/>\n\u00ab Il y a en France, au sein du r\u00e9cit r\u00e9publicain, un surinvestissement sur la question de l\u2019unit\u00e9 : l\u2019indivisibilit\u00e9 de la R\u00e9publique. En quoi l\u2019indivisibilit\u00e9 qui laisse de c\u00f4t\u00e9 les minorit\u00e9s, les maltraite, permet le racisme, l\u2019islamophobie et l\u2019antis\u00e9mitisme s\u2019exprimer en roue libre, il y a une d\u00e9marche unitaire l\u00e0-dedans ? C\u2019est tout l\u2019inverse. C\u2019est une d\u00e9marche qui d\u00e9sunie. \u00bb<br \/>\n\u00ab J\u2019ai l\u2019impression, vu de Londres, qu\u2019on parle constamment de race, de questions racistes et raciales alors que le d\u00e9bat au Royaume-Uni est plus apais\u00e9 dans ce domaine. \u00bb<br \/>\n\u00ab L\u2019universalisme \u00e0 la fran\u00e7aise est un communautarisme majoritaire. \u00bb<div id='gallery-1' class='gallery galleryid-12851 gallery-columns-3 gallery-size-thumbnail'><figure class='gallery-item'>\n\t\t\t<div class='gallery-icon landscape'>\n\t\t\t\t<a href='https:\/\/archives.regards.fr\/wp-content\/uploads\/2021\/03\/capture-d_e_cran-2021-03-26-a_-13-aa0.43.18.png'><img loading=\"lazy\" decoding=\"async\" width=\"150\" height=\"150\" src=\"https:\/\/archives.regards.fr\/wp-content\/uploads\/2021\/03\/capture-d_e_cran-2021-03-26-a_-13-aa0.43.18-150x150.png\" class=\"attachment-thumbnail size-thumbnail\" alt=\"capture-d_e_cran-2021-03-26-a_-13.43.18.png\" \/><\/a>\n\t\t\t<\/div><\/figure>\n\t\t<\/div>\n<\/p>\n","protected":false},"excerpt":{"rendered":"<p>Qu\u2019est-ce que le multiculturalisme ? Est-ce compatible avec l\u2019universalisme tant vant\u00e9 en France ou bien conduit-il n\u00e9cessairement au s\u00e9paratisme ? Philippe Marli\u00e8re, fin connaisseur de la soci\u00e9t\u00e9 britannique multiculturelle et professeur de science politique \u00e0 Londres, est l\u2019invit\u00e9 de #LaMidinale.<\/p>\n","protected":false},"author":1204,"featured_media":30414,"comment_status":"open","ping_status":"open","sticky":false,"template":"","format":"standard","meta":{"_themeisle_gutenberg_block_has_review":false,"footnotes":""},"categories":[238],"tags":[293],"class_list":["post-12851","post","type-post","status-publish","format-standard","has-post-thumbnail","hentry","category-la-midinale","tag-entretien"],"_links":{"self":[{"href":"https:\/\/archives.regards.fr\/index.php?rest_route=\/wp\/v2\/posts\/12851","targetHints":{"allow":["GET"]}}],"collection":[{"href":"https:\/\/archives.regards.fr\/index.php?rest_route=\/wp\/v2\/posts"}],"about":[{"href":"https:\/\/archives.regards.fr\/index.php?rest_route=\/wp\/v2\/types\/post"}],"author":[{"embeddable":true,"href":"https:\/\/archives.regards.fr\/index.php?rest_route=\/wp\/v2\/users\/1204"}],"replies":[{"embeddable":true,"href":"https:\/\/archives.regards.fr\/index.php?rest_route=%2Fwp%2Fv2%2Fcomments&post=12851"}],"version-history":[{"count":0,"href":"https:\/\/archives.regards.fr\/index.php?rest_route=\/wp\/v2\/posts\/12851\/revisions"}],"wp:featuredmedia":[{"embeddable":true,"href":"https:\/\/archives.regards.fr\/index.php?rest_route=\/wp\/v2\/media\/30414"}],"wp:attachment":[{"href":"https:\/\/archives.regards.fr\/index.php?rest_route=%2Fwp%2Fv2%2Fmedia&parent=12851"}],"wp:term":[{"taxonomy":"category","embeddable":true,"href":"https:\/\/archives.regards.fr\/index.php?rest_route=%2Fwp%2Fv2%2Fcategories&post=12851"},{"taxonomy":"post_tag","embeddable":true,"href":"https:\/\/archives.regards.fr\/index.php?rest_route=%2Fwp%2Fv2%2Ftags&post=12851"}],"curies":[{"name":"wp","href":"https:\/\/api.w.org\/{rel}","templated":true}]}}