{"id":12848,"date":"2021-03-24T12:14:50","date_gmt":"2021-03-24T11:14:50","guid":{"rendered":"https:\/\/wp.muchomaas.com\/article-philippe-bouyssou-il-faut-enseigner-la-culture-de-la-paix-et-de-la-tolerance\/"},"modified":"2023-06-24T00:13:19","modified_gmt":"2023-06-23T22:13:19","slug":"article-philippe-bouyssou-il-faut-enseigner-la-culture-de-la-paix-et-de-la-tolerance","status":"publish","type":"post","link":"https:\/\/archives.regards.fr\/?p=12848","title":{"rendered":"Philippe Bouyssou : \u00ab Il faut enseigner la culture de la paix et de la tol\u00e9rance \u00bb"},"content":{"rendered":"<p class=\"post_excerpt\">Le maire communiste d\u2019Ivry-sur-Seine, Philippe Bouyssou, est la cible de son opposition de droite et des socialistes apr\u00e8s avoir laiss\u00e9 une marche d\u00e9coloniale s\u2019organiser dans les rues de la commune. Il s\u2019en explique dans une longue tribune publi\u00e9e sur Regards.fr et il est l\u2019invit\u00e9 de #LaMidinale.<\/p>\n<h2>UNE MIDINALE \u00c0 VOIR&#8230;<\/h2>\n<p><iframe loading=\"lazy\" width=\"490\" height=\"276\" src=\"https:\/\/www.youtube.com\/embed\/HzxJ0lZUG_0\" title=\"YouTube video player\" frameborder=\"0\" allow=\"accelerometer; autoplay; clipboard-write; encrypted-media; gyroscope; picture-in-picture\" allowfullscreen><\/iframe><\/p>\n<p>&nbsp;<\/p>\n<p><h2>ET \u00c0 LIRE&#8230;<\/h2>\n<p><em>\u00a0<strong>Sur la marche d\u00e9coloniale \u00e0 Ivry-sur-Seine<\/em>\u00a0<\/strong><br \/>\n\u00ab\u00a0Cette marche d\u00e9coloniale est une initiative libre, d\u00e9mocratique et citoyenne donc je ne me sens pas en tant que maire d\u2019une commune la volont\u00e9 de contr\u00f4ler ou d\u2019interdire quoi que ce soit sur le territoire de ma commune.\u00a0\u00bb<br \/>\n\u00ab\u00a0Les habitants d\u2019Ivry-sur-Seine sont issus de l\u2019immigration majoritairement d\u2019Afrique du Nord et d\u2019Afrique subsaharienne &#8211; avec beaucoup de maliens &#8211; et \u00e7a a acc\u00e9l\u00e9r\u00e9 la tension autour de ces questions.\u00a0\u00bb<br \/>\n\u00ab\u00a0Aux derni\u00e8res municipales, on a ouvert nos listes \u00e0 un tiers de citoyens en demandant aux gens de nous dire qui ils aimeraient voir si\u00e9ger au conseil municipal : les jeunes, de mani\u00e8re vraiment massive et impressionnante, se sont saisis de cette opportunit\u00e9 et ils ont propos\u00e9 \u00e0 des copains, des responsables d\u2019associations ou des jeunes de leurs cit\u00e9s.\u00a0\u00bb<br \/>\n\u00ab\u00a0On a le conseil municipal qui compte en proportion le plus de binationaux et c\u2019est r\u00e9v\u00e9lateur de notre soci\u00e9t\u00e9 qui est multiculturelle.\u00a0\u00bb<br \/>\n\u00ab\u00a0On est une ville populaire, m\u00e9tiss\u00e9e et solidaire.\u00a0\u00bb<\/p>\n<p><em>\u00a0<strong>Sur la question raciale et la question sociale\u00a0<\/em>\u00a0<\/strong><br \/>\n\u00ab\u00a0Il faut arr\u00eater de se diviser entre les blancs et les moins blancs, les blancs et les pas blancs, je m\u2019en fiche compl\u00e8tement : on est tous ensemble dans la m\u00eame soci\u00e9t\u00e9. Et comme je suis communiste, j\u2019ai tendance \u00e0 penser que la lutte des classes a encore du sens.\u00a0\u00bb<br \/>\n\u00ab\u00a0La loi s\u00e9paratisme est une absurdit\u00e9 totale.\u00a0\u00bb<br \/>\n\u00ab\u00a0Si danger il y a, c\u2019est qu\u2019on est en face de deux projets de soci\u00e9t\u00e9 : il y a un projet de soci\u00e9t\u00e9 que j\u2019essaie de porter, celui d\u2019une soci\u00e9t\u00e9 du tout ensemble dans une soci\u00e9t\u00e9 m\u00e9tiss\u00e9e, qui s\u2019enrichit des diff\u00e9rences des uns et des autres. Et puis il y a une vision de la soci\u00e9t\u00e9 r\u00e9actionnaire et restrictive.\u00a0\u00bb<br \/>\n\u00ab\u00a0Il y a un probl\u00e8me sur la vision qu\u2019on peut avoir les uns et les autres de la la\u00efcit\u00e9 avec une instrumentalisation de la la\u00efcit\u00e9.\u00a0\u00bb<\/p>\n<p><em>\u00a0<strong>Sur les cons\u00e9quences du d\u00e9bat public et les tensions que \u00e7a peut g\u00e9n\u00e9rer\u00a0<\/em>\u00a0<\/strong><br \/>\n\u00ab\u00a0Il n\u2019y a pas de tensions interculturelles dans la ville d\u2019Ivry.\u00a0Je prends un exemple : on a la chance d\u2019avoir une synagogue dans le centre-ville d\u2019Ivry (\u2026). Je note aucune agression antis\u00e9mite ces derni\u00e8res ann\u00e9es.\u00a0\u00bb<br \/>\n\u00ab\u00a0Tous les ans \u00e0 Ivry-sur-Seine, pendant une semaine, on fait la semaine de la m\u00e9moire du g\u00e9nocide des juifs et des tsiganes, de la lutte contre toutes les discriminations et de la pr\u00e9vention des crimes contre l\u2019humanit\u00e9.\u00a0On le fait en partenariat avec les enseignants et l\u2019Education nationale (\u2026). \u00c7a fait 17 ans qu\u2019on organise cet \u00e9v\u00e9nement et j\u2019ai l\u2019impression que cet enseignement de la culture de la paix et de la tol\u00e9rance, d\u2019un rapport riche \u00e0 l\u2019autre, laisse des traces positives. \u00bb<br \/>\n\u00ab\u00a0Je note aucun conflit dans l\u2019espace public. Il y a des conflits de bandes par moments entre cit\u00e9s et quartiers mais \u00e7a n\u2019a rien d\u2019inter-ethnique.\u00a0\u00bb<\/p>\n<p><em>\u00a0<strong>Sur les r\u00e9unions non-mixtes<\/em>\u00a0<\/strong><br \/>\n\u00ab\u00a0Je ne suis pas du tout d\u2019accord [avec le fait que le PCF parle d\u2019enfermement identitaire de l\u2019UNEF].\u00a0\u00bb<br \/>\n\u00ab\u00a0Je n\u2019ai pas d\u2019opinion sur le fait que ceux qui se sentent victimes de discrimination et qui ont des choses en commun ressentent le besoin de se voir entre eux pour en causer.\u00a0\u00bb<br \/>\n\u00ab\u00a0Je suis homosexuel et il a pu m\u2019arriver, dans d\u2019aller dans des assos gays : selon la mani\u00e8re dont on vit les discriminations, on peut \u00e0 mon moment avoir envie de se retrouver entre personnes qui vivent les m\u00eames discriminations pour en causer.\u00a0\u00bb<br \/>\n\u00ab\u00a0Je suis pour l\u2019intersectionnalit\u00e9 des luttes, pour que toutes les luttes contre les discriminations et qui visent \u00e0 la lib\u00e9ration se rejoignent.\u00a0\u00bb<br \/>\n\u00ab\u00a0J\u2019aimerais bien entendre tous les gens qui accusent l\u2019UNEF d\u2019avoir organis\u00e9 des r\u00e9unions entre racis\u00e9s ou entre filles, se prononcer sur les loges ma\u00e7onniques non-mixtes\u2026\u00a0\u00bb<\/p>\n<p><em>\u00a0<strong>Sur le PCF et les luttes antiracistes<\/em>\u00a0<\/strong><br \/>\n\u00ab\u00a0Un parti qui a 100 ans a forc\u00e9ment une histoire longue.\u00a0\u00bb<br \/>\n\u00ab\u00a0On n\u2019a pas chang\u00e9 d\u2019appellation \u00e0 chaque fois que les mentalit\u00e9s ont \u00e9volu\u00e9 : on est rest\u00e9 le PCF.\u00a0\u00bb<br \/>\n\u00ab\u00a0Dans l\u2019histoire du PCF, il y a des zones d\u2019ombre et il faut les assumer. A la fin des ann\u00e9es 70, d\u00e9but 1980, on a fait de grosses conneries et on a pris un retard consid\u00e9rable et on n\u2019a pas vu ce qui \u00e9tait en train de bouger dans la soci\u00e9t\u00e9 et \u00e7a nous a mis hors-jeu de plein de choses.\u00a0Le dire, c\u2019est l\u2019assumer et l\u2019analyser.\u00a0\u00bb<br \/>\n\u00ab\u00a0A Ivry, il y a eu des quotas sur les colonies de vacances parce qu\u2019il fallait qu\u2019il n\u2019y ait pas trop d\u2019enfants d\u2019immigr\u00e9s et parce que l\u2019on consid\u00e9rait que c\u2019\u00e9tait aux villes communistes d\u2019accueillir toutes les populations migrantes.\u00a0\u00bb<br \/>\n\u00ab\u00a0Le Parti communiste a beaucoup progress\u00e9 sur ces questions [antiracistes].\u00a0\u00bb<br \/>\n\u00ab\u00a0J\u2019ai \u00e9t\u00e9 tr\u00e8s d\u00e9\u00e7u que la moiti\u00e9 du groupe communiste [\u00e0 l\u2019Assembl\u00e9e nationale] se contente de s\u2019abstenir sur le projet de loi s\u00e9paratisme. Et je remercie les d\u00e9put\u00e9s communistes qui ont vot\u00e9 contre : j\u2019ai \u00e9t\u00e9 soulag\u00e9 de voir qu\u2019il y avait des camarades communistes dans le groupe parlementaire. Je ne m\u2019explique pas comment les autres ont pu s\u2019abstenir\u2026 Celle d\u2019Andr\u00e9 Chassaigne par exemple ne m\u2019a pas convaincu du tout ! Je suis en complet d\u00e9saccord\u2026 Comme quoi, m\u00eame chez les communistes, il y a de la diversit\u00e9, c\u2019est normal.\u00a0\u00bb<\/p>\n<p><em>\u00a0<strong>Sur la situation li\u00e9e au Covid<\/em>\u00a0<\/strong><br \/>\n\u00ab\u00a0On est dans une phase d\u2019anxi\u00e9t\u00e9, de ras-le-bol et de d\u00e9prime.\u00a0\u00bb<br \/>\n\u00ab\u00a0Ce qui est le plus insupportable, c\u2019est l\u2019attente avec une \u00e9p\u00e9e de Damocl\u00e8s au-dessus de la t\u00eate, de chaque prise de parole du Premier ministre.\u00a0\u00bb<br \/>\n\u00ab\u00a0Ils vont faire de grands vaccinodromes mais \u00e7a ne va pas faire la maille : \u00e7a ne va remplir qu\u2019une toute petite partie des besoins de couverture de l\u2019immunit\u00e9 collective.\u00a0\u00bb<br \/>\n\u00ab\u00a0Il faut r\u00e9quisitionner des entreprises et fabriquer des lignes de vaccins.\u00a0\u00bb<br \/>\n\u00ab\u00a0Il faut d\u00e9clencher un plan d\u2019urgence pour les h\u00f4pitaux parce que, malheureusement, des pand\u00e9mies, il y en aura d\u2019autres.\u00a0\u00bb<br \/>\n\u00ab\u00a0Je veux que l\u2019on r\u00e9ouvre les cin\u00e9mas, les th\u00e9\u00e2tres et les mus\u00e9es parce que c\u2019est vital pour les gens.\u00a0\u00bb<div id='gallery-1' class='gallery galleryid-12848 gallery-columns-3 gallery-size-thumbnail'><figure class='gallery-item'>\n\t\t\t<div class='gallery-icon landscape'>\n\t\t\t\t<a href='https:\/\/archives.regards.fr\/wp-content\/uploads\/2021\/03\/capture_d_e_cran_2021-03-23_a_18-227.00.06.png'><img loading=\"lazy\" decoding=\"async\" width=\"150\" height=\"150\" src=\"https:\/\/archives.regards.fr\/wp-content\/uploads\/2021\/03\/capture_d_e_cran_2021-03-23_a_18-227.00.06-150x150.png\" class=\"attachment-thumbnail size-thumbnail\" alt=\"capture_d_e_cran_2021-03-23_a_18.00.06.png\" \/><\/a>\n\t\t\t<\/div><\/figure>\n\t\t<\/div>\n<\/p>\n","protected":false},"excerpt":{"rendered":"<p>Le maire communiste d\u2019Ivry-sur-Seine, Philippe Bouyssou, est la cible de son opposition de droite et des socialistes apr\u00e8s avoir laiss\u00e9 une marche d\u00e9coloniale s\u2019organiser dans les rues de la commune. Il s\u2019en explique dans une longue tribune publi\u00e9e sur Regards.fr et il est l\u2019invit\u00e9 de #LaMidinale.<\/p>\n","protected":false},"author":1204,"featured_media":30412,"comment_status":"open","ping_status":"open","sticky":false,"template":"","format":"standard","meta":{"_themeisle_gutenberg_block_has_review":false,"footnotes":""},"categories":[238],"tags":[293],"class_list":["post-12848","post","type-post","status-publish","format-standard","has-post-thumbnail","hentry","category-la-midinale","tag-entretien"],"_links":{"self":[{"href":"https:\/\/archives.regards.fr\/index.php?rest_route=\/wp\/v2\/posts\/12848","targetHints":{"allow":["GET"]}}],"collection":[{"href":"https:\/\/archives.regards.fr\/index.php?rest_route=\/wp\/v2\/posts"}],"about":[{"href":"https:\/\/archives.regards.fr\/index.php?rest_route=\/wp\/v2\/types\/post"}],"author":[{"embeddable":true,"href":"https:\/\/archives.regards.fr\/index.php?rest_route=\/wp\/v2\/users\/1204"}],"replies":[{"embeddable":true,"href":"https:\/\/archives.regards.fr\/index.php?rest_route=%2Fwp%2Fv2%2Fcomments&post=12848"}],"version-history":[{"count":0,"href":"https:\/\/archives.regards.fr\/index.php?rest_route=\/wp\/v2\/posts\/12848\/revisions"}],"wp:featuredmedia":[{"embeddable":true,"href":"https:\/\/archives.regards.fr\/index.php?rest_route=\/wp\/v2\/media\/30412"}],"wp:attachment":[{"href":"https:\/\/archives.regards.fr\/index.php?rest_route=%2Fwp%2Fv2%2Fmedia&parent=12848"}],"wp:term":[{"taxonomy":"category","embeddable":true,"href":"https:\/\/archives.regards.fr\/index.php?rest_route=%2Fwp%2Fv2%2Fcategories&post=12848"},{"taxonomy":"post_tag","embeddable":true,"href":"https:\/\/archives.regards.fr\/index.php?rest_route=%2Fwp%2Fv2%2Ftags&post=12848"}],"curies":[{"name":"wp","href":"https:\/\/api.w.org\/{rel}","templated":true}]}}