{"id":12846,"date":"2021-03-23T11:40:36","date_gmt":"2021-03-23T10:40:36","guid":{"rendered":"https:\/\/wp.muchomaas.com\/article-audrey-pulvar-il-faudra-tout-mettre-en-oeuvre-pour-rassembler-la-gauche\/"},"modified":"2023-06-24T00:13:15","modified_gmt":"2023-06-23T22:13:15","slug":"article-audrey-pulvar-il-faudra-tout-mettre-en-oeuvre-pour-rassembler-la-gauche","status":"publish","type":"post","link":"https:\/\/archives.regards.fr\/?p=12846","title":{"rendered":"Audrey Pulvar : \u00ab Il faudra tout mettre en \u0153uvre pour rassembler la gauche \u00e9cologiste au second tour \u00bb"},"content":{"rendered":"<p class=\"post_excerpt\">Alors que les \u00e9lections r\u00e9gionales doivent se tenir en juin prochain, la r\u00e9gion \u00cele-de-France va \u00eatre observ\u00e9e de pr\u00e8s. \u00c0 gauche, trois listes se font face avec Cl\u00e9mentine Autain, Julien Bayou et Audrey Pulvar. La candidate d\u2019\u00cele-de-France en commun, Audrey Pulvar, est l\u2019invit\u00e9e de #LaMidinale\u200b.<\/p>\n<h2>UNE MIDINALE \u00c0 VOIR&#8230;<\/h2>\n<p><iframe loading=\"lazy\" width=\"490\" height=\"276\" src=\"https:\/\/www.youtube.com\/embed\/1SCHh-KGhJQ\" title=\"YouTube video player\" frameborder=\"0\" allow=\"accelerometer; autoplay; clipboard-write; encrypted-media; gyroscope; picture-in-picture\" allowfullscreen><\/iframe><\/p>\n<p>&nbsp;<\/p>\n<p><h2>ET \u00c0 LIRE&#8230;<\/h2>\n<p><em>\u00a0<strong>Sur le d\u00e9bat public\u00a0<\/em>\u00a0<\/strong><br \/>\n\u00ab\u00a0Il y a toujours eu des pol\u00e9miques. Le d\u00e9bat public a toujours \u00e9t\u00e9 cliv\u00e9.\u00a0La difficult\u00e9 aujourd\u2019hui, c\u2019est la d\u00e9multiplication de la puissance du clivage et le fait que tout se vaut, que tout soit au m\u00eame niveau. Le fait que toutes les indignations et les pol\u00e9miques soient au m\u00eame niveau. \u00bb<br \/>\n\u00ab\u00a0On peut r\u00e9affirmer ses principes de fa\u00e7on calme, sans invectives ni insultes.\u00a0Sans appel \u00e0 la vindicte. \u00bb<br \/>\n\u00ab\u00a0On peut discuter, argumenter et r\u00e9fl\u00e9chir ensemble sans se hurler \u00e0 la figure et sans aboyer de part et d\u2019autre d\u2019un plateau de t\u00e9l\u00e9 par exemple. C\u2019est la difficult\u00e9 de notre \u00e9poque.\u00a0\u00bb\u00a0<br \/>\n\u00ab\u00a0La v\u00e9rit\u00e9 int\u00e9resse de moins en moins.\u00a0 Ce qui int\u00e9resse c\u2019est le bruit et l\u2019origine du bruit int\u00e9resse de moins en moins.\u00a0\u00bb<br \/>\n\u00ab\u00a0Le travail des journalistes c\u2019est de mettre de la distance entre la r\u00e9alit\u00e9 du fait et le bruit qu\u2019il provoque.\u00a0\u00bb<\/p>\n<p><em>\u00a0<strong>Sur les r\u00e9unions non-mixtes\u00a0<\/em>\u00a0<\/strong><br \/>\n\u00ab\u00a0Ce que je comprends, ou du moins ce que j\u2019entends, c\u2019est que des populations discrimin\u00e9es pour les m\u00eames raisons et de la m\u00eame fa\u00e7on en g\u00e9n\u00e9ral, aient besoin, aient envie, aient la n\u00e9cessit\u00e9 de se retrouver pour \u00e9voquer les discriminations dont elles sont l\u2019objet.\u00a0\u00bb<br \/>\n\u00ab\u00a0Je suis une f\u00e9ministe qui pense que ces questions doivent \u00eatre port\u00e9e d\u2019abord par les femmes mais elles doivent s\u2019entendre et se d\u00e9battre avec les hommes.\u00a0\u00bb<br \/>\n\u00ab\u00a0Les questions li\u00e9es au racisme doivent s\u2019entendre et \u00eatre port\u00e9es d\u2019abord par les victimes du racisme mais aussi ouvertes \u00e0 tous.\u00a0\u00bb<\/p>\n<p><em>\u00a0<strong>Sur l\u2019UNEF<\/em>\u00a0<\/strong><br \/>\n\u00ab\u00a0L\u2019UNEF a eu des prises de position et a eu des positions ces derni\u00e8res ann\u00e9es qui me laissent pour le moins pantoise.\u00a0\u00bb\u00a0<br \/>\n\u00ab\u00a0Je ne vais pas participer au proc\u00e8s en sorcellerie qui est fait \u00e0 l\u2019UNEF et singuli\u00e8rement \u00e0 sa pr\u00e9sidente M\u00e9lanie Luce.\u00a0\u00bb<br \/>\n\u00ab\u00a0Il est important d\u2019\u00eatre soucieux de prot\u00e9ger les personnes et quand on s\u2019en prend directement \u00e0 M\u00e9lanie Luce &#8211; que je ne soutiens pas particuli\u00e8rement dans ses prises de position en g\u00e9n\u00e9ral mais que je soutiens en tant qu\u2019\u00eatre humain et en tant que soeur -, \u00e0 cette jeune femme, qui pr\u00e9tend penser et d\u00e9fendre des id\u00e9es : \u00e7a fait beaucoup de crit\u00e8res qui en font la cible de campagne\u00a0 de haine sur les r\u00e9seaux sociaux.\u00a0\u00bb<br \/>\n\u00ab\u00a0Quand on s\u2019attaque \u00e0 une personne on s\u2019attaque \u00e0 un \u00eatre humain, on ne s\u2019attaque pas \u00e0 une id\u00e9e.\u00a0Je pr\u00e9f\u00e8rerais qu\u2019on s\u2019attaque aux id\u00e9es. \u00bb<\/p>\n<p><em>\u00a0<strong>Sur les deux gauches irr\u00e9conciliables<\/em>\u00a0<\/strong><br \/>\n\u00ab\u00a0Je refuse cette lecture de la soci\u00e9t\u00e9 o\u00f9 sur tous les sujets il faudrait \u00eatre &#8220;pour&#8221; ou &#8220;contre&#8221;.\u00a0Il y aurait le &#8220;bien&#8221; ou le &#8220;mal&#8221;. \u00bb<br \/>\n\u00ab\u00a0Ce qu\u2019Anne Hidalgo d\u00e9fend et je le d\u00e9fends avec elle, c\u2019est les principes de la R\u00e9publique : libert\u00e9, \u00e9galit\u00e9, fraternit\u00e9, sororit\u00e9.\u00a0C\u2019est l\u2019id\u00e9e que la R\u00e9publique est partout chez elle, dans tous les groupes de discussion et on ne peut pas interdire les discussions au motif de sa couleur de peau, de son genre, de son orientation sexuelle. Dans le sens inverse, des groupes interdits aux noirs ou LGBT me choqueraient. La nuance que j\u2019apporte c\u2019est qu\u2019il faille entendre cette demande de la part des personnes discrimin\u00e9es. \u00bb<br \/>\n\u00ab\u00a0Je pr\u00e9f\u00e8re parler de discrimination que de racisation. Je n\u2019aime pas le terme de racis\u00e9. \u00c7a n\u2019est pas pour autant que je d\u00e9nie les difficult\u00e9s, les in\u00e9galit\u00e9s et les discriminations dont sont l\u2019objet les personnes qui ont une couleur de peau diff\u00e9rente de la couleur de peau dominante dans ce pays.\u00a0\u00bb<\/p>\n<p><em>\u00a0<strong>Sur le report des \u00e9lections r\u00e9gionales \u00e0 cause du contexte Covid<\/em>\u00a0<\/strong><br \/>\n\u00ab\u00a0Il faut s\u2019en tenir \u00e0 l\u2019avis des scientifiques.\u00a0\u00bb<br \/>\n\u00ab\u00a0Le gouvernement et le chef de l\u2019Etat ont fait l\u2019erreur de ne pas avoir assez \u00e9cout\u00e9 les scientifiques quand ils disaient, fin janvier, qu\u2019il fallait des mesures strictes pour casser la dynamique de propagation du Covid.\u00a0\u00bb<br \/>\n\u00ab\u00a0J\u2019encourage de fa\u00e7on vigoureuse les politiques \u00e0 \u00e9couter les scientifiques.\u00a0On ne les a pas assez \u00e9cout\u00e9s depuis longtemps. \u00bb<br \/>\n\u00ab\u00a0La d\u00e9cision [du report des \u00e9lections] ne peut pas venir d\u2019un seul homme.\u00a0Elle doit se faire en concertation. \u00bb<br \/>\n\u00ab\u00a0La d\u00e9mocratie doit continuer de fonctionner et les \u00e9lections doivent avoir lieu en temps et en heure pr\u00e9vus.\u00a0Si la situation sanitaire ne le permet pas, il faudra reporter les \u00e9lections m\u00eame si ce n&#8217;est pas mon souhait \u00e9videmment. Je demande juste qu\u2019on soit un peu plus dans la concertation. \u00bb<\/p>\n<p><em>\u00a0<strong>Sur la d\u00e9mocratie participative<\/em>\u00a0<\/strong><br \/>\n\u00ab\u00a0On a mis en place une plateforme participative qui est un outil num\u00e9rique de d\u00e9mocratie participative tr\u00e8s puissant.\u00a0\u00bb<br \/>\n\u00ab\u00a0Je veux placer ma pr\u00e9sidence de r\u00e9gion sous le signe de la d\u00e9mocratie participative qui s\u2019ajoutera au travail de la d\u00e9mocratie repr\u00e9sentative.\u00a0\u00bb<br \/>\n\u00ab\u00a0Je veux cr\u00e9er une assembl\u00e9e citoyenne du long terme qui serait compos\u00e9e de citoyennes et citoyens tir\u00e9s au sort.\u00a0Ils seraient amen\u00e9s \u00e0 se prononcer sur les grandes orientations structurelles prises par la r\u00e9gion (\u2026). L\u2019avis de cette commission sera consultatif et si la r\u00e9gion rejette cet avis, la r\u00e9gion devra expliquer et argumenter les raisons de ce rejet. Ces citoyens auront aussi la possibilit\u00e9 de porter une ou plusieurs d\u00e9lib\u00e9rations devant le conseil r\u00e9gional. \u00bb<\/p>\n<p><em>\u00a0<strong>Sur le bilan de Val\u00e9rie P\u00e9cresse<\/em>\u00a0<\/strong><br \/>\n\u00ab\u00a0Val\u00e9rie P\u00e9cresse va laisser un bilan d\u00e9sastreux en termes de logement social, de politique \u00e9nerg\u00e9tique du logement, de construction de nouveaux logements sociaux, l\u2019\u00e9tat des lyc\u00e9es est d\u00e9plorable, le soutien aux associations pour l\u2019\u00e9galit\u00e9 femmes\/hommes, l\u2019acc\u00e8s aux adolescentes aux moyens de contraception.\u00a0\u00bb<br \/>\n\u00ab\u00a0Val\u00e9rie P\u00e9cresse avait promis la r\u00e9volution des transports que les francilien-nes attendent toujours. \u00bb<br \/>\n\u00ab\u00a0Val\u00e9rie P\u00e9cresse n\u2019a de cesse d\u2019\u00eatre martiale sur les questions de s\u00e9curit\u00e9 et de gestion de l\u2019espace public avec des r\u00e9sultats assez peu convaincants.\u00a0\u00bb<\/p>\n<p><em>\u00a0<strong>Sur la r\u00e9gion Ile-de-France face \u00e0 la m\u00e9tropole du Grand Paris\u00a0<\/em>\u00a0<\/strong><br \/>\n\u00ab\u00a0Il faut beaucoup plus de concertation et de projets partag\u00e9s entre la m\u00e9tropole du Grand Paris et la r\u00e9gion Ile-de-France.\u00a0\u00bb<br \/>\n\u00ab\u00a0Je ne crois pas qu\u2019il faille supprimer la m\u00e9tropole du Grand Paris mais plut\u00f4t rationaliser la relation entre les instances et peut-\u00eatre aligner le territoire du Grand Paris sur celui de la r\u00e9gion.\u00a0\u00bb<\/p>\n<p><em>\u00a0<strong>Sur les transports, priorit\u00e9 du programme<\/em>\u00a0<\/strong><br \/>\n\u00ab\u00a0La gratuit\u00e9 des transports est une mesure particuli\u00e8rement structurante dans notre campagne. C\u2019est une mesure de justice sociale ; c\u2019est une mesure de lutte contre les in\u00e9galit\u00e9s et c\u2019est une mesure de responsabilit\u00e9 \u00e0 l\u2019\u00e9gard de l\u2019urgence climatique.\u00a0\u00bb<br \/>\n\u00ab\u00a0Tout le monde parle d\u2019\u00e9cologie mais quand il s\u2019agit d\u2019agir, il y a beaucoup moins de monde.\u00a0\u00bb<br \/>\n\u00ab\u00a0\u00c0 partir du 1er septembre de cette ann\u00e9e, nous ferons la gratuit\u00e9 des transports pour les moins de 18 ans pour l\u2019ensemble de l\u2019Ile-de-France et plus seulement \u00e0 Paris. Et la gratuit\u00e9 des 18-25 ans pour les \u00e9tudiants et les demandeurs d\u2019emploi.\u00a0\u00bb<br \/>\n\u00ab\u00a0Au fur et \u00e0 mesure du mandat, nous allons \u00e9tendre la gratuit\u00e9 des transports publics.\u00a0\u00bb<br \/>\n\u00ab\u00a0Beaucoup de jeunes, de familles sont assign\u00e9s \u00e0 r\u00e9sidence en \u00cele-de-France.\u00a0\u00bb<br \/>\n\u00ab\u00a0Pouvoir se d\u00e9placer est un droit inali\u00e9nable.\u00a0\u00bb<br \/>\n\u00ab\u00a0[La gratuit\u00e9 des transports] est aussi une mesure de transition \u00e9cologique et de changement de nos comportements et de nos modes de d\u00e9placement.\u00a0\u00bb<br \/>\n\u00ab\u00a0On r\u00e9fl\u00e9chit \u00e0 une taxation de l\u2019e-commerce et les transports les plus polluants pour financer cette gratuit\u00e9.\u00a0\u00bb<\/p>\n<p><em>\u00a0<strong>Sur le Triangle de Gonesse<\/em>\u00a0<\/strong><br \/>\n\u00ab Sur ce d\u00e9bat,\u00a0l\u00e0 aussi, il ne s\u2019agit pas de dire oui ou non, c\u2019est mal ou c\u2019est bien : les choses sont un peu plus compliqu\u00e9es.\u00a0\u00bb<br \/>\n\u00ab\u00a0Je suis \u00e9videmment totalement oppos\u00e9e au projet Europacity tel qu\u2019il \u00e9tait imagin\u00e9 et qui est maintenant repouss\u00e9 mais je suis aussi oppos\u00e9e \u00e0 toutes d\u00e9clinaison de ce projet avec cet esprit selon lequel on pouvait lancer sur cette zone une urbanisation telle qu\u2019elle \u00e9tait imagin\u00e9e.\u00a0\u00bb<br \/>\n\u00ab\u00a0La r\u00e9flexion que je m\u00e8ne avec plusieurs personnes, des citoyens engag\u00e9s, des sp\u00e9cialistes de la question, des \u00e9lus locaux, des associations c\u2019est de se poser la question de l\u2019ambition du projet.\u00a0\u00bb<br \/>\n\u00ab Ce que l\u2019on porte &#8211; et que l\u2019on fera conna\u00eetre quand nous estimerons que nous serons pr\u00eats et que notre proposition sera inattaquable &#8211; c\u2019est l\u2019id\u00e9e d\u2019une transformation du Triangle de Gonesse mais au-del\u00e0 de l\u2019ensemble du territoire.\u00a0\u00bb<br \/>\n\u00ab\u00a0Je veux faire du Val d\u2019Oise le d\u00e9partement leader de la transformation de l\u2019agriculture francilienne c&#8217;est-\u00e0-dire un d\u00e9partement leader en mati\u00e8re d\u2019agro-agriculture, d\u2019agro-foresterie, d\u2019enseignement et de p\u00e9dagogie des m\u00e9tiers de la transition \u00e9cologique et solidaire. \u00bb<br \/>\n\u00ab\u00a0Il y a une n\u00e9cessit\u00e9 aussi pour les populations du nord-est francilien d\u2019avoir des dessertes coh\u00e9rentes avec les objectifs de r\u00e9duction de gaz \u00e0 effet de serre.\u00a0\u00bb<br \/>\n\u00ab\u00a0Il ne s\u2019agit pas de dire pour ou contre la gare, il s\u2019agit de dire quel est le projet avec lequel on arrive et apr\u00e8s est-ce que la gare s\u2019int\u00e8gre l\u00e0-dedans. \u00c7a ne sera pas, de toute fa\u00e7on, une gare telle qu\u2019elle est imagin\u00e9e aujourd\u2019hui. Si on retient la gare \u00e0 la fin, \u00e7a ne sera pas une gare qui am\u00e8ne ce qu\u2019elle \u00e9tait cens\u00e9e amener aujourd\u2019hui. Par ailleurs, je signale que c\u2019est une d\u00e9cision qui rel\u00e8ve de l\u2019Etat.\u00a0\u00bb\u00a0<\/p>\n<p><em>\u00a0<strong>Sur la raffinerie Grandpuits\u00a0<\/em>\u00a0<\/strong><br \/>\n\u00ab\u00a0Cette mobilisation pour Grandpuits est symptomatique de ce qui change aujourd\u2019hui.\u00a0\u00bb<br \/>\n\u00ab\u00a0Il va bien falloir sortir du nucl\u00e9aire un jour.\u00a0\u00bb<br \/>\n\u00ab\u00a0Je dis aux salari\u00e9s qu\u2019il faut accompagner la transition \u00e9nerg\u00e9tique vers de nouveaux emplois et on r\u00e9fl\u00e9chit \u00e0 la conversion du site.\u00a0\u00bb<\/p>\n<p><em>\u00a0<strong>Sur les listes de gauche en Ile-de-France<\/em>\u00a0<\/strong><br \/>\n\u00ab\u00a0Julien Bayou et Cl\u00e9mentine Autain ne sont pas des concurrents. Ils ne sont pas des adversaires. Nous sommes trois listes de gauche qui portons des id\u00e9es de gauche et des id\u00e9es \u00e9cologistes. \u00c7a \u00e9largit le p\u00e9rim\u00e8tre du d\u00e9bat et \u00e7a met les id\u00e9es de la gauche \u00e9cologiste \u00e0 l\u2019agenda, au programme et \u00e7a les rend incontournables.\u00a0\u00bb<br \/>\n\u00ab\u00a0Je ne sais pas ce qu\u2019est la social-\u00e9cologie. Je connais l\u2019\u00e9cologie sociale et je m\u2019en r\u00e9clame. Il s\u2019agit de faire en sorte qu\u2019aucun programme de transition \u00e9cologique ne peut se faire si ce n\u2019est pas d\u2019abord un programme de lutte contre les in\u00e9galit\u00e9s donc un programme de justice sociale.\u00a0Et dans le m\u00eame temps, il faut penser la justice sociale \u00e0 travers l\u2019\u00e9cologie. \u00bb<\/p>\n<p><em>\u00a0<strong>Sur les accords possibles entre les listes de gauche<\/em>\u00a0<\/strong><br \/>\n\u00ab\u00a0Je regarde les campagnes et les propositions de Julien Bayou et de Cl\u00e9mentine Autain avec beaucoup d\u2019int\u00e9r\u00eat et je ne doute pas qu\u2019un jour, nous nous retrouverons pour discuter.\u00a0\u00bb<br \/>\n\u00ab Je ne sais pas si un accord de premier tour est encore possible.\u00a0\u00bb\u00a0<br \/>\n\u00ab\u00a0Il n\u2019y a pas de date de pr\u00e9vue [suite \u00e0 la proposition de Julien Bayou de r\u00e9unir les trois listes].\u00a0\u00bb<br \/>\n\u00ab\u00a0Je ne pr\u00e9tends pas savoir ce qu\u2019il se passe derri\u00e8re la t\u00eate de Julien Bayou mais je pense que l\u2019urgence n\u2019est pas l\u00e0 : l\u2019urgence est d\u2019\u00e9couter les francilien-nes.\u00a0\u00bb<br \/>\n\u00ab\u00a0Les questions d\u2019appareils politiques, de tractations \u00e9lectorales ne sont pas la priorit\u00e9.\u00a0\u00bb\u00a0<br \/>\n\u00ab\u00a0L\u2019objectif c\u2019est de gagner et de se d\u00e9barrasser de la droite, de Val\u00e9rie P\u00e9cresse et de LREM qui gouvernent l\u2019\u00cele-de-France.\u00a0\u00bb<br \/>\n\u00ab\u00a0Il faudra tout mettre en \u0153uvre pour rassembler la gauche \u00e9cologiste au second tour. \u00bb<br \/>\n\u00ab\u00a0Je souhaite que nous trouvions le chemin d\u2019un rassemblement au second tour.\u00a0\u00bb<\/p>\n<p><em>\u00a0<strong>Sur l\u2019\u00e9lection pr\u00e9sidentielle<\/em>\u00a0<\/strong><br \/>\n\u00ab\u00a0Ma pr\u00e9occupation, c\u2019est les \u00e9lections de juin 2021.\u00a0\u00bb<br \/>\n\u00ab\u00a0Le match de 2022 viendra apr\u00e8s les \u00e9lections r\u00e9gionales.\u00a0\u00bb<br \/>\n\u00ab\u00a0Anne Hidalgo est ma candidate.\u00a0\u00bb<div id='gallery-1' class='gallery galleryid-12846 gallery-columns-3 gallery-size-thumbnail'><figure class='gallery-item'>\n\t\t\t<div class='gallery-icon landscape'>\n\t\t\t\t<a href='https:\/\/archives.regards.fr\/wp-content\/uploads\/2021\/03\/capture_d_e_cran_2021-03-23_a_11-a93.02.01.png'><img loading=\"lazy\" decoding=\"async\" width=\"150\" height=\"150\" src=\"https:\/\/archives.regards.fr\/wp-content\/uploads\/2021\/03\/capture_d_e_cran_2021-03-23_a_11-a93.02.01-150x150.png\" class=\"attachment-thumbnail size-thumbnail\" alt=\"capture_d_e_cran_2021-03-23_a_11.02.01.png\" \/><\/a>\n\t\t\t<\/div><\/figure>\n\t\t<\/div>\n<\/p>\n","protected":false},"excerpt":{"rendered":"<p>Alors que les \u00e9lections r\u00e9gionales doivent se tenir en juin prochain, la r\u00e9gion \u00cele-de-France va \u00eatre observ\u00e9e de pr\u00e8s. \u00c0 gauche, trois listes se font face avec Cl\u00e9mentine Autain, Julien Bayou et Audrey Pulvar. La candidate d\u2019\u00cele-de-France en commun, Audrey Pulvar, est l\u2019invit\u00e9e de #LaMidinale\u200b.<\/p>\n","protected":false},"author":1039,"featured_media":30408,"comment_status":"open","ping_status":"open","sticky":false,"template":"","format":"standard","meta":{"_themeisle_gutenberg_block_has_review":false,"footnotes":""},"categories":[238],"tags":[293],"class_list":["post-12846","post","type-post","status-publish","format-standard","has-post-thumbnail","hentry","category-la-midinale","tag-entretien"],"_links":{"self":[{"href":"https:\/\/archives.regards.fr\/index.php?rest_route=\/wp\/v2\/posts\/12846","targetHints":{"allow":["GET"]}}],"collection":[{"href":"https:\/\/archives.regards.fr\/index.php?rest_route=\/wp\/v2\/posts"}],"about":[{"href":"https:\/\/archives.regards.fr\/index.php?rest_route=\/wp\/v2\/types\/post"}],"author":[{"embeddable":true,"href":"https:\/\/archives.regards.fr\/index.php?rest_route=\/wp\/v2\/users\/1039"}],"replies":[{"embeddable":true,"href":"https:\/\/archives.regards.fr\/index.php?rest_route=%2Fwp%2Fv2%2Fcomments&post=12846"}],"version-history":[{"count":0,"href":"https:\/\/archives.regards.fr\/index.php?rest_route=\/wp\/v2\/posts\/12846\/revisions"}],"wp:featuredmedia":[{"embeddable":true,"href":"https:\/\/archives.regards.fr\/index.php?rest_route=\/wp\/v2\/media\/30408"}],"wp:attachment":[{"href":"https:\/\/archives.regards.fr\/index.php?rest_route=%2Fwp%2Fv2%2Fmedia&parent=12846"}],"wp:term":[{"taxonomy":"category","embeddable":true,"href":"https:\/\/archives.regards.fr\/index.php?rest_route=%2Fwp%2Fv2%2Fcategories&post=12846"},{"taxonomy":"post_tag","embeddable":true,"href":"https:\/\/archives.regards.fr\/index.php?rest_route=%2Fwp%2Fv2%2Ftags&post=12846"}],"curies":[{"name":"wp","href":"https:\/\/api.w.org\/{rel}","templated":true}]}}