{"id":12845,"date":"2021-03-22T11:46:49","date_gmt":"2021-03-22T10:46:49","guid":{"rendered":"https:\/\/wp.muchomaas.com\/article-majdi-chaarana-on-cherche-des-excuses-pour-ne-pas-parler-de-la-precarite-des\/"},"modified":"2023-06-24T00:13:14","modified_gmt":"2023-06-23T22:13:14","slug":"article-majdi-chaarana-on-cherche-des-excuses-pour-ne-pas-parler-de-la-precarite-des","status":"publish","type":"post","link":"https:\/\/archives.regards.fr\/?p=12845","title":{"rendered":"Unef : \u00ab On cherche des excuses pour ne pas parler de la pr\u00e9carit\u00e9 des \u00e9tudiants \u00bb"},"content":{"rendered":"<p class=\"post_excerpt\">Depuis plusieurs jours, le syndicat \u00e9tudiant Unef \u2013 et notamment sa pr\u00e9sidente M\u00e9lanie Luce \u2013 sont la cible de violentes attaques d\u2019une grande partie de la classe politique et m\u00e9diatique pour avoir d\u00e9fendu le principe des r\u00e9unions non-mixtes. Majdi Chaarana, tr\u00e9sorier de l&#8217;Unef, est l\u2019invit\u00e9 de #LaMidinale\u200b.\n<\/p>\n<h2>UNE MIDINALE \u00c0 VOIR&#8230;<\/h2>\n<p><iframe loading=\"lazy\" width=\"490\" height=\"276\" src=\"https:\/\/www.youtube.com\/embed\/d4iTznN96Mg\" title=\"YouTube video player\" frameborder=\"0\" allow=\"accelerometer; autoplay; clipboard-write; encrypted-media; gyroscope; picture-in-picture\" allowfullscreen><\/iframe><\/p>\n<p>&nbsp;<\/p>\n<p><h2>ET \u00c0 LIRE&#8230;<\/h2>\n<p><em>\u00a0<strong>Sur les attaques contre l\u2019UNEF<\/em>\u00a0<\/strong><br \/>\n\u00ab\u00a0On cherche des excuses en ce moment pour ne pas parler de la pr\u00e9carit\u00e9 des \u00e9tudiants.\u00a0\u00bb<br \/>\n\u00ab\u00a0On a lanc\u00e9 une campagne depuis quelques mois pour rappeler que les \u00e9tudiants meurent de faim et d\u2019angoisse.\u00a0\u00bb<br \/>\n\u00ab\u00a0On demande un plan d\u2019urgence pour les \u00e9tudiants. La r\u00e9ponse du gouvernement c\u2019est beaucoup de m\u00e9pris et d\u2019ignorance.\u00a0\u00bb<br \/>\n\u00ab\u00a0L\u2019UNEF est une organisation qui essaie de faire progresser la soci\u00e9t\u00e9 sur la question du racisme et qui met en place des groupes de paroles comme sur l\u2019ensemble des discrimination pour pouvoir agir.\u00a0\u00bb<br \/>\n\u00ab\u00a0Si l\u2019UNEF est ainsi attaqu\u00e9 c\u2019est parce qu\u2019on est le syndicat \u00e9tudiant qui a permis de faire progresser le pays sur plein de choses. Nous avons une grande histoire faite de nombreux combats.\u00a0\u00bb<br \/>\n\u00ab\u00a0L\u2019UNEF est un ennemi \u00e0 abattre pour la droite depuis un bon moment.\u00a0\u00bb<br \/>\n\u00ab\u00a0Aujourd\u2019hui, le danger pour un pouvoir c\u2019est que la jeunesse se soul\u00e8ve contre lui et c\u2019est pour \u00e7a qu\u2019on fait peur.\u00a0\u00bb<br \/>\n\u00ab\u00a0On cherche \u00e0 nous d\u00e9cr\u00e9dibiliser.\u00a0\u00bb<br \/>\n\u00ab\u00a0Il y a une lib\u00e9ration de la parole raciste, \u00e0 gauche comme \u00e0 droite.\u00a0\u00bb<\/p>\n<p><em>\u00a0<strong>Sur les r\u00e9unions non-mixtes<\/em>\u00a0<\/strong><br \/>\n\u00ab\u00a0Dans les r\u00e9unions non-mixtes, on aborde plusieurs questions : le sexisme, les LGBT, le racisme.\u00a0L\u2019ensemble des membres de l\u2019UNEF ou des militants sont invit\u00e9s \u00e0 participer \u00e0 ces r\u00e9unions qui sont ouvertes \u00e0 tout le monde. On n\u2019exclut personne. Il s\u2019agit pour les personnes qui se sentent concern\u00e9es par les th\u00e9matiques abord\u00e9es de se saisir de ce cadre, dans l\u2019anonymat. \u00bb<br \/>\n\u00ab\u00a0Il s\u2019agit souvent de r\u00e9unions organis\u00e9es chez des camarades, dans un cadre tr\u00e8s personnel, rarement organis\u00e9es directement par le syndicat.\u00a0\u00bb<br \/>\n\u00ab\u00a0Il est ridicule de vouloir r\u00e9sumer l\u2019activit\u00e9 du syndicat \u00e0 deux r\u00e9unions par an sur le sujet des discriminations alors que toute l\u2019ann\u00e9e l\u2019Unef se bat pour d\u00e9fendre les droits des \u00e9tudiants.\u00a0\u00bb<\/p>\n<p><em>\u00a0<strong>Sur les propos d\u2019Anne Hidalgo qui trouve \u00ab\u00a0dangereuses\u00a0\u00bb les r\u00e9unions mixtes et Jean-Michel Blanquer qui parle de \u00ab\u00a0pente fasciste\u00a0\u00bb<\/em>\u00a0<\/strong><br \/>\n\u00ab\u00a0Ce sont des personnes qui parlent sans savoir de quoi elles parlent : aucun d\u2019elles ne nous a contact\u00e9s pour savoir ce qui se faisait dans ces r\u00e9unions.\u00a0\u00bb<br \/>\n\u00ab\u00a0Ce ne sont pas des r\u00e9unions interdites aux blancs.\u00a0\u00bb<br \/>\n\u00ab\u00a0Le but de ces politiques, c\u2019est de d\u00e9cr\u00e9dibiliser l\u2019action que l\u2019on peut porter par le biais de ces groupes de parole.\u00a0\u00bb<br \/>\n\u00ab\u00a0On nous dit que ces groupes de parole ne sont pas tol\u00e9rables dans le cadre de la lutte contre le racisme mais pourraient \u00eatre tol\u00e9r\u00e9s dans d\u2019autres cadres.\u00a0\u00bb<br \/>\n\u00ab\u00a0Il y a des personnes qui subissent des discriminations du fait de leurs croyances. On cr\u00e9e donc un espace safe et sans jugement pour faire en sorte de pouvoir \u00e9couter cette parole.\u00a0\u00bb<br \/>\n\u00ab\u00a0On parle de lib\u00e9ration de la parole mais en v\u00e9rit\u00e9, cette parole n\u2019\u00e9tait pas vraiment lib\u00e9r\u00e9e : la parole \u00e9tait l\u00e0 mais on ne l\u2019\u00e9coutait pas. Et par le biais de ces r\u00e9unions o\u00f9 on \u00e9coute la parole entre victimes, on va pouvoir plus facilement la retranscrire et en discuter en cadre mixte.\u00a0\u00bb<\/p>\n<p><em>\u00a0<strong>Sur les relations avec le PS<\/em>\u00a0<\/strong><br \/>\n\u00ab\u00a0L\u2019UNEF est ind\u00e9pendant.\u00a0\u00bb<br \/>\n\u00ab\u00a0Des personnalit\u00e9s de l\u2019UNEF ont pu s\u2019engager dans diff\u00e9rents mouvements politiques, dont le PS.\u00a0\u00bb<br \/>\n\u00ab\u00a0L\u2019UNEF n\u2019a pas trembl\u00e9 lorsqu\u2019il a fallu manifester contre le gouvernement Hollande et sa loi Travail, les diff\u00e9rentes r\u00e9formes qui cassaient le code du travail et d\u00e9truisaient notre avenir.\u00a0\u00bb<br \/>\n\u00ab\u00a0Certaines personnes nous reprochent d\u2019avoir \u00e9t\u00e9 ind\u00e9pendant et d\u2019avoir men\u00e9 des actions syndicales telles que les \u00e9tudiants pouvaient l\u2019attendre.\u00a0\u00bb<br \/>\n\u00ab\u00a0Quand on \u00e9coute certaines personnes, on a l\u2019impression que l\u2019UNEF est devenu un syndicat qui ne fait que lutter contre les discriminations, contre le racisme ou le sexisme. Mais c\u2019est une caricature.\u00a0\u00bb<br \/>\n\u00ab\u00a0Certaines personnes ne regardent l\u2019UNEF que pour nous cracher dessus. C\u2019est assez regrettable &#8211; et d\u2019autant plus quand cela vient de gens qui ont pu nous soutenir de par le pass\u00e9 et qui, aujourd\u2019hui, rejoignent les troupes de la droite et de l\u2019extr\u00eame droite pour parler d\u2019une m\u00eame voix et demander des sanctions contre l\u2019UNEF.\u00a0\u00bb<br \/>\n\u00ab\u00a0L\u2019UNEF a permis de mettre en place des cadres de lib\u00e9ration de la parole.\u00a0\u00bb<br \/>\n\u00ab\u00a0Quand on dit d\u2019un syndicat de transformation sociale qui lutte contre les discriminations et agit au quotidien comme l\u2019UNEF qu\u2019il est un repaire d\u2019extr\u00eamistes et d\u2019islamogauchistes, on fait le jeu de l\u2019extr\u00eame droite.\u00a0\u00bb<br \/>\n\u00ab\u00a0Au sein du Parti socialiste, certaines personnes ont apport\u00e9 un soutien \u00e0 l\u2019UNEF.\u00a0\u00bb<div id='gallery-1' class='gallery galleryid-12845 gallery-columns-3 gallery-size-thumbnail'><figure class='gallery-item'>\n\t\t\t<div class='gallery-icon landscape'>\n\t\t\t\t<a href='https:\/\/archives.regards.fr\/wp-content\/uploads\/2021\/03\/capture_d_e_cran_2021-03-22_a_11-0a7.42.51.png'><img loading=\"lazy\" decoding=\"async\" width=\"150\" height=\"150\" src=\"https:\/\/archives.regards.fr\/wp-content\/uploads\/2021\/03\/capture_d_e_cran_2021-03-22_a_11-0a7.42.51-150x150.png\" class=\"attachment-thumbnail size-thumbnail\" alt=\"capture_d_e_cran_2021-03-22_a_11.42.51.png\" \/><\/a>\n\t\t\t<\/div><\/figure>\n\t\t<\/div>\n<\/p>\n","protected":false},"excerpt":{"rendered":"<p>Depuis plusieurs jours, le syndicat \u00e9tudiant Unef \u2013 et notamment sa pr\u00e9sidente M\u00e9lanie Luce \u2013 sont la cible de violentes attaques d\u2019une grande partie de la classe politique et m\u00e9diatique pour avoir d\u00e9fendu le principe des r\u00e9unions non-mixtes. Majdi Chaarana, tr\u00e9sorier de l&#8217;Unef, est l\u2019invit\u00e9 de #LaMidinale\u200b.<\/p>\n","protected":false},"author":1204,"featured_media":30406,"comment_status":"open","ping_status":"open","sticky":false,"template":"","format":"standard","meta":{"_themeisle_gutenberg_block_has_review":false,"footnotes":""},"categories":[238],"tags":[293],"class_list":["post-12845","post","type-post","status-publish","format-standard","has-post-thumbnail","hentry","category-la-midinale","tag-entretien"],"_links":{"self":[{"href":"https:\/\/archives.regards.fr\/index.php?rest_route=\/wp\/v2\/posts\/12845","targetHints":{"allow":["GET"]}}],"collection":[{"href":"https:\/\/archives.regards.fr\/index.php?rest_route=\/wp\/v2\/posts"}],"about":[{"href":"https:\/\/archives.regards.fr\/index.php?rest_route=\/wp\/v2\/types\/post"}],"author":[{"embeddable":true,"href":"https:\/\/archives.regards.fr\/index.php?rest_route=\/wp\/v2\/users\/1204"}],"replies":[{"embeddable":true,"href":"https:\/\/archives.regards.fr\/index.php?rest_route=%2Fwp%2Fv2%2Fcomments&post=12845"}],"version-history":[{"count":0,"href":"https:\/\/archives.regards.fr\/index.php?rest_route=\/wp\/v2\/posts\/12845\/revisions"}],"wp:featuredmedia":[{"embeddable":true,"href":"https:\/\/archives.regards.fr\/index.php?rest_route=\/wp\/v2\/media\/30406"}],"wp:attachment":[{"href":"https:\/\/archives.regards.fr\/index.php?rest_route=%2Fwp%2Fv2%2Fmedia&parent=12845"}],"wp:term":[{"taxonomy":"category","embeddable":true,"href":"https:\/\/archives.regards.fr\/index.php?rest_route=%2Fwp%2Fv2%2Fcategories&post=12845"},{"taxonomy":"post_tag","embeddable":true,"href":"https:\/\/archives.regards.fr\/index.php?rest_route=%2Fwp%2Fv2%2Ftags&post=12845"}],"curies":[{"name":"wp","href":"https:\/\/api.w.org\/{rel}","templated":true}]}}