{"id":12836,"date":"2021-03-17T12:24:24","date_gmt":"2021-03-17T11:24:24","guid":{"rendered":"https:\/\/wp.muchomaas.com\/article-sebastien-jumel-je-ne-me-resous-pas-a-limiter-le-rassemblement-au-socle-de-ma\/"},"modified":"2023-06-24T00:13:05","modified_gmt":"2023-06-23T22:13:05","slug":"article-sebastien-jumel-je-ne-me-resous-pas-a-limiter-le-rassemblement-au-socle-de-ma","status":"publish","type":"post","link":"https:\/\/archives.regards.fr\/?p=12836","title":{"rendered":"S\u00e9bastien Jumel : \u00ab Je ne me r\u00e9sous pas \u00e0 limiter le rassemblement au socle de ma famille politique naturelle \u00bb"},"content":{"rendered":"<p class=\"post_excerpt\">Ancien maire de Dieppe, d\u00e9put\u00e9 PCF de la Seine-Maritime, candidat \u00e0 la pr\u00e9sidence de la Normandie avec le soutien des communistes et des insoumis, S\u00e9bastien Jumel est l&#8217;invit\u00e9 de #LaMidinale.<\/p>\n<h2>UNE MIDINALE \u00c0 VOIR&#8230;<\/h2>\n<p><iframe loading=\"lazy\" width=\"490\" height=\"276\" src=\"https:\/\/www.youtube.com\/embed\/0HWx3XF7RMM\" frameborder=\"0\" allow=\"accelerometer; autoplay; clipboard-write; encrypted-media; gyroscope; picture-in-picture\" allowfullscreen><\/iframe><\/p>\n<p>&nbsp;<\/p>\n<p><h2>ET \u00c0 LIRE&#8230;<\/h2>\n<p><em>\u00a0<strong>Sur l\u2019offre politique \u00e0 opposer \u00e0 celle du pr\u00e9sident de r\u00e9gion sortant Herv\u00e9 Morin<\/em>\u00a0<\/strong><br \/>\n\u00ab\u00a0Je ne me r\u00e9sous pas \u00e0 limiter ce rassemblement au socle de ma famille politique naturelle des insoumis et des communistes.\u00a0\u00bb<br \/>\n\u00ab\u00a0Je dis \u00e0 nos coll\u00e8gues de gauche, \u00e9cologistes et socialistes, \u00e0 tous ceux qui ont le coeur \u00e0 gauche, que rassembl\u00e9s, on est plus fort et qu\u2019il y a urgence \u00e0 mettre l\u2019accent sur ce qui nous rassemble plut\u00f4t que sur ce qui nous s\u00e9pare, \u00e0 construire des rassemblements in\u00e9dits o\u00f9 on ne ferait pas semblant d\u2019\u00eatre tomb\u00e9 d\u2019accord sur tout en 3 jours mais o\u00f9 on partage tous l\u2019ardent espoir de faire passer la r\u00e9gion \u00e0 gauche parce que la Normandie m\u00e9rite qu\u2019on prenne soin de ses habitants.\u00a0\u00bb<br \/>\n\u00ab\u00a0On discute avec les Verts, avec les socialistes, avec la soci\u00e9t\u00e9 civile : si on additionne les forces de gauche pour les r\u00e9gionales, on est \u00e0 33%. On d\u00e9passe alors le RN et on va tutoyer Herv\u00e9 Morin.\u00a0\u00bb<br \/>\n\u00ab\u00a0On doit faire en sorte d\u2019avoir une r\u00e9gion qui prenne soin de sa sant\u00e9, qui mette la jeunesse au coeur de ses priorit\u00e9s, qui prenne soin de la plan\u00e8te : la Normandie, c\u2019est l\u2019agriculture et a p\u00eache artisanale.\u00a0\u00bb<\/p>\n<p><em>\u00a0<strong>Sur Herv\u00e9 Morin, pr\u00e9sident sortant de la r\u00e9gion Normandie<\/em>\u00a0<\/strong><br \/>\n\u00ab\u00a0Il y a une gestion calamiteuse de la crise par l\u2019Etat.\u00a0Certes, ils ont ouvert le carnet de ch\u00e8ques pour les entreprises mais lorsqu\u2019il s\u2019est agi de prendre soin de nos h\u00f4pitaux, de faire en sorte que nos a\u00een\u00e9s soient accompagn\u00e9s dignement, pour mailler le territoire avec des services publics de proximit\u00e9, alors l\u00e0, on a un pr\u00e9sident de r\u00e9gion qui, dans le meilleur des cas fait aussi mal que l\u2019Etat et qui, dans le pire des cas, propose \u00e0 l\u2019Etat de se substituer \u00e0 lui pour mettre en place des r\u00e9ponses technocratiques. \u00bb<br \/>\n\u00ab\u00a0La crise implique que nous r\u00e9inventions des r\u00e9ponses in\u00e9dites parce qu\u2019elle a pos\u00e9 des questions in\u00e9dites.\u00a0\u00bb<\/p>\n<p><em>\u00a0<strong>Sur le caract\u00e8re national du scrutin r\u00e9gional<\/em>\u00a0<\/strong><br \/>\n\u00ab\u00a0Je pense que le scrutin de juin sera, comme souvent, un m\u00e9lange du national et du r\u00e9gional : ce sera l\u2019occasion pour les habitants de sanctionner la droite lib\u00e9rale dont le bilan est calamiteux (casse du droit du travail, d\u00e9mant\u00e8lement de la SNCF et ses cons\u00e9quences concr\u00e8tes sur les lignes de vie qui font vivre les territoires, l\u2019incapacit\u00e9 \u00e0 mettre en place l\u2019\u00e9cologie concr\u00e8te sur les questions de mobilit\u00e9\u2026).<br \/>\n\u00ab\u00a0J\u2019ai ador\u00e9 ce bouquin d\u2019Edouard Louis \u201cQui a tu\u00e9 mon p\u00e8re\u201d qui m\u2019a boulevers\u00e9. Dans ce livre, il raconte une anecdote o\u00f9 l\u2019allocation de rentr\u00e9e scolaire avait \u00e9t\u00e9 doubl\u00e9e : cela leur a permis d\u2019aller respirer la mer pour la premi\u00e8re fois en famille.\u00a0Cela fait bien la d\u00e9monstration qu\u2019une d\u00e9cision politique concr\u00e8te \u00e0 l\u2019\u00e9chelle r\u00e9gionale ou \u00e0 l\u2019\u00e9chelle locale peut changer la vie des gens.\u00a0\u00bb<br \/>\n\u00ab\u00a0Je milite pour que la gauche retrouve le chemin de son utilit\u00e9 pour am\u00e9liorer la vie de nos concitoyens.\u00a0\u00bb<br \/>\n\u00ab\u00a0J\u2019ai le coeur arrach\u00e9 quand je vois des \u00e9tudiants dans une d\u00e9sesp\u00e9rance psychologique et sociale indigne. Je suis boulevers\u00e9 quand je vois que la crise tape \u00e0 la porte des usines mais aussi \u00e0 la porte des foyers. Il y a une urgence \u00e0 mettre en place des solidarit\u00e9s concr\u00e8tes nouvelles et \u00e0 faire en sorte que l\u2019on retrouve des \u00e9l\u00e9ments de souverainet\u00e9, y compris en termes d\u2019emplois en structurant des fili\u00e8res sur les territoires de vie.\u00a0\u00bb<\/p>\n<p><em>\u00a0<strong>Sur les diff\u00e9rences avec les \u00e9cologistes<\/em>\u00a0<\/strong><br \/>\n\u00ab\u00a0Je ne demande \u00e0 personne de s\u2019effacer : un rassemblement doit \u00eatre respectueux des uns et des autres et il est fort lorsqu\u2019il additionne les sensibilit\u00e9s, les \u00e9nergies et la force de convictions et de propositions de l\u2019ensemble de ses composantes.\u00a0\u00bb<br \/>\n\u00ab\u00a0Je propose un rassemblement o\u00f9, y compris avec les t\u00eates de liste d\u00e9partementales, les \u00e9cologistes doivent pouvoir assumer un leadership l\u00e0 o\u00f9 ils ont cette l\u00e9gitimit\u00e9 &#8211; de m\u00eame pour les insoumis ou les socialistes.\u00a0\u00bb<br \/>\n\u00ab\u00a0Les quatre ans que nous venons de passer \u00e0 l\u2019Assembl\u00e9e nationale le d\u00e9montrent : sur les sujets essentiels, m\u00eame si on a une histoire et des sensibilit\u00e9s diff\u00e9rentes, on a su s\u2019opposer \u00e0 la mauvaise r\u00e9forme des retraites, \u00e0 la r\u00e9forme ferroviaire, \u00e0 la volont\u00e9 du gouvernement de casser l\u2019assurance ch\u00f4mage, on est en situation, sur la question climatique, d\u2019\u00eatre force de propositions pour une \u00e9cologie qui r\u00e9concilie fin du monde et fin du mois.\u00a0\u00bb<br \/>\n\u00ab\u00a0Oui, il y a des diff\u00e9rences mais les r\u00e9gionales doivent \u00eatre l\u2019occasion de mettre l\u2019accent sur ce qui nous rassemble et de laisser de c\u00f4t\u00e9 ce qui fait l\u2019histoire de nos mouvements respectifs et qui n\u00e9cessitent des d\u00e9bats approfondis.\u00a0\u00bb<\/p>\n<p><em>\u00a0<strong>Sur le nucl\u00e9aire, pomme de discorde entre les communistes et les \u00e9cologistes ?<\/em>\u00a0<\/strong><br \/>\n\u00ab\u00a0Le nucl\u00e9aire ne sera pas au coeur de la campagne des \u00e9lections r\u00e9gionales car le nucl\u00e9aire n\u2019est pas une comp\u00e9tence r\u00e9gionale : les arbitrages devront \u00eatre faits par le futur Pr\u00e9sident de la R\u00e9publique.\u00a0\u00bb<br \/>\n\u00ab\u00a0Ce qui nous rassemble, c\u2019est la r\u00e9union que je fais ce matin \u00e0 Matignon avec Matthieu Orphelin, Delphine Batho, Marie-No\u00eblle Battistel, Adrien Quatennens et jusqu\u2019aux gaullistes, pour dire que l\u2019\u00e9nergie est un bien commun et un bien de premi\u00e8re n\u00e9cessit\u00e9. Si l\u2019on veut d\u00e9velopper un mix \u00e9nerg\u00e9tique intelligent et renforcer la part des \u00e9nergies renouvelables &#8211; ce \u00e0 quoi je suis favorable &#8211; alors il faut la ma\u00eetrise de la puissance publique et que l\u2019\u00e9nergie \u00e9chappe \u00e0 la logique actionnariale. Et on est tous d\u2019accord sur cette logique essentielle.\u00a0\u00bb<br \/>\n\u00ab\u00a0Sur le curseur de la fa\u00e7on dont on sort du nucl\u00e9aire et \u00e0 quel moment, \u00e7a fait l\u2019objet de d\u00e9bats nationaux et \u00e7a ne sera pas au coeur des d\u00e9bats pour l\u2019\u00e9lection r\u00e9gionale, j\u2019en prends l\u2019engagement.\u00a0\u00bb<\/p>\n<p><em>\u00a0<strong>Sur le \u201cplus jamais PS\u201d ?<\/em>\u00a0<\/strong><br \/>\n\u00ab\u00a0Je n\u2019ai jamais confondu les \u00e9lecteurs avec les responsabilit\u00e9s politiques.\u00a0\u00bb<br \/>\n\u00ab\u00a0Le PS, ses adh\u00e9rents et ses \u00e9lus, ont, dans leur grande majorit\u00e9, tir\u00e9 les enseignements de ce qui a conduit \u00e0 l\u2019\u00e9chec de Fran\u00e7ois Hollande et de ce qui a permis \u00e0 Emmanuel Macron de mettre en place sa mauvaise politique.\u00a0\u00bb<br \/>\n\u00ab\u00a0Il nous appartient de rallumer les \u00e9toiles et d\u2019ouvrir une perspective alternative, y compris pour l\u2019ann\u00e9e prochaine.\u00a0\u00bb<br \/>\n\u00ab\u00a0Je ne peux pas me r\u00e9soudre \u00e0 ce que l\u2019alternative que l\u2019on propose aux habitants en 2022, soit le choix entre l\u2019extr\u00eame droite et l\u2019extr\u00eame argent.\u00a0\u00bb<br \/>\n\u00ab\u00a0Tous ceux qui \u00e9taient des relais z\u00e9l\u00e9s de la d\u00e9rive lib\u00e9rale de Fran\u00e7ois Hollande sont, pour la plupart, partis \u00e0 En Marche &#8211; et ceux qui restent dans ces moments difficiles, chez les socialistes, me semblent \u00eatre mieux arrim\u00e9s autour des valeurs de gauche.\u00a0\u00bb<\/p>\n<p><em>\u00a0<strong>Sur le fait que l\u2019\u00e9cologiste Karima Delli ait r\u00e9ussi \u00e0 r\u00e9unir toute la gauche derri\u00e8re elle dans les Hauts-de-France<\/em>\u00a0<\/strong><br \/>\n\u00ab\u00a0Cela m\u2019inspire beaucoup.\u00a0\u00bb<br \/>\n\u00ab\u00a0Dans les Hauts-de-France, la discussion sur les diff\u00e9rentes sensibilit\u00e9s et approches existe et cela n\u2019a pas \u00e9t\u00e9 un obstacle au rassemblement.\u00a0\u00bb<br \/>\n\u00ab\u00a0Ce qui d\u00e9clenche le rassemblement, c\u2019est l\u2019aspiration des gens \u00e0 le demander.\u00a0\u00bb<br \/>\n\u00ab\u00a0Chacun a, d\u2019une certaine mani\u00e8re, mis de l\u2019eau dans son vin.\u00a0\u00bb<\/p>\n<p><em>\u00a0<strong>Sur l\u2019\u00e9ventuel cumul des mandats entre conseiller r\u00e9gional et d\u00e9put\u00e9<\/em>\u00a0<\/strong><br \/>\n\u00ab\u00a0Aujourd\u2019hui, je suis d\u00e9put\u00e9 de la Seine-Maritime, porte-parole &#8211; et je crois avoir la r\u00e9putation d\u2019\u00eatre tr\u00e8s engag\u00e9 dans mon mandat &#8211; et je suis conseiller municipal de Dieppe.\u00a0\u00bb<br \/>\n\u00ab\u00a0Si, par bonheur, je deviens pr\u00e9sident de r\u00e9gion, je pense qu\u2019on aura la force de frappe pour trouver les moyens de d\u00e9cupler nos repr\u00e9sentations : j\u2019ai un suppl\u00e9ant extraordinaire au Tr\u00e9port et le pr\u00e9sident de r\u00e9gion sera toujours au chevet de Dieppe, mon port d\u2019attache, mais \u00e9galement de la Normandie dans son ensemble.\u00a0\u00bb<br \/>\n\u00ab\u00a0On peut cumuler la fonction de conseiller r\u00e9gional et de d\u00e9put\u00e9 : la question se posera et j\u2019en parlerai avec le collectif.\u00a0\u00bb<\/p>\n<p><em>\u00a0<strong>Sur ce qui joue de la pr\u00e9sidentielle 2022 dans les \u00e9lections r\u00e9gionales 2021<\/em>\u00a0<\/strong><br \/>\n\u00ab\u00a0Ce sont deux \u00e9lections diff\u00e9rentes mais il y aura d\u00e8s juin 2021 des indications int\u00e9ressantes : la sanction que les marcheurs vont prendre. J\u2019ai promis, \u00e0 l\u2019Assembl\u00e9e nationale dans les d\u00e9bats sur la loi convoquant les \u00e9lections r\u00e9gionales, avec mes mots et ma franchise, une belle branl\u00e9e aux marcheurs : je la pronostique, je la souhaite et elle aura lieu.\u00a0\u00bb<br \/>\n\u00ab\u00a0La droite confirme son incapacit\u00e9 \u00e0 incarner une alternative : elle a \u00e9t\u00e9 d\u2019ailleurs largement anschluss\u00e9e par les marcheurs.\u00a0\u00bb<br \/>\n\u00ab\u00a0En ce qui concerne la gauche, la capacit\u00e9 des uns et des autres \u00e0 mettre l\u2019accent sur ce qui nous rassemble plut\u00f4t que sur ce qui nous s\u00e9pare, \u00e0 ne pas \u00eatre d\u00e9mesur\u00e9ment dans une bataille d\u2019\u00e9gos, peut donner \u00e0 voir qu\u2019\u00e9videmment il y aura une comp\u00e9tition dans la pr\u00e9sidentielle mais qu\u2019il faudra aussi ensuite trouver les chemins du rassemblement pour offrir une perspective au pays.\u00a0\u00bb<\/p>\n<p><em>\u00a0<strong>Sur la possibilit\u00e9 de faire de la Normandie un territoire sans classe et sans Etat<\/em>\u00a0<\/strong><br \/>\n\u00ab\u00a0J\u2019ai l\u2019exp\u00e9rience d\u2019avoir \u00e9t\u00e9 maire et je sais \u00e0 quel point, lorsque tu es \u00e0 la t\u00eate d\u2019une collectivit\u00e9, tu n\u2019es pas dans la r\u00e9volution permanente mais tu prends des d\u00e9cisions qui sont radicalement utiles aux gens.\u00a0\u00bb<br \/>\n\u00ab\u00a0Lorsque tu mets en place un renouvellement urbain pour am\u00e9liorer le cadre de vie des habitants, lorsque tu cr\u00e9es une \u00e9cole de cirque dans un quartier populaire, lorsque tu fais de la musique, du th\u00e9\u00e2tre et de la danse la porte d\u2019entr\u00e9e de l\u2019\u00e9cole pour tous les enfants d\u2019une ville, lorsque tu mets le paquet sur la culture et le sport, lorsque je m\u00e8ne la bataille pour que le renouveau d\u2019Alpine made in France soit possible au moment o\u00f9 on d\u00e9localise les entreprises, je fais la d\u00e9monstration il y a possibilit\u00e9 de d\u00e9montrer qu\u2019\u00e0 \u00e9chelle locale, on corrige les trajectoires de ceux qui r\u00eavent de d\u00e9m\u00e9nager le territoire, de fermer les services publics et d\u2019un pays o\u00f9 chacun n\u2019a pas sa place.\u00a0\u00bb<br \/>\n\u00ab\u00a0Lorsque l\u2019on est en responsabilit\u00e9s, il faut respecter la parole donn\u00e9e et mettre en place des modes de gouvernance nouveaux (\u2026). En tant que pr\u00e9sident de r\u00e9gion, j\u2019entends faire de la d\u00e9mocratie participative et sociale, partir du principe simple qu\u2019\u00e0 plusieurs, on r\u00e9fl\u00e9chit mieux que dans une seule t\u00eate.\u00a0\u00bb<div id='gallery-1' class='gallery galleryid-12836 gallery-columns-3 gallery-size-thumbnail'><figure class='gallery-item'>\n\t\t\t<div class='gallery-icon landscape'>\n\t\t\t\t<a href='https:\/\/archives.regards.fr\/wp-content\/uploads\/2021\/03\/capture_d_e_cran_2021-03-17_a_12-698.20.06.png'><img loading=\"lazy\" decoding=\"async\" width=\"150\" height=\"150\" src=\"https:\/\/archives.regards.fr\/wp-content\/uploads\/2021\/03\/capture_d_e_cran_2021-03-17_a_12-698.20.06-150x150.png\" class=\"attachment-thumbnail size-thumbnail\" alt=\"capture_d_e_cran_2021-03-17_a_12.20.06.png\" \/><\/a>\n\t\t\t<\/div><\/figure>\n\t\t<\/div>\n<\/p>\n","protected":false},"excerpt":{"rendered":"<p>Ancien maire de Dieppe, d\u00e9put\u00e9 PCF de la Seine-Maritime, candidat \u00e0 la pr\u00e9sidence de la Normandie avec le soutien des communistes et des insoumis, S\u00e9bastien Jumel est l&#8217;invit\u00e9 de #LaMidinale.<\/p>\n","protected":false},"author":1204,"featured_media":30391,"comment_status":"open","ping_status":"open","sticky":false,"template":"","format":"standard","meta":{"_themeisle_gutenberg_block_has_review":false,"footnotes":""},"categories":[238],"tags":[293],"class_list":["post-12836","post","type-post","status-publish","format-standard","has-post-thumbnail","hentry","category-la-midinale","tag-entretien"],"_links":{"self":[{"href":"https:\/\/archives.regards.fr\/index.php?rest_route=\/wp\/v2\/posts\/12836","targetHints":{"allow":["GET"]}}],"collection":[{"href":"https:\/\/archives.regards.fr\/index.php?rest_route=\/wp\/v2\/posts"}],"about":[{"href":"https:\/\/archives.regards.fr\/index.php?rest_route=\/wp\/v2\/types\/post"}],"author":[{"embeddable":true,"href":"https:\/\/archives.regards.fr\/index.php?rest_route=\/wp\/v2\/users\/1204"}],"replies":[{"embeddable":true,"href":"https:\/\/archives.regards.fr\/index.php?rest_route=%2Fwp%2Fv2%2Fcomments&post=12836"}],"version-history":[{"count":0,"href":"https:\/\/archives.regards.fr\/index.php?rest_route=\/wp\/v2\/posts\/12836\/revisions"}],"wp:featuredmedia":[{"embeddable":true,"href":"https:\/\/archives.regards.fr\/index.php?rest_route=\/wp\/v2\/media\/30391"}],"wp:attachment":[{"href":"https:\/\/archives.regards.fr\/index.php?rest_route=%2Fwp%2Fv2%2Fmedia&parent=12836"}],"wp:term":[{"taxonomy":"category","embeddable":true,"href":"https:\/\/archives.regards.fr\/index.php?rest_route=%2Fwp%2Fv2%2Fcategories&post=12836"},{"taxonomy":"post_tag","embeddable":true,"href":"https:\/\/archives.regards.fr\/index.php?rest_route=%2Fwp%2Fv2%2Ftags&post=12836"}],"curies":[{"name":"wp","href":"https:\/\/api.w.org\/{rel}","templated":true}]}}