{"id":12833,"date":"2021-03-16T13:03:13","date_gmt":"2021-03-16T12:03:13","guid":{"rendered":"https:\/\/wp.muchomaas.com\/article-lucas-chancel-la-penurie-de-vaccins-contre-le-covid-19-est-en-partie-organisee\/"},"modified":"2023-06-24T00:12:59","modified_gmt":"2023-06-23T22:12:59","slug":"article-lucas-chancel-la-penurie-de-vaccins-contre-le-covid-19-est-en-partie-organisee","status":"publish","type":"post","link":"https:\/\/archives.regards.fr\/?p=12833","title":{"rendered":"Lucas Chancel : \u00ab La p\u00e9nurie de vaccins contre le Covid-19 est en partie organis\u00e9e \u00bb"},"content":{"rendered":"<p class=\"post_excerpt\">De plus en plus de voix s&#8217;\u00e9l\u00e8vent de par le monde pour demander la lev\u00e9e des brevets sur les vaccins contre le Covid-19. L&#8217;une d&#8217;elle est Lucas Chancel, \u00e9conomiste et co-directeur du laboratoire sur les in\u00e9galit\u00e9s mondiales \u00e0 l&#8217;\u00c9cole d&#8217;\u00e9conomie de Paris. Il est l&#8217;invit\u00e9 de #LaMidinale.<\/p>\n<h2>UNE MIDINALE \u00c0 VOIR&#8230;<\/h2>\n<p><iframe loading=\"lazy\" width=\"490\" height=\"276\" src=\"https:\/\/www.youtube.com\/embed\/6SHAlBbNMEc\" frameborder=\"0\" allow=\"accelerometer; autoplay; clipboard-write; encrypted-media; gyroscope; picture-in-picture\" allowfullscreen><\/iframe><\/p>\n<p>&nbsp;<\/p>\n<p><h2>ET \u00c0 LIRE&#8230;<\/h2>\n<p><em>\u00a0<strong>Sur la n\u00e9cessit\u00e9 de lever les brevets sur les vaccins contre le Covid-19<\/em>\u00a0<\/strong><br \/>\n\u00ab\u00a0Aujourd\u2019hui, il y a des pays du monde qui ont acc\u00e8s au vaccin &#8211; m\u00eame s\u2019il y a des probl\u00e8mes d\u2019approvisionnement &#8211; quand d\u2019autres n\u2019ont pas du tout acc\u00e8s au vaccin.\u00a0\u00bb<br \/>\n\u00ab\u00a0En Afrique, il y a 0,003% de la population qui est vaccin\u00e9e. Il faudra attendre 2022 pour que seulement une faible partie de la population africaine soit vaccin\u00e9e.\u00a0\u00bb<br \/>\n\u00ab\u00a0Il y a un probl\u00e8me \u00e9thique d\u2019in\u00e9galit\u00e9s entre les pays et les citoyens du monde mais c\u2019est aussi un probl\u00e8me pour les pays riches parce qu\u2019en laissant des pans entiers de la population mondiale non vaccin\u00e9e, on court le risque de d\u00e9velopper un nouveau variant qui pourrait \u00eatre r\u00e9sistant au vaccin et qui pourrait contaminer tout le monde.\u00a0\u00bb<br \/>\n\u00ab\u00a0Il est dans l\u2019int\u00e9r\u00eat de tous d\u2019avoir un acc\u00e8s global aux vaccins.\u00a0\u00bb<br \/>\n\u00ab\u00a0Des firmes, Pfizer, BioNTech, AstraZeneca ou Moderna, ont d\u00e9velopp\u00e9 des vaccins au cours de l\u2019ann\u00e9e 2021 avec beaucoup d\u2019aides publiques (pour Moderna, cela a \u00e9t\u00e9 financ\u00e9 \u00e0 quasiment 100% par des fonds publics) mais elles ont d\u00e9velopp\u00e9 des brevets \u00e0 des fins commerciales pour pouvoir bloquer l\u2019utilisation, la production, la commercialisation ou des recherches suppl\u00e9mentaires qui seraient faites par d\u2019autres firmes dans d\u2019autres r\u00e9gions du monde et qui pourraient en produire !\u00a0\u00bb<br \/>\n\u00ab\u00a0Les pays riches, depuis octobre \u00e0 l\u2019OMC o\u00f9 tous les pays du monde sont repr\u00e9sent\u00e9s, disent \u201ccirculez, y\u2019a rien \u00e0 voir, on ne l\u00e8vera pas les brevets\u201d.\u00a0\u00bb<\/p>\n<p><em>\u00a0<strong>Sur les blocages \u00e0 la lev\u00e9e des brevets sur les vaccins<\/em>\u00a0<\/strong><br \/>\n\u00ab\u00a0Les blocages qui existent depuis octobre dernier sur la lev\u00e9e des vaccins me font penser aux discussions et aux d\u00e9bats houleux lors de l\u2019\u00e9pid\u00e9mie de SIDA : des laboratoires pharmaceutiques dans les pays du Nord ont d\u00e9velopp\u00e9 des traitements contre le SIDA et des pays comme l\u2019Afrique du Sud et l\u2019Inde qui disaient pouvoir produire ces traitements 100 fois moins cher &#8211; et sauver des millions de vies. Mais les pays du Nord voulaient b\u00e9n\u00e9ficier des retomb\u00e9es \u00e9conomiques du travail fourni pour la recherche\u2026\u00a0\u00bb<br \/>\n\u00ab\u00a0Il y a eu le d\u00e9veloppement au d\u00e9but des ann\u00e9es 2000 d\u2019un cadre \u00e0 l\u2019OMC.\u00a0Mais il ne suffit pas.\u00a0\u00bb<br \/>\n\u00ab\u00a0Certains brevets ont \u00e9t\u00e9 lev\u00e9s [au moment de l\u2019\u00e9pid\u00e9mie de SIDA] mais de fa\u00e7on tr\u00e8s sp\u00e9cifique, sur certains produits, dans certains pays.\u00a0Mais ce n\u2019est pas ce qui est demand\u00e9 pour les vaccins contre le Covid car cela mettrait les pays en voie de d\u00e9veloppement \u00e0 risque de batailles juridiques\u2026\u00a0\u00bb<br \/>\n\u00ab\u00a0Les pays \u00e9mergents demandent la lev\u00e9e sur tout le mat\u00e9riel m\u00e9dical, sur tous les traitements, sur tous les vaccins pendant la p\u00e9riode de la pand\u00e9mie. C\u2019est quelque chose de nouveau mais les pays riches y auraient tout int\u00e9r\u00eat parce qu\u2019il y a aujourd\u2019hui, pas assez de vaccins produits dans le monde.\u00a0\u00bb<br \/>\n\u00ab\u00a0Acc\u00e9der \u00e0 la demande de lev\u00e9e des brevets des pays pauvres, ca ne veut pas dire moins de vaccins en Europe ou aux Etats-Unis. Ca veut juste dire plus de vaccins dans le monde.\u00a0\u00bb<\/p>\n<p><em>\u00a0<strong>Sur le r\u00f4le de la France dans le blocage de la lev\u00e9e des vaccins<\/em>\u00a0<\/strong><br \/>\n\u00ab\u00a0En France, il y a des capacit\u00e9s de production qui ne sont pas utilis\u00e9es, tout comme dans les pays \u00e9mergents.\u00a0\u00bb<br \/>\n\u00ab\u00a0La France n\u2019a pas une place marginale en Europe et c\u2019est l\u2019Europe qui n\u00e9gocie \u00e0 l\u2019OMC pour les 27.\u00a0\u00bb<br \/>\n\u00ab\u00a0La France s\u2019est engag\u00e9e \u00e0 faire du vaccin un bien public mondial. Il faut mettre en rapport nos actes avec nos paroles.\u00a0\u00bb<\/p>\n<p><em>\u00a0<strong>Sur l\u2019app\u00e2t du gain dans le blocage de la lev\u00e9e des vaccins<\/em>\u00a0<\/strong><br \/>\n\u00ab\u00a0Un des arguments des d\u00e9tracteurs de la lev\u00e9e des brevets, c\u2019est de dire qu\u2019on va casser le march\u00e9 car il n\u2019y aura plus d\u2019investissements par les firmes qui ont fait des travaux exceptionnels qui les ont juste faits parce que derri\u00e8re, elles savaient qu\u2019elles auraient ces profits.\u00a0\u00bb<br \/>\n\u00ab\u00a0Pfizer a d\u00e9j\u00e0 annonc\u00e9 15 milliards de dollars de revenus avec toutes les dividendes qui vont avec.\u00a0\u00bb<br \/>\n\u00ab\u00a0Est-ce que toutes les personnes qui travaillent dans les firmes pharmaceutiques s\u2019arr\u00eateraient de travailler d\u00e8s lors que les droits de propri\u00e9t\u00e9 de ces firmes seraient lev\u00e9s ?\u00a0\u00bb<br \/>\n\u00ab\u00a0Les vaccins \u00e0 ARN messager n\u2019apparaissent pas en 2021 : tout est l\u00e0 depuis une dizaine d\u2019ann\u00e9es, financ\u00e9 par la recherche publique.\u00a0Il a juste fallu beaucoup de cash, c\u2019est-\u00e0-dire d\u2019investissement priv\u00e9 notamment, pour les mettre sur le march\u00e9.\u00a0\u00bb<\/p>\n<p><em>\u00a0<strong>Sur l\u2019aspect g\u00e9opolitique de la bataille pour la lev\u00e9e des vaccins<\/em>\u00a0<\/strong><br \/>\n\u00ab\u00a0Aujourd\u2019hui, l\u2019Union europ\u00e9enne et les Etats-Unis bloquent la lev\u00e9e des brevets sur les vaccins face au reste de la plan\u00e8te.\u00a0La Chine est pour la lev\u00e9e des brevets. Peu importe ses raisons, elle va en tirer un b\u00e9n\u00e9fice g\u00e9opolitique.\u00a0\u00bb<br \/>\n\u00ab\u00a0L\u2019Union europ\u00e9enne se tire une balle dans le pied en laissant cette nouvelle g\u00e9opolitique de la lutte contre le Covid au rival syst\u00e9mique qui est la Chine.\u00a0\u00bb<br \/>\n\u00ab\u00a0La demande de l\u2019Afrique du Sud et de l\u2019Inde, co-sign\u00e9e par l\u2019ensemble du groupe les moins avanc\u00e9s en Afrique et d\u2019autres pays dans le monde, c\u2019est que l\u2019ensemble des brevets sur les vaccins mais aussi sur tout le mat\u00e9riel m\u00e9dical.\u00a0\u00bb<br \/>\n\u00ab\u00a0Aujourd\u2019hui, tous les pays \u00e9mergents n\u2019ont pas les capacit\u00e9s de produire. Mais certains les ont : ils pourraient alors produire et revendre \u00e0 d\u2019autres pays mais beaucoup moins cher.\u00a0\u00bb<\/p>\n<p><em>\u00a0<strong>Sur la p\u00e9nurie de vaccins<\/em>\u00a0<\/strong><br \/>\n\u00ab\u00a0La p\u00e9nurie de vaccins que l\u2019on observe aujourd\u2019hui est en partie organis\u00e9e : on d\u00e9cide de ne pas mettre \u00e0 disposition davantage d\u2019outils productifs et de cha\u00eenes de production, de chercheurs et d\u2019ing\u00e9nieurs pour produire ces vaccins.\u00a0\u00bb<br \/>\n\u00ab\u00a0Des pans entiers de l\u2019\u00e9conomie pourrait \u00eatre r\u00e9quisitionn\u00e9s pour produire beaucoup plus vite et vacciner de mani\u00e8re plus importante.\u00a0\u00bb<br \/>\n\u00ab\u00a0S\u2019il y a une lev\u00e9e des brevets sur les vaccins, les perdants seront les actionnaires des laboratoires pharmaceutiques.\u00a0\u00bb<\/p>\n<p><em>\u00a0<strong>Sur le r\u00f4le d\u2019Emmanuel Macron<\/em>\u00a0<\/strong><br \/>\n\u00ab\u00a0Emmanuel Macron fait de l\u2019enfumage : d\u2019un c\u00f4t\u00e9, il dit publiquement que le vaccin est un bien public mondial et de l\u2019autre, il ne porte pas la voix d\u2019une Europe qui arr\u00eaterait de bloquer sur la lev\u00e9e des brevets.\u00a0\u00bb<br \/>\n\u00ab\u00a0Emmanuel Macron essaie de se rattraper en disant qu\u2019il va donner \u00e0 travers le m\u00e9canisme de l\u2019OMS Covax, quelques millions de doses mais cela reste des miettes, de la charit\u00e9. Et une vision anachronique de l\u2019aide : on donne les miettes restantes plut\u00f4t que d\u2019aider les pays partenaires \u00e0 d\u00e9velopper leurs propres capacit\u00e9s d\u2019adaptation.\u00a0\u00bb<div id='gallery-1' class='gallery galleryid-12833 gallery-columns-3 gallery-size-thumbnail'><figure class='gallery-item'>\n\t\t\t<div class='gallery-icon landscape'>\n\t\t\t\t<a href='https:\/\/archives.regards.fr\/wp-content\/uploads\/2021\/03\/capture_d_e_cran_2021-03-16_a_12-84a.46.17.png'><img loading=\"lazy\" decoding=\"async\" width=\"150\" height=\"150\" src=\"https:\/\/archives.regards.fr\/wp-content\/uploads\/2021\/03\/capture_d_e_cran_2021-03-16_a_12-84a.46.17-150x150.png\" class=\"attachment-thumbnail size-thumbnail\" alt=\"capture_d_e_cran_2021-03-16_a_12.46.17.png\" \/><\/a>\n\t\t\t<\/div><\/figure>\n\t\t<\/div>\n<\/p>\n","protected":false},"excerpt":{"rendered":"<p>De plus en plus de voix s&#8217;\u00e9l\u00e8vent de par le monde pour demander la lev\u00e9e des brevets sur les vaccins contre le Covid-19. L&#8217;une d&#8217;elle est Lucas Chancel, \u00e9conomiste et co-directeur du laboratoire sur les in\u00e9galit\u00e9s mondiales \u00e0 l&#8217;\u00c9cole d&#8217;\u00e9conomie de Paris. Il est l&#8217;invit\u00e9 de #LaMidinale.<\/p>\n","protected":false},"author":1204,"featured_media":30387,"comment_status":"open","ping_status":"open","sticky":false,"template":"","format":"standard","meta":{"_themeisle_gutenberg_block_has_review":false,"footnotes":""},"categories":[238],"tags":[293],"class_list":["post-12833","post","type-post","status-publish","format-standard","has-post-thumbnail","hentry","category-la-midinale","tag-entretien"],"_links":{"self":[{"href":"https:\/\/archives.regards.fr\/index.php?rest_route=\/wp\/v2\/posts\/12833","targetHints":{"allow":["GET"]}}],"collection":[{"href":"https:\/\/archives.regards.fr\/index.php?rest_route=\/wp\/v2\/posts"}],"about":[{"href":"https:\/\/archives.regards.fr\/index.php?rest_route=\/wp\/v2\/types\/post"}],"author":[{"embeddable":true,"href":"https:\/\/archives.regards.fr\/index.php?rest_route=\/wp\/v2\/users\/1204"}],"replies":[{"embeddable":true,"href":"https:\/\/archives.regards.fr\/index.php?rest_route=%2Fwp%2Fv2%2Fcomments&post=12833"}],"version-history":[{"count":0,"href":"https:\/\/archives.regards.fr\/index.php?rest_route=\/wp\/v2\/posts\/12833\/revisions"}],"wp:featuredmedia":[{"embeddable":true,"href":"https:\/\/archives.regards.fr\/index.php?rest_route=\/wp\/v2\/media\/30387"}],"wp:attachment":[{"href":"https:\/\/archives.regards.fr\/index.php?rest_route=%2Fwp%2Fv2%2Fmedia&parent=12833"}],"wp:term":[{"taxonomy":"category","embeddable":true,"href":"https:\/\/archives.regards.fr\/index.php?rest_route=%2Fwp%2Fv2%2Fcategories&post=12833"},{"taxonomy":"post_tag","embeddable":true,"href":"https:\/\/archives.regards.fr\/index.php?rest_route=%2Fwp%2Fv2%2Ftags&post=12833"}],"curies":[{"name":"wp","href":"https:\/\/api.w.org\/{rel}","templated":true}]}}