{"id":12829,"date":"2021-03-15T10:49:41","date_gmt":"2021-03-15T09:49:41","guid":{"rendered":"https:\/\/wp.muchomaas.com\/article-denis-gravouil-madame-la-ministre-de-la-culture-il-faut-un-plan-d-adaptation-de\/"},"modified":"2023-06-24T00:12:49","modified_gmt":"2023-06-23T22:12:49","slug":"article-denis-gravouil-madame-la-ministre-de-la-culture-il-faut-un-plan-d-adaptation-de","status":"publish","type":"post","link":"https:\/\/archives.regards.fr\/?p=12829","title":{"rendered":"Denis Gravouil : \u00ab Madame la ministre de la Culture, il faut un plan d\u2019adaptation de la politique culturelle ! \u00bb"},"content":{"rendered":"<p class=\"post_excerpt\">Plus d&#8217;une trentaine de th\u00e9\u00e2tres sont occup\u00e9s \u00e0 travers la France pour demander, entre autres, la r\u00e9ouverture des lieux culturels et la prolongation de l&#8217;ann\u00e9e blanche pour les intermittents du spectacle. Denis Gravouil, secr\u00e9taire g\u00e9n\u00e9ral de la CGT-Spectacle, est l&#8217;invit\u00e9 de #LaMidinale.<\/p>\n<h2>UNE MIDINALE \u00c0 VOIR&#8230;<\/h2>\n<p><iframe loading=\"lazy\" width=\"490\" height=\"276\" src=\"https:\/\/www.youtube.com\/embed\/mOrZPks-XY4\" frameborder=\"0\" allow=\"accelerometer; autoplay; clipboard-write; encrypted-media; gyroscope; picture-in-picture\" allowfullscreen><\/iframe><\/p>\n<p>&nbsp;<\/p>\n<p><h2>ET \u00c0 LIRE&#8230;<\/h2>\n<p><em>\u00a0<strong>Sur la c\u00e9r\u00e9monie des C\u00e9sar<\/em>\u00a0<\/strong><br \/>\n\u00ab\u00a0Il fallait qu\u2019on soit l\u00e0 parce que le milieu culturel est tr\u00e8s d\u00e9prim\u00e9.\u00a0\u00bb<br \/>\n\u00ab\u00a0La direction des C\u00e9sar voulait qu\u2019on soit cantonn\u00e9s \u00e0 un r\u00f4le de figurants dans l\u2019entr\u00e9e et nous, on a dit qu\u2019on ne viendrait pas s\u2019il n\u2019y avait pas une prise de parole. \u00bb<br \/>\n\u00ab\u00a0Les C\u00e9sar ont connu leurs plus basses audiences.\u00a0\u00bb<br \/>\n\u00ab\u00a0On a quand m\u00eame pu parler devant 1,6 millions de personnes ce qui nous aide \u00e0 encourager le mouvement d\u2019occupation des th\u00e9\u00e2tres qui est tr\u00e8s important.\u00a0\u00bb<\/p>\n<p><em>\u00a0<strong>Sur les discussions avec la ministre\u00a0<\/em>\u00a0<\/strong><br \/>\n\u00ab\u00a0Il y a un dialogue parce qu\u2019il y a des contacts avec les conseillers de la ministre.\u00a0\u00bb<br \/>\n\u00ab\u00a0Les annonces soit disant substantielles du Premier ministre se r\u00e9sument \u00e0 dire qu\u2019on a rajout\u00e9 20 millions d\u2019euros aux 30 millions d\u2019euros du plan de relance. Donc si on est large, \u00e7a fait 50 millions d\u2019euros ce qui ne suffira pas \u00e0 faire un volume d\u2019emplois qui approche de ce qu\u2019on demande.\u00a0\u00bb<br \/>\n\u00ab\u00a0L\u2019activit\u00e9 partielle, qui a \u00e9t\u00e9 la mesure phare du gouvernement pour permettre le maintien de l\u2019emploi, n\u2019a pas march\u00e9 pour maintenir l\u2019emploi des intermittents du spectacle, des artistes et des techniciens.\u00a0\u00bb<br \/>\n\u00ab\u00a0Il faut un budget sp\u00e9cial : il faut la m\u00eame chose que l\u2019activit\u00e9 partielle mais pour pouvoir travailler dans le spectacle.\u00a0\u00bb<br \/>\n\u00ab\u00a0On est en train de chiffrer la perte de volume d\u2019emploi et de masse salariale entre 2019 et 2021.\u00a0\u00bb<br \/>\n\u00ab\u00a0Quand on va rouvrir les th\u00e9\u00e2tres, il faut qu\u2019on puisse d\u00e9finir les formes artistiques \u00e0 pr\u00e9senter.\u00a0Les directeurs de salles disent qu\u2019il va y avoir un embouteillage et qu\u2019ils n\u2019accepteront pas les spectacles nouveaux. \u00bb<br \/>\n\u00ab\u00a0Une ministre de la culture digne de ce nom devrait imaginer un plan d\u2019adaptation de la politique culturelle.\u00a0\u00bb<\/p>\n<p><em>\u00a0<strong>Sur la prolongation de l\u2019ann\u00e9e blanche<\/em>\u00a0<\/strong><br \/>\n\u00ab\u00a0La premi\u00e8re ann\u00e9e blanche pour les intermittents du spectacle s\u2019arr\u00eate au 31 ao\u00fbt 2021.\u00a0Il faut une nouvelle prolongation &#8211; et pas au rabais. On estime qu\u2019au 31 ao\u00fbt que 50% des artistes et un tiers des techniciens qui vont se retrouver sans rien. \u00bb<br \/>\n\u00ab\u00a0Au 1er juillet, le gouvernement a d\u00e9cid\u00e9 qu\u2019on allait baisser les droits des ch\u00f4meurs donc tous ceux qui travaillent dans le milieu culturel mais qui ne b\u00e9n\u00e9ficient pas du statut des intermittents du spectacle ne vont pas voir leurs droits prolong\u00e9s mais en plus on va leur baisser leurs droits.\u00a0On est solidaires. \u00bb<br \/>\n\u00ab\u00a0Tout le monde veut des droits pour toutes et tous et il n\u2019y a pas de raison de laisser tomber des coll\u00e8gues de travail.\u00a0\u00bb<\/p>\n<p><em>\u00a0<strong>Sur la d\u00e9sob\u00e9issance civile et la r\u00e9ouverture des th\u00e9\u00e2tres<\/em>\u00a0<\/strong><br \/>\n\u00ab\u00a0Les th\u00e9\u00e2tres sont ferm\u00e9s au public mais \u00e7a ne veut pas dire qu\u2019ils ne fonctionnent pas : \u00e0 l\u2019Od\u00e9on, il y a une pi\u00e8ce qui devait se jouer \u00e0 partir du 19 mars et qui ne pourra pas jouer avant un an mais dont l\u2019\u00e9quipe travaille.\u00a0\u00bb<br \/>\n\u00ab\u00a0Il n\u2019y a pas de rencontre avec le public mais il y a du travail quand m\u00eame.\u00a0\u00bb<br \/>\n\u00ab\u00a0On se bat pour \u00eatre pay\u00e9 lorsque l\u2019on travaille : jouer gratuitement en rouvrant au public, \u00e7a ne passe dans les d\u00e9bats dans les AG.\u00a0On veut r\u00e9ouvrir en \u00e9tant pay\u00e9.\u00a0\u00bb<\/p>\n<p><em>\u00a0<strong>Sur la d\u00e9mocratisation culturelle<\/em>\u00a0<\/strong><br \/>\n\u00ab\u00a0Le public qui va \u00e0 l\u2019Od\u00e9on, ce n\u2019est pas forc\u00e9ment toutes les franges de la population.\u00a0\u00bb<br \/>\n\u00ab\u00a0Il faut une troisi\u00e8me d\u00e9centralisation.\u00a0\u00bb<br \/>\n\u00ab\u00a0Rappelons Jean Vilar et son Th\u00e9\u00e2tre national populaire : il voulait la culture \u00e9litiste pour tous.\u00a0\u00bb<br \/>\n\u00ab\u00a0La d\u00e9mocratisation peut \u00eatre port\u00e9e dans l\u2019id\u00e9e du d\u00e9sembouteillage. On peut aller aupr\u00e8s des quartiers avec des chapiteaux et autres si un vrai travail de service public sur la m\u00e9diation est fait.\u00a0C\u2019est le contraire de ce que fait ce gouvernement qui file tout au priv\u00e9.\u00a0\u00bb<br \/>\n\u00ab\u00a0Avant la crise, le gouvernement avait mis au point le Pass Culture qui est une catastrophe d\u00e9magogique : on file 500 euros aux jeunes pour que, via une application, ils voient ce qu\u2019il y a \u00e0 c\u00f4t\u00e9 de chez eux. Le r\u00e9sultat, c\u2019est que les jeunes ne d\u00e9pensent m\u00eame pas les 500 euros ou bien, au mieux, guid\u00e9s par l\u2019application, ils ach\u00e8tent un instrument de musique qu\u2019ils revendent. Il n\u2019y a pas de m\u00e9diation donc ils ne vont pas pousser la porte d\u2019un th\u00e9\u00e2tre.\u00a0\u00bb<\/p>\n<p><em>\u00a0<strong>Sur le corporatisme suppos\u00e9 des intermittents du spectacle<\/em>\u00a0<\/strong><br \/>\n\u00ab\u00a0On sait qu\u2019on ne peut pas se sauver tout seul.\u00a0\u00bb<br \/>\n\u00ab\u00a0Les gens nous appellent et nous laissent des messages pour nous dire qu\u2019on leur a redonn\u00e9 la joie &#8211; ce qui est un peu le r\u00f4le du spectacle.\u00a0\u00bb<br \/>\n\u00ab\u00a0Qu\u2019est-ce que ce gouvernement a pr\u00e9serv\u00e9 avec ses mesures pour l\u2019\u00e9conomie et les 42 milliards pour l\u2019activit\u00e9 partielle ? Il a pr\u00e9serv\u00e9 les rapports marchands &#8211; et pas les rapports de convivialit\u00e9, de partage et d\u2019\u00e9changes qui sont, entre autres, la culture.\u00a0\u00bb<div id='gallery-1' class='gallery galleryid-12829 gallery-columns-3 gallery-size-thumbnail'><figure class='gallery-item'>\n\t\t\t<div class='gallery-icon landscape'>\n\t\t\t\t<a href='https:\/\/archives.regards.fr\/wp-content\/uploads\/2021\/03\/capture_d_e_cran_2021-03-15_a_10-b13.40.18.png'><img loading=\"lazy\" decoding=\"async\" width=\"150\" height=\"150\" src=\"https:\/\/archives.regards.fr\/wp-content\/uploads\/2021\/03\/capture_d_e_cran_2021-03-15_a_10-b13.40.18-150x150.png\" class=\"attachment-thumbnail size-thumbnail\" alt=\"capture_d_e_cran_2021-03-15_a_10.40.18.png\" \/><\/a>\n\t\t\t<\/div><\/figure>\n\t\t<\/div>\n<\/p>\n","protected":false},"excerpt":{"rendered":"<p>Plus d&#8217;une trentaine de th\u00e9\u00e2tres sont occup\u00e9s \u00e0 travers la France pour demander, entre autres, la r\u00e9ouverture des lieux culturels et la prolongation de l&#8217;ann\u00e9e blanche pour les intermittents du spectacle. Denis Gravouil, secr\u00e9taire g\u00e9n\u00e9ral de la CGT-Spectacle, est l&#8217;invit\u00e9 de #LaMidinale.<\/p>\n","protected":false},"author":1204,"featured_media":30381,"comment_status":"open","ping_status":"open","sticky":false,"template":"","format":"standard","meta":{"_themeisle_gutenberg_block_has_review":false,"footnotes":""},"categories":[238],"tags":[293],"class_list":["post-12829","post","type-post","status-publish","format-standard","has-post-thumbnail","hentry","category-la-midinale","tag-entretien"],"_links":{"self":[{"href":"https:\/\/archives.regards.fr\/index.php?rest_route=\/wp\/v2\/posts\/12829","targetHints":{"allow":["GET"]}}],"collection":[{"href":"https:\/\/archives.regards.fr\/index.php?rest_route=\/wp\/v2\/posts"}],"about":[{"href":"https:\/\/archives.regards.fr\/index.php?rest_route=\/wp\/v2\/types\/post"}],"author":[{"embeddable":true,"href":"https:\/\/archives.regards.fr\/index.php?rest_route=\/wp\/v2\/users\/1204"}],"replies":[{"embeddable":true,"href":"https:\/\/archives.regards.fr\/index.php?rest_route=%2Fwp%2Fv2%2Fcomments&post=12829"}],"version-history":[{"count":0,"href":"https:\/\/archives.regards.fr\/index.php?rest_route=\/wp\/v2\/posts\/12829\/revisions"}],"wp:featuredmedia":[{"embeddable":true,"href":"https:\/\/archives.regards.fr\/index.php?rest_route=\/wp\/v2\/media\/30381"}],"wp:attachment":[{"href":"https:\/\/archives.regards.fr\/index.php?rest_route=%2Fwp%2Fv2%2Fmedia&parent=12829"}],"wp:term":[{"taxonomy":"category","embeddable":true,"href":"https:\/\/archives.regards.fr\/index.php?rest_route=%2Fwp%2Fv2%2Fcategories&post=12829"},{"taxonomy":"post_tag","embeddable":true,"href":"https:\/\/archives.regards.fr\/index.php?rest_route=%2Fwp%2Fv2%2Ftags&post=12829"}],"curies":[{"name":"wp","href":"https:\/\/api.w.org\/{rel}","templated":true}]}}