{"id":12824,"date":"2021-03-12T11:41:47","date_gmt":"2021-03-12T10:41:47","guid":{"rendered":"https:\/\/wp.muchomaas.com\/article-elisa-da-silva-et-arthur-vacher-le-combat-pour-adama-traore-est-en-train-de\/"},"modified":"2023-06-24T00:12:39","modified_gmt":"2023-06-23T22:12:39","slug":"article-elisa-da-silva-et-arthur-vacher-le-combat-pour-adama-traore-est-en-train-de","status":"publish","type":"post","link":"https:\/\/archives.regards.fr\/?p=12824","title":{"rendered":"\u00c9lisa Da Silva et Arthur Vacher : \u00ab Le combat pour Adama Traor\u00e9 est en train de changer la soci\u00e9t\u00e9 \u00bb"},"content":{"rendered":"<p class=\"post_excerpt\">Apr\u00e8s dix \u00e9pisodes, le podcast \u00ab Projet Adama \u00bb prend fin ce vendredi 12 mars. Mais la lutte continue pour \u00c9lisa Da Silva et Arthur Vacher qui restent au c\u00f4t\u00e9 d\u2019Assa Traor\u00e9 pour que la v\u00e9rit\u00e9 et la justice soient rendues \u00e0 Adama Traor\u00e9. Ils sont les invit\u00e9s de #LaMidinale.<\/p>\n<h2>UNE MIDINALE \u00c0 VOIR&#8230;<\/h2>\n<p><iframe loading=\"lazy\" width=\"490\" height=\"276\" src=\"https:\/\/www.youtube.com\/embed\/GG8fSTYYuPE\" frameborder=\"0\" allow=\"accelerometer; autoplay; clipboard-write; encrypted-media; gyroscope; picture-in-picture\" allowfullscreen><\/iframe><\/p>\n<p>&nbsp;<\/p>\n<p>\n<strong>\u00c9COUTEZ LE PODCAST SUR REGARDS.FR<br \/>\n>><\/strong> <em><a href=\"https:\/\/wp.muchomaas.com\/nos-podcasts\/article\/podcast-projet-adama-episode-5-almamy-kanoute\">Projet Adama, \u00e9pisode 10 : Assa Traor\u00e9<\/a><\/em><\/p>\n<p>&nbsp;<\/p>\n<p><h2>ET \u00c0 LIRE&#8230;<\/h2>\n<p><em>\u00a0<strong>Sur l\u2019acharnement judiciaire et la stigmatisation politique<\/em>\u00a0<\/strong><br \/>\n\u00ab\u00a0Ce qui se joue c\u2019est plus que la r\u00e9alit\u00e9, c\u2019est la repr\u00e9sentation de la r\u00e9alit\u00e9.\u00a0\u00bb<br \/>\n\u00ab\u00a0On lutte contre l\u2019oubli et c\u2019est ce qu\u2019on essaie de partager \u00e0 travers notre documentaire.\u00a0\u00bb<br \/>\n\u00ab\u00a0Dans ce combat-l\u00e0, il y a la volont\u00e9 de revenir \u00e0 quelque\u00a0chose\u00a0de plus juste.\u00a0\u00bb<br \/>\n\u00ab\u00a0Ceux qui \u00e9taient stigmatis\u00e9s sans avoir leur place dans l\u2019espace public sont en train de prendre leur place et \u00e7a engendre n\u00e9cessairement des r\u00e9actions violentes de la part des dominants.\u00a0\u00bb<br \/>\n\u00ab\u00a0C\u2019est important de nommer les gens parce que \u00e7a les humanise. Dans l\u2019affaire Michel Zecler, on parlait du producteur de musique sans jamais lui donner un nom.\u00a0Comme s\u2019il n\u2019existait pas. \u00bb<\/p>\n<p><em>\u00a0<strong>Sur ce qu\u2019a apport\u00e9 le combat d\u2019Assa Traor\u00e9 dans la soci\u00e9t\u00e9\u00a0<\/em>\u00a0<\/strong><br \/>\n\u00ab\u00a0Le combat pour Adama Traor\u00e9 est en train de changer la soci\u00e9t\u00e9.\u00a0\u00bb<br \/>\n\u00ab\u00a0Le combat pour Adama Traor\u00e9 a eu des r\u00e9percussions dans diff\u00e9rents champs : le cin\u00e9ma, le monde universitaire, la litt\u00e9rature.\u00a0\u00bb<br \/>\n\u00ab\u00a0Cette lutte est en train de se faire.\u00a0\u00bb<br \/>\n\u00ab\u00a0On interroge de plus en plus l\u2019imaginaire des policiers qui consiste \u00e0 identifier des personnes non pas comme des personnes mais comme des corps noirs.\u00a0\u00bb<br \/>\n\u00ab\u00a0Le racisme d\u00e9coule de la colonisation et de l\u2019esclavage : c\u2019est une histoire mondiale.\u00a0\u00bb<br \/>\n\u00ab\u00a0Tant qu\u2019on ne prendra pas en compte que nous sommes le fruit d\u2019une histoire et qu\u2019il y a eu l\u2019histoire de l\u2019esclavage et de la colonisation &#8211; qui a impliqu\u00e9 plusieurs pays dont la France a eu une place centrale &#8211; on ne pourra pas se confronter aux probl\u00e8mes actuels et auxquels la France doit faire face.\u00a0\u00bb<\/p>\n<p><em>\u00a0<strong>Sur la perception du combat d\u2019Assa Traor\u00e9\u00a0<\/em>\u00a0<\/strong><br \/>\n\u00ab\u00a0Les m\u00e9dias se font ailleurs qu\u2019\u00e0 la t\u00e9l\u00e9vision.\u00a0\u00bb<br \/>\n\u00ab\u00a0Les m\u00e9dias mainstream sont institutionnalis\u00e9s et ne sont pas au plus pr\u00e8s de la r\u00e9alit\u00e9.\u00a0C\u2019est pour \u00e7a qu\u2019on a choisi le format podcast. \u00bb<br \/>\n\u00ab\u00a0Il y a eu \u00e0 gauche un gros changement sur le combat port\u00e9 par Assa Traor\u00e9.\u00a0\u00bb<br \/>\n\u00ab\u00a0Il y a aujourd\u2019hui une prise de conscience et dans le cadre de la prochaine pr\u00e9sidentielle, l\u2019enjeu des violences polici\u00e8res et du racisme deviendra central. \u00c7a fera partie des d\u00e9bats.\u00a0\u00bb<\/p>\n<p><em>\u00a0<strong>Sur l\u2019avenir du Projet Adama<\/em>\u00a0<\/strong><br \/>\n\u00ab\u00a0On r\u00e9fl\u00e9chit \u00e0 poursuivre ce projet parce qu\u2019on sait qu\u2019\u00e0 travers le podcast, les artistes, les intellectuels et d\u2019autres permettent de constituer une communaut\u00e9 d\u2019actions efficaces en politique.\u00a0\u00bb<br \/>\n\u00ab\u00a0On en a pas fini.\u00a0\u00bb<br \/>\n\u00ab\u00a0Il faut toujours faire preuve d\u2019imagination pour trouver des formes de luttes plus efficaces et qu\u2019elles soient les plus accessibles et innovantes possible.\u00a0\u00bb<div id='gallery-1' class='gallery galleryid-12824 gallery-columns-3 gallery-size-thumbnail'><figure class='gallery-item'>\n\t\t\t<div class='gallery-icon landscape'>\n\t\t\t\t<a href='https:\/\/archives.regards.fr\/wp-content\/uploads\/2021\/03\/capture_d_e_cran_2021-03-12_a_11-381.16.26.png'><img loading=\"lazy\" decoding=\"async\" width=\"150\" height=\"150\" src=\"https:\/\/archives.regards.fr\/wp-content\/uploads\/2021\/03\/capture_d_e_cran_2021-03-12_a_11-381.16.26-150x150.png\" class=\"attachment-thumbnail size-thumbnail\" alt=\"capture_d_e_cran_2021-03-12_a_11.16.26.png\" \/><\/a>\n\t\t\t<\/div><\/figure>\n\t\t<\/div>\n<\/p>\n","protected":false},"excerpt":{"rendered":"<p>Apr\u00e8s dix \u00e9pisodes, le podcast \u00ab Projet Adama \u00bb prend fin ce vendredi 12 mars. Mais la lutte continue pour \u00c9lisa Da Silva et Arthur Vacher qui restent au c\u00f4t\u00e9 d\u2019Assa Traor\u00e9 pour que la v\u00e9rit\u00e9 et la justice soient rendues \u00e0 Adama Traor\u00e9. Ils sont les invit\u00e9s de #LaMidinale.<\/p>\n","protected":false},"author":1039,"featured_media":30362,"comment_status":"open","ping_status":"open","sticky":false,"template":"","format":"standard","meta":{"_themeisle_gutenberg_block_has_review":false,"footnotes":""},"categories":[238],"tags":[],"class_list":["post-12824","post","type-post","status-publish","format-standard","has-post-thumbnail","hentry","category-la-midinale"],"_links":{"self":[{"href":"https:\/\/archives.regards.fr\/index.php?rest_route=\/wp\/v2\/posts\/12824","targetHints":{"allow":["GET"]}}],"collection":[{"href":"https:\/\/archives.regards.fr\/index.php?rest_route=\/wp\/v2\/posts"}],"about":[{"href":"https:\/\/archives.regards.fr\/index.php?rest_route=\/wp\/v2\/types\/post"}],"author":[{"embeddable":true,"href":"https:\/\/archives.regards.fr\/index.php?rest_route=\/wp\/v2\/users\/1039"}],"replies":[{"embeddable":true,"href":"https:\/\/archives.regards.fr\/index.php?rest_route=%2Fwp%2Fv2%2Fcomments&post=12824"}],"version-history":[{"count":0,"href":"https:\/\/archives.regards.fr\/index.php?rest_route=\/wp\/v2\/posts\/12824\/revisions"}],"wp:featuredmedia":[{"embeddable":true,"href":"https:\/\/archives.regards.fr\/index.php?rest_route=\/wp\/v2\/media\/30362"}],"wp:attachment":[{"href":"https:\/\/archives.regards.fr\/index.php?rest_route=%2Fwp%2Fv2%2Fmedia&parent=12824"}],"wp:term":[{"taxonomy":"category","embeddable":true,"href":"https:\/\/archives.regards.fr\/index.php?rest_route=%2Fwp%2Fv2%2Fcategories&post=12824"},{"taxonomy":"post_tag","embeddable":true,"href":"https:\/\/archives.regards.fr\/index.php?rest_route=%2Fwp%2Fv2%2Ftags&post=12824"}],"curies":[{"name":"wp","href":"https:\/\/api.w.org\/{rel}","templated":true}]}}