{"id":12820,"date":"2021-03-10T12:59:25","date_gmt":"2021-03-10T11:59:25","guid":{"rendered":"https:\/\/wp.muchomaas.com\/article-marie-christine-vergiat-l-expulsion-des-jeunes-majeurs-etrangers-est-un-gachis\/"},"modified":"2023-06-24T00:12:32","modified_gmt":"2023-06-23T22:12:32","slug":"article-marie-christine-vergiat-l-expulsion-des-jeunes-majeurs-etrangers-est-un-gachis","status":"publish","type":"post","link":"https:\/\/archives.regards.fr\/?p=12820","title":{"rendered":"Marie-Christine Vergiat : \u00ab L\u2019expulsion des jeunes majeurs \u00e9trangers est un g\u00e2chis social et humain \u00bb"},"content":{"rendered":"<p class=\"post_excerpt\">Pr\u00e8s de 70 organisations, dont la LDH, viennent de lancer un appel en faveur de la r\u00e9gularisation des jeunes majeurs \u00e9trangers qui re\u00e7oivent une obligation de quitter le territoire fran\u00e7ais (OQTF) quand ils atteignent la majorit\u00e9. Marie-Christine Vergiat, ancienne eurod\u00e9put\u00e9e et vice-pr\u00e9sidente de la LDH, est l\u2019invit\u00e9e de #LaMidinale\u200b.<\/p>\n<h2>UNE MIDINALE \u00c0 VOIR&#8230;<\/h2>\n<p><iframe loading=\"lazy\" width=\"490\" height=\"276\" src=\"https:\/\/www.youtube.com\/embed\/4V275_mV4fU\" frameborder=\"0\" allow=\"accelerometer; autoplay; clipboard-write; encrypted-media; gyroscope; picture-in-picture\" allowfullscreen><\/iframe><\/p>\n<p>&nbsp;<\/p>\n<p><h2>ET \u00c0 LIRE&#8230;<\/h2>\n<p><em>\u00a0<strong>\u00c0 propos du rapport sur mineurs non accompagn\u00e9s et la d\u00e9linquance<\/em>\u00a0<\/strong><br \/>\n\u00ab\u00a0On parle comme toujours quand il est question des \u00e9trangers avec d\u2019\u00e9normes pr\u00e9jug\u00e9s, comme si les \u00e9trangers constituaient un groupe homog\u00e8ne.\u00a0\u00bb<br \/>\n\u00ab\u00a0Il y a une incoh\u00e9rence dans le rapport parce qu\u2019il dit qu\u2019on ne sait pas combien il existe en France de mineurs non accompagn\u00e9s mais on sait dire que 10% d\u2019entre eux sont concern\u00e9s par des faits de d\u00e9linquance.\u00a0\u00bb<br \/>\n\u00ab\u00a0Tout mineur doit d\u2019abord \u00eatre consid\u00e9r\u00e9 comme un mineur : on n\u2019a pas \u00e0 lui demander son \u00e2ge ou sa nationalit\u00e9.\u00a0\u00bb<br \/>\n\u00ab\u00a0Un mineur doit \u00eatre pris en charge dans de bonnes conditions si l\u2019on veut \u00e9viter qu\u2019il s\u2019\u00e9gare sur des mauvais chemins que peuvent \u00eatre la d\u00e9linquance ou la toxicomanie.\u00a0\u00bb<\/p>\n<p><em>\u00a0<strong>Sur la prise en charge des mineurs non accompagn\u00e9s <\/em>\u00a0<\/strong><br \/>\n\u00ab\u00a0Quand des jeunes ne sont pas pris en charge correctement, ils basculent n\u00e9cessairement dans la pr\u00e9carit\u00e9.\u00a0\u00bb<br \/>\n\u00ab\u00a0La pr\u00e9carit\u00e9 peut conduire \u00e0 la d\u00e9linquance. Il faut rappeler qu\u2019il y a des d\u00e9linquances qui sont plus visibles que d\u2019autres.\u00a0\u00bb<br \/>\n\u00ab\u00a0Qu\u2019ils soient \u00e9trangers ou non, il faut prendre en charge les jeunes mineurs. Et il faut arr\u00eater de pointer les \u00e9trangers comme une cat\u00e9gorie \u00e0 part.\u00a0Il n\u2019y a que comme \u00e7a qu\u2019on apaisera le d\u00e9bat public. \u00bb<br \/>\n\u00ab\u00a0On est dans une vision des choses qui est x\u00e9nophobes.\u00a0\u00bb<br \/>\n\u00ab\u00a0Il faut arr\u00eater de parler de \u2018migrant\u2019, il faut parler d\u2019exiler, c\u2019est-\u00e0-dire des personnes qui sont dans des situations sans statut.\u00a0\u00bb<br \/>\n\u00ab\u00a0Les situations des mineurs non accompagn\u00e9s d\u2019un d\u00e9partement \u00e0 l\u2019autre sont tr\u00e8s diff\u00e9rentes.\u00a0\u00bb<br \/>\n\u00ab\u00a0La scolarisation des mineurs non accompagn\u00e9s est obligatoire mais encore faut-il avoir un domicile et plus encore, un domicile stable.\u00a0\u00bb<br \/>\n\u00ab\u00a0Apr\u00e8s 16 ans, la scolarisation des mineurs non accompagn\u00e9s devient plus difficile puisque l\u2019\u00e9cole n\u2019est plus obligatoire.\u00a0\u00bb<\/p>\n<p><em>\u00a0<strong>Sur la campagne \u201cJeunes \u00e9trangers, sortir de l\u2019impasse\u201d <\/em>\u00a0<\/strong><br \/>\n\u00ab\u00a0On veut en appeler au bon sens.\u00a0\u00bb<br \/>\n\u00ab\u00a0Jusqu\u2019\u00e0 18 ans, les jeunes ne devraient pas pouvoir \u00eatre expuls\u00e9s.\u00a0\u00bb<br \/>\n\u00ab\u00a0Ce qu\u2019on dit au gouvernement, c\u2019est que l\u2019expulsion des ces jeunes est un g\u00e2chis social et humain (\u2026). Ces jeunes ont fait la preuve de leur int\u00e9gration. \u00bb<br \/>\n\u00ab\u00a0On se f\u00e9licite qu\u2019il y ait plus de 70 organisations qui nous aient rejoints.\u00a0\u00bb<\/p>\n<p><em>\u00a0<strong>Sur le consensus sur la r\u00e9gularisation des sans-papiers<\/em>\u00a0<\/strong><br \/>\n\u00ab\u00a0 Au d\u00e9part, le texte \u00e9tait orient\u00e9 juste sur la circulaire Valls de 2012 sur la r\u00e9gularisation des failles, qui, il faut le souligner, de moins en moins appliqu\u00e9e sans qu\u2019on le dise (alors qu\u2019en 2012, on \u00e9tait tous vent debout contre elle mais aujourd\u2019hui, c\u2019est le minimum minimorum).\u00a0\u00bb<br \/>\n\u00ab\u00a0Dans les signataires, il y a des organisations mais il y a aussi 200 personnalit\u00e9s de milieux tr\u00e8s divers.\u00a0\u00bb<br \/>\n\u00ab\u00a0Le challenge, c\u2019est que tout le monde s\u2019empare de la p\u00e9tition.\u00a0\u00bb<br \/>\n\u00ab\u00a0Il faut que les gens soient aussi sensibles aux situations individuelles qu\u2019aux situations g\u00e9n\u00e9rales.\u00a0\u00bb<\/p>\n<p><em>\u00a0<strong>Sur la comparaison de la politique d\u2019Emmanuel Macron vis-\u00e0-vis des exil\u00e9s avec celle de l\u2019extr\u00eame droite <\/em>\u00a0<\/strong><br \/>\n\u00ab\u00a0On pense lutter contre l\u2019extr\u00eame droite en usant de son vocabulaire et de ses propositions.\u00a0\u00bb<br \/>\n\u00ab\u00a0Il faut construire des politiques alternatives.\u00a0\u00bb<br \/>\n\u00ab\u00a0[Sur un deuxi\u00e8me tour Macron \/ Le Pen], j\u2019ai presqu\u2019envie de dire que oui, je vais \u00e0 la piscine.\u00a0\u00bb<br \/>\n\u00ab\u00a0Comme en 1933-34, \u00e0 l\u2019initiative de la Ligue des Droits de l\u2019Homme, l\u2019ensemble de la gauche s\u2019est r\u00e9unie pour construire le programme du Front populaire.\u00a0\u00bb<\/p>\n<p><em>\u00a0<strong>Sur la gauche et les exil\u00e9s<\/em>\u00a0<\/strong><br \/>\n\u00ab\u00a0Tant que la gauche existe encore, tant que les progressistes de notre pays ne mettront pas cette question-l\u00e0 en avant pour montrer que l\u2019\u00e9tranger et l\u2019autre ne sont pas les ennemis, tout le reste passera inaper\u00e7u.\u00a0\u00bb<br \/>\n\u00ab\u00a0La gauche a perdu toute ambition politique au sens noble du terme : si on prend les positions du camp adverse, c\u2019est que l\u2019on n\u2019a plus rien \u00e0 d\u00e9fendre.\u00a0\u00bb<br \/>\n\u00ab\u00a0Les batailles sont perdues d\u2019avance si on ne les m\u00e8ne pas : on est aujourd\u2019hui sur le terrain de l\u2019adversaire avec les mots de l\u2019adversaire donc on perd !\u00a0\u00bb<\/p>\n<p><em>\u00a0<strong>Sur l\u2019Europe et la question migratoire<\/em>\u00a0<\/strong><br \/>\n\u00ab\u00a0L\u2019Europe fait la m\u00eame chose que la France &#8211; et d\u2019ailleurs, la France est tr\u00e8s \u00e0 l\u2019initiative sur les politiques migratoires europ\u00e9ennes.\u00a0\u00bb<br \/>\n\u00ab\u00a0Dans le pacte europ\u00e9en sur les migrations, il y a une mesure dont la France est tr\u00e8s fi\u00e8re : on cr\u00e9e des zones d\u2019attente (ou hotspots) aux fronti\u00e8res de l\u2019Europe, pour faire le tri entre les bons r\u00e9fugi\u00e9s et les mauvais migrants \u00e9conomiques.\u00a0\u00bb<br \/>\n\u00ab Si tout l\u2019argent qui est aujourd\u2019hui consacr\u00e9 \u00e0 la s\u00e9curit\u00e9 des fronti\u00e8res qui ne sert \u00e0 rien sauf \u00e0 faire le jeu des passeurs, \u00e9tait investi autre part, tout irait mieux.\u00a0\u00bb<br \/>\n\u00ab\u00a0En ouvrant les fronti\u00e8res, il y aurait une fluidit\u00e9 de la mobilit\u00e9.\u00a0\u00bb<br \/>\n\u00ab\u00a0On l\u2019a vu au moment de la chute du Mur de Berlin : il y a eu au d\u00e9but un petit appel d\u2019air comme ils disent, mais c\u2019est epsilonien. Apr\u00e8s, les gens vont et viennent.\u00a0\u00bb<br \/>\n\u00ab\u00a0Le nombre d\u2019Europ\u00e9ens qui migrant \u00e0 l\u2019int\u00e9rieur du continent est beaucoup plus grand que celui d\u2019Africains qui migrent ! Mais nous, on a l\u2019habitude de la migration depuis tr\u00e8s longtemps\u2026\u00a0\u00bb<div id='gallery-1' class='gallery galleryid-12820 gallery-columns-3 gallery-size-thumbnail'><figure class='gallery-item'>\n\t\t\t<div class='gallery-icon landscape'>\n\t\t\t\t<a href='https:\/\/archives.regards.fr\/wp-content\/uploads\/2021\/03\/capture_d_e_cran_2021-03-10_a_12-d49.56.51.png'><img loading=\"lazy\" decoding=\"async\" width=\"150\" height=\"150\" src=\"https:\/\/archives.regards.fr\/wp-content\/uploads\/2021\/03\/capture_d_e_cran_2021-03-10_a_12-d49.56.51-150x150.png\" class=\"attachment-thumbnail size-thumbnail\" alt=\"capture_d_e_cran_2021-03-10_a_12.56.51.png\" \/><\/a>\n\t\t\t<\/div><\/figure>\n\t\t<\/div>\n<\/p>\n","protected":false},"excerpt":{"rendered":"<p>Pr\u00e8s de 70 organisations, dont la LDH, viennent de lancer un appel en faveur de la r\u00e9gularisation des jeunes majeurs \u00e9trangers qui re\u00e7oivent une obligation de quitter le territoire fran\u00e7ais (OQTF) quand ils atteignent la majorit\u00e9. Marie-Christine Vergiat, ancienne eurod\u00e9put\u00e9e et vice-pr\u00e9sidente de la LDH, est l\u2019invit\u00e9e de #LaMidinale\u200b.<\/p>\n","protected":false},"author":1204,"featured_media":30356,"comment_status":"open","ping_status":"open","sticky":false,"template":"","format":"standard","meta":{"_themeisle_gutenberg_block_has_review":false,"footnotes":""},"categories":[238],"tags":[293],"class_list":["post-12820","post","type-post","status-publish","format-standard","has-post-thumbnail","hentry","category-la-midinale","tag-entretien"],"_links":{"self":[{"href":"https:\/\/archives.regards.fr\/index.php?rest_route=\/wp\/v2\/posts\/12820","targetHints":{"allow":["GET"]}}],"collection":[{"href":"https:\/\/archives.regards.fr\/index.php?rest_route=\/wp\/v2\/posts"}],"about":[{"href":"https:\/\/archives.regards.fr\/index.php?rest_route=\/wp\/v2\/types\/post"}],"author":[{"embeddable":true,"href":"https:\/\/archives.regards.fr\/index.php?rest_route=\/wp\/v2\/users\/1204"}],"replies":[{"embeddable":true,"href":"https:\/\/archives.regards.fr\/index.php?rest_route=%2Fwp%2Fv2%2Fcomments&post=12820"}],"version-history":[{"count":0,"href":"https:\/\/archives.regards.fr\/index.php?rest_route=\/wp\/v2\/posts\/12820\/revisions"}],"wp:featuredmedia":[{"embeddable":true,"href":"https:\/\/archives.regards.fr\/index.php?rest_route=\/wp\/v2\/media\/30356"}],"wp:attachment":[{"href":"https:\/\/archives.regards.fr\/index.php?rest_route=%2Fwp%2Fv2%2Fmedia&parent=12820"}],"wp:term":[{"taxonomy":"category","embeddable":true,"href":"https:\/\/archives.regards.fr\/index.php?rest_route=%2Fwp%2Fv2%2Fcategories&post=12820"},{"taxonomy":"post_tag","embeddable":true,"href":"https:\/\/archives.regards.fr\/index.php?rest_route=%2Fwp%2Fv2%2Ftags&post=12820"}],"curies":[{"name":"wp","href":"https:\/\/api.w.org\/{rel}","templated":true}]}}