{"id":12813,"date":"2021-03-08T12:46:52","date_gmt":"2021-03-08T11:46:52","guid":{"rendered":"https:\/\/wp.muchomaas.com\/article-elisa-rojas-le-feminisme-est-multiple-mais-il-est-encore-trop-blanc-trop-valide\/"},"modified":"2023-06-24T00:12:30","modified_gmt":"2023-06-23T22:12:30","slug":"article-elisa-rojas-le-feminisme-est-multiple-mais-il-est-encore-trop-blanc-trop-valide","status":"publish","type":"post","link":"https:\/\/archives.regards.fr\/?p=12813","title":{"rendered":"Elisa Rojas : \u00ab Le f\u00e9minisme est multiple mais il est encore trop blanc, trop valide et trop h\u00e9t\u00e9rocentr\u00e9 \u00bb"},"content":{"rendered":"<p class=\"post_excerpt\">Elle fait la Une de <em>Marie-Claire<\/em>, elle vient de sortir <em>Mister T &#038; moi<\/em> aux \u00e9ditions La Belle \u00c9toile, elle est avocate et f\u00e9ministe : en ce 8 mars, journ\u00e9e internationale des droits des femmes, \u00c9lisa Rojas est l&#8217;invit\u00e9e de #LaMidinale <\/p>\n<h2>UNE MIDINALE \u00c0 VOIR&#8230;<\/h2>\n<p><iframe loading=\"lazy\" width=\"490\" height=\"276\" src=\"https:\/\/www.youtube.com\/embed\/uXXoyrSmheU\" frameborder=\"0\" allow=\"accelerometer; autoplay; clipboard-write; encrypted-media; gyroscope; picture-in-picture\" allowfullscreen><\/iframe><\/p>\n<p>&nbsp;<\/p>\n<p><h2>ET \u00c0 LIRE&#8230;<\/h2>\n<p><em>\u00a0<strong>Sur l\u2019h\u00e9ritage #MeToo et la journ\u00e9e internationale des droits des femmes<\/em>\u00a0<\/strong><br \/>\n\u00ab\u00a0Si politiquement, il n\u2019y a pas de d\u00e9cisions ni de moyens mis en place, rien ne peut changer.\u00a0\u00bb<br \/>\n\u00ab Aujourd\u2019hui, il y a une prise de conscience plus importante, g\u00e9n\u00e9ralis\u00e9e, amplifi\u00e9e par les r\u00e9seaux sociaux sur ces questions. C\u2019est une \u00e9tape mais rien n\u2019est magique et \u00e7a ne suffit pas \u00e0 modifier la r\u00e9alit\u00e9 de fa\u00e7on instantan\u00e9e.\u00a0\u00bb<br \/>\n\u00ab\u00a0\u00catre militant n\u2019est pas incompatible avec la joie.\u00a0\u00bb<br \/>\n\u00ab\u00a0Le f\u00e9minisme est multiple en revanche je pense qu\u2019il est encore trop blanc, trop valide et trop h\u00e9t\u00e9rocentr\u00e9.\u00a0\u00bb<br \/>\n\u00ab\u00a0Je crains qu\u2019il y ait encore des femmes qui sont encore sous repr\u00e9sent\u00e9es.\u00a0\u00bb<\/p>\n<p><em>\u00a0<strong>Sur la couverture de Marie-Claire\u00a0<\/em>\u00a0<\/strong><br \/>\n\u00ab\u00a0En France, tout arrive tardivement et on a toujours 150 ans de retard sur quasiment tout.\u00a0\u00bb<br \/>\n\u00ab\u00a0Cette Une qui a d\u00e9j\u00e0 \u00e9t\u00e9 faite aux Etats-Unis arrive tard, comme le reste.\u00a0\u00bb<br \/>\n\u00ab\u00a0J\u2019ai l\u2019impression qu\u2019on est un pays tr\u00e8s r\u00e9actionnaire.\u00a0\u00bb<\/p>\n<p><em>\u00a0<strong>Sur la d\u00e9politisation des questions de handicap\u00a0<\/em>\u00a0<\/strong><br \/>\n\u00ab\u00a0Il devrait y avoir un clivage droite\/gauche sur les questions de handicap.\u00a0\u00bb<br \/>\n\u00ab\u00a0Si la gauche jouait son r\u00f4le, il devrait y avoir une politique de gauche du handicap et \u00e7a n\u2019est pas le cas.\u00a0\u00bb<br \/>\n\u00ab\u00a0Cette question du handicap a \u00e9t\u00e9 d\u00e9politis\u00e9e par tout le monde : les associations comme les partis.\u00a0\u00bb<br \/>\n\u00ab\u00a0On oublie que le handicap est une question politique avec des choix politiques qui ne sont pas neutres et sont le fruit d\u2019une id\u00e9ologie.\u00a0\u00bb<br \/>\n\u00ab\u00a0\u00c0 gauche, il devrait y avoir des propositions qui aillent dans le sens de l\u2019\u00e9galit\u00e9, de la non discrimination et de l\u2019\u00e9mancipation.\u00a0\u00bb<br \/>\n\u00ab\u00a0\u00c0 gauche, d\u00e8s que vous parlez de handicap, le radar se brouille.\u00a0\u00bb<br \/>\n\u00ab\u00a0Il faut passer du mod\u00e8le m\u00e9dical au mod\u00e8le social du handicap. Tant que la gauche n\u2019aura pas compris \u00e7a, elle ne sera pas \u00e0 la hauteur des enjeux.\u00a0\u00bb<\/p>\n<p><em>\u00a0<strong>Sur le d\u00e9sir<\/em>\u00a0<\/strong><br \/>\n\u00ab\u00a0On a tendance \u00e0 croire que le d\u00e9sir est naturel et que tout est li\u00e9 \u00e0 la nature alors que le d\u00e9sir est construit pour tout le monde.\u00a0Et quand c\u2019est construit c\u2019est qu\u2019on peut agir dessus, on peut modifier. \u00bb<br \/>\n\u00ab\u00a0Notre libert\u00e9 est limit\u00e9e : on est conditionn\u00e9 et format\u00e9 \u00e0 d\u00e9sirer certaines personnes plus que d\u2019autres.\u00a0\u00bb<br \/>\n\u00ab\u00a0Il faut modifier et travailler les repr\u00e9sentations : \u00e7a permettrait d\u2019ouvrir les possibles en mati\u00e8re de d\u00e9sir.\u00a0\u00bb<br \/>\n\u00ab\u00a0Quand on commence \u00e0 d\u00e9cortiquer nos fantasmes et nos d\u00e9sirs, j\u2019ai l\u2019impression qu\u2019ils se d\u00e9sagr\u00e8gent et \u00e7a laisse de l\u2019espace \u00e0 autre chose, \u00e7a ouvre d\u2019autres possibles &#8211; \u00e0 des relations que peut-\u00eatre vous n\u2019aviez jamais envisag\u00e9es jusque-l\u00e0.\u00a0\u00bb<\/p>\n<p><em>\u00a0<strong>Sur les diff\u00e9rences femme-homme pour les personnes en situation de handicap<\/em>\u00a0<\/strong><br \/>\n\u00ab\u00a0Il y a des probl\u00e8mes communs que l\u2019on soit une femme ou un homme handicap\u00e9, notamment l\u2019infantilisation, le fait de consid\u00e9rer que l\u2019on est asexu\u00e9 ou que l\u2019on n\u2019a pas de genre.\u00a0\u00bb<br \/>\n\u00ab\u00a0Les hommes handicap\u00e9s ne sont pas sens\u00e9s r\u00e9pondre aux injonction de la masculinit\u00e9 &#8211; tout comme les femmes, \u00e0 celles du f\u00e9minin, de l\u2019attraction ou de la beaut\u00e9.\u00a0\u00bb<br \/>\n\u00ab\u00a0Il est plus difficile pour une femme handicap\u00e9e de trouver un partenaire, notamment un homme, parce qu\u2019elle est suppos\u00e9e avoir une fonction particuli\u00e8re qui fait qu\u2019il est consid\u00e9r\u00e9 comme incompr\u00e9hensible qu\u2019un homme valide fasse le choix d\u2019une partenaire handicap\u00e9e &#8211; si ce n\u2019est pour la dominer doublement.\u00a0\u00bb<br \/>\n\u00ab\u00a0Comme les femmes sont suppos\u00e9es \u00eatre plus aptes que la moyenne \u00e0 prendre soin d\u2019un partenaire et de remplir le r\u00f4le de soutien affectif, on va plus facilement comprendre qu\u2019un homme handicap\u00e9 trouve un compagne qui va \u00eatre consid\u00e9r\u00e9 comme son infirmi\u00e8re. Ce qui est grave car cela emp\u00eache \u00e9galement de consid\u00e9rer qu\u2019il s\u2019agit d\u2019une relation \u00e9galitaire.\u00a0\u00bb<\/p>\n<p><em>\u00a0<strong>Sur la radicalit\u00e9<\/em>\u00a0<\/strong><br \/>\n\u00ab\u00a0Les \u00e9tiquettes ne me font pas peur parce que je m\u2019en fous : les gens peuvent bien me mettre dans la case qu\u2019ils veulent, je sais d\u2019o\u00f9 je viens, qui je suis, o\u00f9 je vais.\u00a0\u00bb<br \/>\n\u00ab\u00a0Qu\u2019on m\u2019appelle islamogauchiste ou quoique ce soit, \u00e7a me passe au-dessus de la t\u00eate parce que je sais ce que je veux comme type de soci\u00e9t\u00e9 et ce que j\u2019ai envie de construire avec d\u2019autres personnes qui pensent que l\u2019on peut modifier les choses.\u00a0\u00bb<br \/>\n\u00ab\u00a0Le terme radical est relatif : ce qui vous para\u00eet radical aujourd\u2019hui sera la r\u00e9alit\u00e9 de demain.\u00a0\u00bb<br \/>\n\u00ab\u00a0Il y a eu un moment dans l\u2019histoire o\u00f9 dire que les femmes devaient pouvoir voter, c\u2019\u00e9tait radical, port\u00e9 par des femmes radicales qui avaient des m\u00e9thodes radicales.\u00a0\u00bb<br \/>\n\u00ab\u00a0Radical, \u00e7a veut dire aller \u00e0 la racine d\u2019une difficult\u00e9 ou d\u2019un probl\u00e8me.\u00a0\u00bb<br \/>\n\u00ab\u00a0Certains trouvent que je suis radical en mati\u00e8re de handicap. Mais il se trouve qu\u2019\u00e0 ce jour, je d\u00e9fends ce que d\u00e9fend l\u2019ONU &#8211; et ce ne sont pas de dangereux gauchistes.\u00a0\u00bb<div id='gallery-1' class='gallery galleryid-12813 gallery-columns-3 gallery-size-thumbnail'><figure class='gallery-item'>\n\t\t\t<div class='gallery-icon landscape'>\n\t\t\t\t<a href='https:\/\/archives.regards.fr\/wp-content\/uploads\/2021\/03\/capture_d_e_cran_2021-03-08_a_12-687.24.15.png'><img loading=\"lazy\" decoding=\"async\" width=\"150\" height=\"150\" src=\"https:\/\/archives.regards.fr\/wp-content\/uploads\/2021\/03\/capture_d_e_cran_2021-03-08_a_12-687.24.15-150x150.png\" class=\"attachment-thumbnail size-thumbnail\" alt=\"capture_d_e_cran_2021-03-08_a_12.24.15.png\" \/><\/a>\n\t\t\t<\/div><\/figure>\n\t\t<\/div>\n<\/p>\n","protected":false},"excerpt":{"rendered":"<p>Elle fait la Une de <em>Marie-Claire<\/em>, elle vient de sortir <em>Mister T &#038; moi<\/em> aux \u00e9ditions La Belle \u00c9toile, elle est avocate et f\u00e9ministe : en ce 8 mars, journ\u00e9e internationale des droits des femmes, \u00c9lisa Rojas est l&#8217;invit\u00e9e de #LaMidinale <\/p>\n","protected":false},"author":1204,"featured_media":30349,"comment_status":"open","ping_status":"open","sticky":false,"template":"","format":"standard","meta":{"_themeisle_gutenberg_block_has_review":false,"footnotes":""},"categories":[238],"tags":[293],"class_list":["post-12813","post","type-post","status-publish","format-standard","has-post-thumbnail","hentry","category-la-midinale","tag-entretien"],"_links":{"self":[{"href":"https:\/\/archives.regards.fr\/index.php?rest_route=\/wp\/v2\/posts\/12813","targetHints":{"allow":["GET"]}}],"collection":[{"href":"https:\/\/archives.regards.fr\/index.php?rest_route=\/wp\/v2\/posts"}],"about":[{"href":"https:\/\/archives.regards.fr\/index.php?rest_route=\/wp\/v2\/types\/post"}],"author":[{"embeddable":true,"href":"https:\/\/archives.regards.fr\/index.php?rest_route=\/wp\/v2\/users\/1204"}],"replies":[{"embeddable":true,"href":"https:\/\/archives.regards.fr\/index.php?rest_route=%2Fwp%2Fv2%2Fcomments&post=12813"}],"version-history":[{"count":0,"href":"https:\/\/archives.regards.fr\/index.php?rest_route=\/wp\/v2\/posts\/12813\/revisions"}],"wp:featuredmedia":[{"embeddable":true,"href":"https:\/\/archives.regards.fr\/index.php?rest_route=\/wp\/v2\/media\/30349"}],"wp:attachment":[{"href":"https:\/\/archives.regards.fr\/index.php?rest_route=%2Fwp%2Fv2%2Fmedia&parent=12813"}],"wp:term":[{"taxonomy":"category","embeddable":true,"href":"https:\/\/archives.regards.fr\/index.php?rest_route=%2Fwp%2Fv2%2Fcategories&post=12813"},{"taxonomy":"post_tag","embeddable":true,"href":"https:\/\/archives.regards.fr\/index.php?rest_route=%2Fwp%2Fv2%2Ftags&post=12813"}],"curies":[{"name":"wp","href":"https:\/\/api.w.org\/{rel}","templated":true}]}}