{"id":12811,"date":"2021-03-05T13:18:26","date_gmt":"2021-03-05T12:18:26","guid":{"rendered":"https:\/\/wp.muchomaas.com\/article-sophie-binet-j-appelle-toutes-les-femmes-et-tous-les-hommes-a-rejoindre-notre\/"},"modified":"2023-06-24T00:12:29","modified_gmt":"2023-06-23T22:12:29","slug":"article-sophie-binet-j-appelle-toutes-les-femmes-et-tous-les-hommes-a-rejoindre-notre","status":"publish","type":"post","link":"https:\/\/archives.regards.fr\/?p=12811","title":{"rendered":"Sophie Binet : \u00ab J\u2019appelle toutes les femmes et tous les hommes \u00e0 rejoindre notre gr\u00e8ve f\u00e9ministe ce lundi 8 mars \u00bb"},"content":{"rendered":"<p class=\"post_excerpt\">Lundi 8 mars, plusieurs organisations se mobilisent pour une journ\u00e9e de gr\u00e8ve afin de d\u00e9noncer les in\u00e9galit\u00e9s professionnelles femmes\/hommes \u2013 encore plus exacerb\u00e9es depuis la crise du Covid \u2013 et les violences sexistes et sexuelles. Sophie Binet, co-secr\u00e9taire g\u00e9n\u00e9rale de la CGT Cadres, est l\u2019invit\u00e9e de #LaMidinale\u200b.<\/p>\n<h2>UNE MIDINALE \u00c0 VOIR&#8230;<\/h2>\n<p><iframe loading=\"lazy\" width=\"490\" height=\"276\" src=\"https:\/\/www.youtube.com\/embed\/Vj8fxw4nvYw\" frameborder=\"0\" allow=\"accelerometer; autoplay; clipboard-write; encrypted-media; gyroscope; picture-in-picture\" allowfullscreen><\/iframe><\/p>\n<p>&nbsp;<\/p>\n<p><h2>ET \u00c0 LIRE&#8230;<\/h2>\n<p><em>\u00a0<strong>Sur la gr\u00e8ve du 8 mars<\/em>\u00a0<\/strong><br \/>\n\u00ab\u00a0Pendant le premier confinement on a applaudi des travailleurs essentiels qui \u00e9taient majoritairement des travailleuses.\u00a0\u00bb<br \/>\n\u00ab\u00a0Depuis les applaudissements et les envol\u00e9es lyriques, la situation des travailleuses n\u2019a pas chang\u00e9, voire s\u2019est d\u00e9grad\u00e9e avec la crise : licenciements, automatisation des caisses, flexibilit\u00e9 et temps partiels augmentent chez les femmes.\u00a0\u00bb<br \/>\n\u00ab\u00a0Il faut revaloriser les m\u00e9tiers \u00e0 pr\u00e9dominance f\u00e9minine.\u00a0\u00bb<br \/>\n\u00ab\u00a0Il faut mettre fin au foss\u00e9 entre l\u2019utilit\u00e9 sociale des m\u00e9tiers et leur reconnaissance salariale et sociale dans notre soci\u00e9t\u00e9.\u00a0\u00bb<br \/>\n\u00ab\u00a0La crise sanitaire a exacerb\u00e9 les in\u00e9galit\u00e9s notamment en mati\u00e8re de t\u00e2ches domestiques.\u00a0\u00bb<br \/>\n\u00ab\u00a0Quand le service public recule, quand les cr\u00e8ches et les \u00e9coles arr\u00eatent de fonctionner, la surcharge de travail domestique repose d\u2019abord sur les femmes au d\u00e9triment de leur vie personnelle, de leur travail et de leur sant\u00e9.\u00a0\u00bb<\/p>\n<p><em>\u00a0<strong>Sur la coordination internationale de l\u2019appel<\/em>\u00a0<\/strong><br \/>\n\u00ab\u00a0La dynamique internationale existe depuis plusieurs ann\u00e9es. Il y a plusieurs pays dans lesquels cette mobilisation du 8 mars se construit.\u00a0\u00bb<br \/>\n\u00ab\u00a0On est dans un contexte particulier et par exemple en Espagne, les rassemblements et manifestations seront interdits.\u00a0\u00bb<br \/>\n\u00ab\u00a0En France, la mobilisation est aussi entrav\u00e9e par le contexte sanitaire avec 20% des salari\u00e9s qui sont en t\u00e9l\u00e9travail.\u00a0\u00bb\u00a0<br \/>\n\u00ab\u00a0En France, la mobilisation sera plus importante que les ann\u00e9es pr\u00e9c\u00e9dentes.\u00a0\u00bb<\/p>\n<p><strong>\u00a0<em>Sur la 190\u00e8 convention de l\u2019OIT\u00a0<\/em>\u00a0<\/strong><br \/>\n\u00ab\u00a0Cette 190\u00e8 convention de l\u2019OIT est la premi\u00e8re loi contre les violences et le harc\u00e8lement au travail : c\u2019est une victoire qu\u2019ont obtenu les syndicats en s\u2019appuyant sur la mobilisation #MeToo.\u00a0\u00bb<br \/>\n\u00ab\u00a0Une convention pour \u00eatre appliqu\u00e9e, doit \u00eatre ratifi\u00e9e par les Etats. Elle a d\u00e9j\u00e0 \u00e9t\u00e9 ratifi\u00e9e par l\u2019Argentine, l\u2019Italie, les \u00celes Fidji et l\u2019Uruguay. Rien du c\u00f4t\u00e9 de la France pour l\u2019instant.\u00a0\u00bb<br \/>\n\u00ab\u00a0Le processus de ratification est en cours dans de nombreux pays.\u00a0\u00bb<br \/>\n\u00ab\u00a0On vient de gagner que la ministre du travail s\u2019engage par \u00e9crit \u00e0 ratifier cette convention.\u00a0La question qui se pose maintenant c\u2019est : est-ce qu\u2019on ratifie cette convention \u00e0 droits constants ou est-ce qu\u2019on l\u2019accompagne de modifications du droit du travail pour mettre en place des avanc\u00e9es pour les femmes ? Nous ce qu\u2019on dit c\u2019est qu\u2019on ne peut pas se satisfaire de la situation.\u00a0\u00bb<br \/>\n\u00ab\u00a0On dit souvent que l\u2019arsenal l\u00e9gislatif est suffisant mais il ne fait peur \u00e0 personne.\u00a0\u00bb<\/p>\n<p><em>\u00a0<strong>Sur le patronat<\/em>\u00a0<\/strong><br \/>\n\u00ab\u00a0Le patronat refuse de n\u00e9gocier avec les syndicats sur la violence sexiste et sexuelle au travail.\u00a0\u00bb<br \/>\n\u00ab\u00a0Il faut mettre en place des moyens d\u2019accompagnement des femmes victimes.\u00a0\u00bb<br \/>\n\u00ab\u00a0Il faut cr\u00e9er des droits nouveaux dans l\u2019entreprise pour les femmes victimes de violences sexistes et sexuelles.\u00a0Il faut garantir le droit au travail des femmes victimes de violences conjugales et \u00e7a passe par le droit du travail. \u00bb<\/p>\n<p><em>\u00a0<strong>Sur la classification genr\u00e9e de certains secteurs professionnels et m\u00e9tiers<\/em>\u00a0<\/strong><br \/>\n\u00ab\u00a0A la CGT, on est favorable \u00e0 la mixit\u00e9 \u00e0 tous les niveaux dans le monde du travail.\u00a0\u00bb<br \/>\n\u00ab\u00a0Le monde du travail n\u2019est pas du tout mixte.\u00a0\u00bb<br \/>\n\u00ab\u00a0Le seul secteur o\u00f9 la mixit\u00e9 progresse, c\u2019est l\u2019encadrement. Sinon dans le reste, notamment chez les ouvriers et employ\u00e9s, la mixit\u00e9 et la s\u00e9gr\u00e9gation des emplois a plut\u00f4t tendance \u00e0 augmenter.\u00a0\u00bb<br \/>\n\u00ab\u00a0La mixit\u00e9 dans les emplois \u00e0 pr\u00e9dominance f\u00e9minine ne peut se faire qu\u2019en revalorisant ces m\u00e9tiers : revalorisation salariale, reconnaissance de la p\u00e9nibilit\u00e9 et l\u2019utilit\u00e9 sociale. C\u2019est cela qui rendra ces m\u00e9tiers plus attractifs.\u00a0\u00bb<br \/>\n\u00ab\u00a0Pour que les femmes puissent exercer certains m\u00e9tiers, il faut aussi revoir les conditions de travail, notamment la p\u00e9nibilit\u00e9, et pr\u00e9venir les violences sexistes et sexuelles.\u00a0\u00bb<br \/>\n\u00ab\u00a0On voit combien l\u2019\u00e9galit\u00e9 femme-homme est un levier de progr\u00e8s pour toutes et tous.\u00a0\u00bb<\/p>\n<p><em>\u00a0<strong>Sur le f\u00e9minisme d\u2019Emmanuel Macron<\/em>\u00a0<\/strong><br \/>\n\u00ab\u00a0Dans les faits et dans le concret de la situation des femmes au travail, Emmanuel Macron n\u2019a rien chang\u00e9 du tout : la situation des femmes au travail ne s\u2019est pas du tout am\u00e9lior\u00e9e depuis son acc\u00e8s \u00e0 la pr\u00e9sidence de la R\u00e9publique et malgr\u00e9 ses grands engagements.\u00a0\u00bb<br \/>\n\u00ab\u00a0Le gouvernement refuse de prendre toute mesure contraignante face au patronat.\u00a0\u00bb<br \/>\n\u00ab\u00a0Aujourd\u2019hui, en France, il est moins co\u00fbteux de discriminer que de respecter la loi : c\u2019est ce que font donc la majorit\u00e9 des employeurs.\u00a0\u00bb<br \/>\n\u00ab\u00a0Les \u00e9carts de salaires entre les femmes et les hommes sont toujours de 26% en moyenne.\u00a0C\u2019est d\u2019ailleurs ce qui explique que les femmes arr\u00eatent d\u2019\u00eatre pay\u00e9es \u00e0 15h40 chaque jour.\u00a0\u00bb<br \/>\n\u00ab\u00a0Avec la crise, il y a m\u00eame une augmentation de la pr\u00e9carit\u00e9 : les salari\u00e9es consid\u00e9r\u00e9es comme \u00e9tant en sous-emploi sont \u00e0 70% des femmes, notamment \u00e0 cause des temps partiels.\u00a0\u00bb<br \/>\n\u00ab\u00a0Il y a une augmentation de la flexibilit\u00e9 du travail en horaires atypiques le soir et le week-end qui p\u00e9nalise \u00e9norm\u00e9ment les femmes, notamment dans le secteur de la grande distribution.\u00a0\u00bb<\/p>\n<p><em>\u00a0<strong>Sur la r\u00e9forme envisag\u00e9e par le gouvernement de l\u2019assurance-ch\u00f4mage<\/em>\u00a0<\/strong><br \/>\n\u00ab\u00a0Les femmes vont \u00eatre tr\u00e8s p\u00e9nalis\u00e9es, notamment celles qui sont d\u00e9j\u00e0 les plus pr\u00e9caires aujourd\u2019hui : celles \u00e0 temps partiels, les assistantes maternelles ou aides-\u00e0-domicile qui peuvent avoir des passages au ch\u00f4mage\u2026\u00a0\u00bb<br \/>\n\u00ab\u00a0Cette r\u00e9forme est, dans l\u2019absolu, scandaleuse : on fait des \u00e9conomies sur le dos des ch\u00f4meurs et notamment sur le dos des plus pr\u00e9caires.\u00a0\u00bb<div id='gallery-1' class='gallery galleryid-12811 gallery-columns-3 gallery-size-thumbnail'><figure class='gallery-item'>\n\t\t\t<div class='gallery-icon landscape'>\n\t\t\t\t<a href='https:\/\/archives.regards.fr\/wp-content\/uploads\/2021\/03\/capture_d_e_cran_2021-03-05_a_13-d5b.16.09.png'><img loading=\"lazy\" decoding=\"async\" width=\"150\" height=\"150\" src=\"https:\/\/archives.regards.fr\/wp-content\/uploads\/2021\/03\/capture_d_e_cran_2021-03-05_a_13-d5b.16.09-150x150.png\" class=\"attachment-thumbnail size-thumbnail\" alt=\"capture_d_e_cran_2021-03-05_a_13.16.09.png\" \/><\/a>\n\t\t\t<\/div><\/figure>\n\t\t<\/div>\n<\/p>\n","protected":false},"excerpt":{"rendered":"<p>Lundi 8 mars, plusieurs organisations se mobilisent pour une journ\u00e9e de gr\u00e8ve afin de d\u00e9noncer les in\u00e9galit\u00e9s professionnelles femmes\/hommes \u2013 encore plus exacerb\u00e9es depuis la crise du Covid \u2013 et les violences sexistes et sexuelles. Sophie Binet, co-secr\u00e9taire g\u00e9n\u00e9rale de la CGT Cadres, est l\u2019invit\u00e9e de #LaMidinale\u200b.<\/p>\n","protected":false},"author":1204,"featured_media":30347,"comment_status":"open","ping_status":"open","sticky":false,"template":"","format":"standard","meta":{"_themeisle_gutenberg_block_has_review":false,"footnotes":""},"categories":[238],"tags":[293],"class_list":["post-12811","post","type-post","status-publish","format-standard","has-post-thumbnail","hentry","category-la-midinale","tag-entretien"],"_links":{"self":[{"href":"https:\/\/archives.regards.fr\/index.php?rest_route=\/wp\/v2\/posts\/12811","targetHints":{"allow":["GET"]}}],"collection":[{"href":"https:\/\/archives.regards.fr\/index.php?rest_route=\/wp\/v2\/posts"}],"about":[{"href":"https:\/\/archives.regards.fr\/index.php?rest_route=\/wp\/v2\/types\/post"}],"author":[{"embeddable":true,"href":"https:\/\/archives.regards.fr\/index.php?rest_route=\/wp\/v2\/users\/1204"}],"replies":[{"embeddable":true,"href":"https:\/\/archives.regards.fr\/index.php?rest_route=%2Fwp%2Fv2%2Fcomments&post=12811"}],"version-history":[{"count":0,"href":"https:\/\/archives.regards.fr\/index.php?rest_route=\/wp\/v2\/posts\/12811\/revisions"}],"wp:featuredmedia":[{"embeddable":true,"href":"https:\/\/archives.regards.fr\/index.php?rest_route=\/wp\/v2\/media\/30347"}],"wp:attachment":[{"href":"https:\/\/archives.regards.fr\/index.php?rest_route=%2Fwp%2Fv2%2Fmedia&parent=12811"}],"wp:term":[{"taxonomy":"category","embeddable":true,"href":"https:\/\/archives.regards.fr\/index.php?rest_route=%2Fwp%2Fv2%2Fcategories&post=12811"},{"taxonomy":"post_tag","embeddable":true,"href":"https:\/\/archives.regards.fr\/index.php?rest_route=%2Fwp%2Fv2%2Ftags&post=12811"}],"curies":[{"name":"wp","href":"https:\/\/api.w.org\/{rel}","templated":true}]}}