{"id":12804,"date":"2021-03-03T12:01:22","date_gmt":"2021-03-03T11:01:22","guid":{"rendered":"https:\/\/wp.muchomaas.com\/article-manon-aubry-il-faut-rappeler-aux-multinationales-qui-commande-c-est-nous-pas\/"},"modified":"2023-06-24T00:12:12","modified_gmt":"2023-06-23T22:12:12","slug":"article-manon-aubry-il-faut-rappeler-aux-multinationales-qui-commande-c-est-nous-pas","status":"publish","type":"post","link":"https:\/\/archives.regards.fr\/?p=12804","title":{"rendered":"Manon Aubry : \u00ab Il faut rappeler aux multinationales qui commande : c&#8217;est nous, pas les lobbies ! \u00bb"},"content":{"rendered":"<p class=\"post_excerpt\">La semaine prochaine, le Parlement europ\u00e9en est appel\u00e9 \u00e0 voter un texte visant \u00e0 durcir les r\u00e8gles pour les multinationales qui ne respecteraient pas les droits humains et environnementaux. L\u2019eurod\u00e9put\u00e9e Manon Aubry plaide pour un devoir de vigilance et lance une mobilisation citoyenne #QuiCommande pour contrer la mobilisation sans pr\u00e9c\u00e9dent des lobbies. Elle est l\u2019invit\u00e9e de #LaMidinale.<\/p>\n<h2>UNE MIDINALE \u00c0 VOIR&#8230;<\/h2>\n<p><iframe loading=\"lazy\" width=\"490\" height=\"276\" src=\"https:\/\/www.youtube.com\/embed\/_vhS18fBfGY\" frameborder=\"0\" allow=\"accelerometer; autoplay; clipboard-write; encrypted-media; gyroscope; picture-in-picture\" allowfullscreen><\/iframe><\/p>\n<p>&nbsp;<\/p>\n<p><h2>ET \u00c0 LIRE&#8230;<\/h2>\n<p><em>\u00a0<strong>Sur le devoir de vigilance<\/em>\u00a0<\/strong><br \/>\n\u00ab Le mod\u00e8le des grandes entreprises font faire le sale boulot \u00e0 leurs fournisseurs. C\u2019est Nike et Zara qui vont exploiter le travail forc\u00e9 des Ou\u00efgours en chine ; c\u2019est Mc Do qui va exporter du soja issu de la d\u00e9forestation en Amazonie ; c\u2019est Apple qui produit gr\u00e2ce \u00e0 l\u2019extraction du cuivre et du cobalt dans les mines au Congo avec du travail des enfants ; c\u2019est Nestl\u00e9 qui utilise des enfants esclaves en C\u00f4te d\u2019Ivoire. Les exemples peuvent \u00eatre multipli\u00e9s. \u00bb<br \/>\n\u00ab Les entreprises sont exemptes de toutes responsabilit\u00e9s et le principe du devoir de vigilance c\u2019est d\u2019exiger de ces entreprises qu\u2019elles soient responsables de tout ce qui se passe dans leur cha\u00eene de production sans se d\u00e9douaner sur les fournisseurs.\u00bb<br \/>\n\u00ab Ces entreprises devront donc pr\u00e9venir les risques pour \u00e9viter les violations des droits de l\u2019homme et la destruction de l\u2019environnement. Et s\u2019il y a violation, les entreprises seront punies, y compris dans la justice fran\u00e7aise. \u00bb<br \/>\n\u00ab Les victimes de l\u2019autre bout du monde pourront demander des comptes \u00e0 la justice fran\u00e7aise &#8211; y compris les multinationales qui ne sont pas fran\u00e7aises \u00e0 partir du moment o\u00f9 il s\u2019agit d\u2019un produit qui est achet\u00e9 sur le sol fran\u00e7ais. \u00bb<br \/>\n\u00ab Le principe du devoir de vigilance consiste \u00e0 se dire que les entreprises ont une double responsabilit\u00e9 : transparence dans la cha\u00eene de production et analyse des risques et adresser ces risques et en payer les cons\u00e9quences si les violations sont av\u00e9r\u00e9es. \u00bb<br \/>\n\u00ab La loi sera la m\u00eame en Europe et s\u2019adresse \u00e0 toutes les entreprises. \u00bb<br \/>\n\u00ab Il faut dissuader les entreprises de saccager les droits de l\u2019homme et l\u2019environnement. \u00bb<\/p>\n<p><em>\u00a0<strong>Sur les lobbies <\/em>\u00a0<\/strong><br \/>\n\u00ab Les lobbies sont extr\u00eamement actifs. Ils sont \u00e0 la fois puissants et discrets : ils capturent la d\u00e9mocratie. \u00bb<br \/>\n\u00ab Les lobbies se mobilisent en ce moment pour vider le texte de sa substance : il s\u2019agit de BusinessEurope qui est l\u2019\u00e9quivalent du m\u00e8de europ\u00e9en et l\u2019AFEP qui est lobby des multinationales du CAC40 en France : ensemble ils essaient de dire que ce texte est inapplicable. \u00bb<br \/>\n\u00ab Les lobbies multiplient les arguments fallacieux. \u00bb<br \/>\n\u00ab Les arguments des lobbies trouvent de l\u2019\u00e9cho sur les bancs de la droite, d\u2019o\u00f9 notre inqui\u00e9tude que le texte s\u2019en retrouve vid\u00e9 de sa substance en amont du vote la semaine prochaine. \u00bb<br \/>\n\u00ab Il y a un front favorable au texte qui va de LFI\/LaGauche aux verts en passant par les socialistes et une partie du groupe Renew dans lequel si\u00e8ge la R\u00e9publique en marche. \u00bb<br \/>\n\u00ab LREM n\u2019est pas ultra fan de la question de la responsabilit\u00e9 des multinationales mais ils se disent que c\u2019est une victoire \u00e0 peu de frais si on se colle au texte fran\u00e7ais : sauf que notre texte est beaucoup plus ambitieux que le texte fran\u00e7ais. \u00bb<br \/>\n\u00ab Pour le moment, on a un front majoritaire sur ce texte mais je ne sais pas jusqu\u2019\u00e0 quel point il ne va pas s\u2019effriter jusqu\u2019au vote (\u2026). Le texte est pass\u00e9 assez largement en commission. \u00bb<br \/>\n\u00ab Depuis que je suis au Parlement europ\u00e9en, c\u2019est peut-\u00eatre le texte le plus progressiste que j\u2019ai vu en mati\u00e8re de r\u00e9gulation des multinationales et quand ils [les eurod\u00e9put\u00e9s] risquent de s\u2019en apercevoir et de s\u2019attaquer plus encore au texte. \u00bb<\/p>\n<p><em>\u00a0<strong>Sur les alli\u00e9s dans le combat contre la toute-puissance des multinationales<\/em>\u00a0<\/strong><br \/>\n\u00ab On essaie de travailler avec les PME parce qu\u2019elles ne sont pas directement concern\u00e9es par le texte sauf celles qui interviennent dans des secteurs \u00e0 risque comme les minerais. \u00bb<br \/>\n\u00ab On essaie de d\u00e9velopper des arguments \u00e0 destination des lib\u00e9raux du type : ce n\u2019est pas juste car la concurrence est fauss\u00e9e quand on a d\u2019un c\u00f4t\u00e9 des multinationales qui exploitent les travailleurs et de l\u2019autre, des petites PME qui respectent le droit du travail. \u00bb<\/p>\n<p><em>\u00a0<strong>Sur l\u2019initiative #QuiCommande<\/em>\u00a0<\/strong><br \/>\n\u00ab L\u2019id\u00e9e est de cr\u00e9er un contre-lobby citoyen plus fort que celui des multinationales : comme le dit Alexandria Ocasio-Cortez, ils ont l\u2019argent mais nous, on a les gens. \u00bb<br \/>\n\u00ab Le plus grand nombre est en faveur que Nike, Amazon, McDo, Apple, Vinci et Nestl\u00e9, quand ils saccagent la plan\u00e8te, ils doivent rendre des comptes. \u00bb<br \/>\n\u00ab Il faut d\u00e9montrer que c\u2019est nous, consommateurs et citoyens, qui devons commander \u00e0 la fois parce que nous commandons les produits lorsqu\u2019on les ach\u00e8te mais surtout parce que nous devons commander politiquement. \u00bb<\/p>\n<p><em>\u00a0<strong>Sur l\u2019hypoth\u00e8se d\u2019un second tour Macron-Le Pen<\/em>\u00a0<\/strong><br \/>\n\u00ab\u00a0Il faut se battre pour \u00e9viter d\u2019avoir \u00e0 se poser la question du second tour Macron-Le Pen.\u00a0\u00bb<br \/>\n\u00ab\u00a0Ca nous arrive de faire un parall\u00e8le entre les d\u00e9rives autoritaires de Macron et celles d\u2019Orban mais je ne mets pas un signe \u00e9gal entre les deux.\u00a0\u00bb<br \/>\n\u00ab\u00a0Emmanuel Macron avec ses lois liberticides et le recul in\u00e9dit sous la Cinqui\u00e8me R\u00e9publique a pr\u00e9par\u00e9 le terrain \u00e0 Marine Le Pen. Il n\u2019est plus son rempart mais son marche-pied.\u00a0\u00bb<div id='gallery-1' class='gallery galleryid-12804 gallery-columns-3 gallery-size-thumbnail'><figure class='gallery-item'>\n\t\t\t<div class='gallery-icon landscape'>\n\t\t\t\t<a href='https:\/\/archives.regards.fr\/wp-content\/uploads\/2021\/03\/capture_d_e_cran_2021-03-03_a_11-e68.58.28.png'><img loading=\"lazy\" decoding=\"async\" width=\"150\" height=\"150\" src=\"https:\/\/archives.regards.fr\/wp-content\/uploads\/2021\/03\/capture_d_e_cran_2021-03-03_a_11-e68.58.28-150x150.png\" class=\"attachment-thumbnail size-thumbnail\" alt=\"capture_d_e_cran_2021-03-03_a_11.58.28.png\" \/><\/a>\n\t\t\t<\/div><\/figure>\n\t\t<\/div>\n<\/p>\n","protected":false},"excerpt":{"rendered":"<p>La semaine prochaine, le Parlement europ\u00e9en est appel\u00e9 \u00e0 voter un texte visant \u00e0 durcir les r\u00e8gles pour les multinationales qui ne respecteraient pas les droits humains et environnementaux. L\u2019eurod\u00e9put\u00e9e Manon Aubry plaide pour un devoir de vigilance et lance une mobilisation citoyenne #QuiCommande pour contrer la mobilisation sans pr\u00e9c\u00e9dent des lobbies. Elle est l\u2019invit\u00e9e de #LaMidinale.<\/p>\n","protected":false},"author":1204,"featured_media":30335,"comment_status":"open","ping_status":"open","sticky":false,"template":"","format":"standard","meta":{"_themeisle_gutenberg_block_has_review":false,"footnotes":""},"categories":[238],"tags":[293],"class_list":["post-12804","post","type-post","status-publish","format-standard","has-post-thumbnail","hentry","category-la-midinale","tag-entretien"],"_links":{"self":[{"href":"https:\/\/archives.regards.fr\/index.php?rest_route=\/wp\/v2\/posts\/12804","targetHints":{"allow":["GET"]}}],"collection":[{"href":"https:\/\/archives.regards.fr\/index.php?rest_route=\/wp\/v2\/posts"}],"about":[{"href":"https:\/\/archives.regards.fr\/index.php?rest_route=\/wp\/v2\/types\/post"}],"author":[{"embeddable":true,"href":"https:\/\/archives.regards.fr\/index.php?rest_route=\/wp\/v2\/users\/1204"}],"replies":[{"embeddable":true,"href":"https:\/\/archives.regards.fr\/index.php?rest_route=%2Fwp%2Fv2%2Fcomments&post=12804"}],"version-history":[{"count":0,"href":"https:\/\/archives.regards.fr\/index.php?rest_route=\/wp\/v2\/posts\/12804\/revisions"}],"wp:featuredmedia":[{"embeddable":true,"href":"https:\/\/archives.regards.fr\/index.php?rest_route=\/wp\/v2\/media\/30335"}],"wp:attachment":[{"href":"https:\/\/archives.regards.fr\/index.php?rest_route=%2Fwp%2Fv2%2Fmedia&parent=12804"}],"wp:term":[{"taxonomy":"category","embeddable":true,"href":"https:\/\/archives.regards.fr\/index.php?rest_route=%2Fwp%2Fv2%2Fcategories&post=12804"},{"taxonomy":"post_tag","embeddable":true,"href":"https:\/\/archives.regards.fr\/index.php?rest_route=%2Fwp%2Fv2%2Ftags&post=12804"}],"curies":[{"name":"wp","href":"https:\/\/api.w.org\/{rel}","templated":true}]}}