{"id":12801,"date":"2021-03-02T13:50:02","date_gmt":"2021-03-02T12:50:02","guid":{"rendered":"https:\/\/wp.muchomaas.com\/article-evelyne-sire-marin-en-soutenant-un-delinquant-financier-darmanin-se\/"},"modified":"2023-06-24T00:12:09","modified_gmt":"2023-06-23T22:12:09","slug":"article-evelyne-sire-marin-en-soutenant-un-delinquant-financier-darmanin-se","status":"publish","type":"post","link":"https:\/\/archives.regards.fr\/?p=12801","title":{"rendered":"Evelyne Sire-Marin : \u00ab En soutenant un d\u00e9linquant financier, Darmanin se d\u00e9cr\u00e9dibilise comme ministre de l\u2019Int\u00e9rieur \u00bb"},"content":{"rendered":"<p class=\"post_excerpt\">Nicolas Sarkozy a \u00e9t\u00e9 condamn\u00e9 hier \u00e0 trois ans de prison, dont un ferme, pour l\u2019affaire dite des \u00e9coutes. Il a fait appel de cette d\u00e9cision. D\u2019autres proc\u00e8s vont suivre. Que risque r\u00e9ellement l\u2019ancien chef de l\u2019Etat ? Evelyne Sire-Marin, magistrate, est l\u2019invit\u00e9e de #LaMidinale\u200b.<\/p>\n<h2>UNE MIDINALE \u00c0 VOIR&#8230;<\/h2>\n<p><iframe loading=\"lazy\" width=\"490\" height=\"276\" src=\"https:\/\/www.youtube.com\/embed\/WKnGdjGlaFQ\" frameborder=\"0\" allow=\"accelerometer; autoplay; clipboard-write; encrypted-media; gyroscope; picture-in-picture\" allowfullscreen><\/iframe><\/p>\n<p>&nbsp;<\/p>\n<p><h2>ET \u00c0 LIRE&#8230;<\/h2>\n<p><em>\u00a0<strong>Sur le soutien de Darmanin \u00e0 Sarkozy<\/em>\u00a0<\/strong><br \/>\n\u00ab\u00a0C\u2019est un soutien direct du ministre de l\u2019Int\u00e9rieur \u00e0 l\u2019ancien chef de l\u2019Etat.\u00a0En apportant son soutien\u00a0\u00e0 Nicolas Sarkozy, G\u00e9rald Darmanin critique l\u2019institution judiciaire et la justice en g\u00e9n\u00e9ral.\u00a0\u00bb<br \/>\n\u00ab\u00a0Sous la V\u00e8 R\u00e9publique, c\u2019est assez courant que l\u2019ex\u00e9cutif s\u2019immisce dans le fonctionnement de la justice.\u00a0\u00bb<br \/>\n\u00ab\u00a0Sous ce gouvernement il y a une succession d\u2019empi\u00e9tements terribles de l\u2019ex\u00e9cutif dans les affaires judiciaires.\u00a0\u00bb<br \/>\n\u00ab\u00a0En soutenant un d\u00e9linquant financier, G\u00e9rald Darmanin g\u00eane sa propre cr\u00e9dibilit\u00e9 comme ministre de l\u2019Int\u00e9rieur.\u00a0\u00bb<br \/>\n\u00ab\u00a0Darmanin fait la d\u00e9monstration que quand il s\u2019agit de d\u00e9linquance financi\u00e8re, \u00e7a n\u2019est pas vraiment de la d\u00e9linquance.\u00a0\u00bb<\/p>\n<p><em>\u00a0<strong>Sur l\u2019ind\u00e9pendance de la justice<\/em>\u00a0<\/strong><br \/>\n\u00ab\u00a0On confond sans arr\u00eat les juges ind\u00e9pendants &#8211; qui ont condamn\u00e9 Nicolas Sarkozy &#8211; et le Parquet National Financier (PNF) &#8211; qui en tant que Parquet d\u00e9pend du Garde des Sceaux.\u00a0C\u2019est extr\u00eamement facile de faire semblant de m\u00e9langer ces magistrats.\u00a0\u00bb<br \/>\n\u00ab\u00a0La justice financi\u00e8re fonctionne m\u00eame si c\u2019est plus difficile parce que les juges financiers sont beaucoup plus attaqu\u00e9s que les juges en mati\u00e8re de criminalit\u00e9 par exemple.\u00a0\u00bb<br \/>\n\u00ab\u00a0La justice financi\u00e8re a montr\u00e9 son ind\u00e9pendance depuis quelques ann\u00e9es : Cahuzac, Fillon, Balkany ou M\u00e9lenchon ont \u00e9t\u00e9 condamn\u00e9s. Tout l\u2019\u00e9ventail politique est concern\u00e9 par cette justice financi\u00e8re.\u00a0\u00bb\u00a0 \u00a0<br \/>\n\u00ab\u00a0On voit l\u2019utilit\u00e9 du PNF qui a \u00e9t\u00e9 cr\u00e9\u00e9 apr\u00e8s l\u2019affaire Cahuzac. Il faut des magistrats sp\u00e9cialis\u00e9s pour juger les affaires politico-financi\u00e8res.\u00a0\u00bb<\/p>\n<p><em>\u00a0<strong>Sur les premi\u00e8res que constitue l\u2019affaire des \u00e9coutes<\/em>\u00a0<\/strong><br \/>\n\u00ab Il y a beaucoup de premi\u00e8res dans cette affaire des \u00e9coutes : pour M. Sarkozy, c\u2019est la premi\u00e8re fois qu\u2019un pr\u00e9sident de la R\u00e9publique est condamn\u00e9 pour corruption (M. Chirac avait pour des emplois fictifs).\u00a0\u00bb<br \/>\n\u00ab\u00a0C\u2019est la premi\u00e8re fois qu\u2019un Pr\u00e9sident de la R\u00e9publique est condamn\u00e9 \u00e0 une peine ferme d\u2019emprisonnement.\u00a0\u00bb<br \/>\n\u00ab\u00a0C\u2019est la premi\u00e8re fois sous la Cinqui\u00e8me R\u00e9publique qu\u2019un ancien pr\u00e9sident a quatre affaires judiciaires en cours (\u2026) : l\u2019affaire des \u00e9coutes qui va \u00eatre rejug\u00e9e en appel, l\u2019affaire Bygmalion jug\u00e9e le 17 mars prochain, l\u2019affaire libyenne toujours en cours d\u2019instruction et l\u2019enqu\u00eate russe.\u00a0\u00bb<br \/>\n\u00ab\u00a0Le juge Azibert n\u2019est pas seulement un magistrat de la Cour de Cassation, \u00e7a a aussi \u00e9t\u00e9 le directeur de l\u2019\u00e9cole de la magistrature, le directeur de l\u2019administration p\u00e9nitentiaire : \u00e7a a \u00e9t\u00e9 un tr\u00e8s haut magistrat qui vient d\u2019\u00eatre condamn\u00e9 \u00e0 3 ans de prison dont un ferme.\u00a0\u00bb<br \/>\n\u00ab\u00a0Les liens entre le Garde des Sceaux Dupont-Moretti et l\u2019avocat Herzog sont quand m\u00eame probl\u00e9matiques.\u00a0\u00bb<br \/>\n\u00ab\u00a0L\u2019imbrication de l\u2019ex\u00e9cutif dans le judiciaire est tr\u00e8s probl\u00e9matique.\u00a0\u00bb<\/p>\n<p><em>\u00a0<strong>Sur les \u00e9coutes<\/em>\u00a0<\/strong><br \/>\n\u00ab\u00a0Les \u00e9coutes et les fadettes sont deux choses tr\u00e8s diff\u00e9rentes.\u00a0\u00bb<br \/>\n\u00ab\u00a0Les \u00e9coutes t\u00e9l\u00e9phoniques ont \u00e9t\u00e9 pos\u00e9es dans l\u2019affaire libyenne et ont amen\u00e9 \u00e0 la d\u00e9couverte de liens pour le moins sulfureux entre un pr\u00e9sident de la R\u00e9publique, un avocat et un magistrat de la Cour de Cassation puisque M. Sarkozy voulait r\u00e9cup\u00e9rer ses agendas qui avaient \u00e9t\u00e9 saisis dans l\u2019affaire Bettencourt.\u00a0\u00bb<br \/>\n\u00ab\u00a0Un juge d\u2019instruction a tout \u00e0 fait le droit de faire \u00e9couter une personne qui a \u00e9t\u00e9 mise en examen (\u2026) cela se fait tr\u00e8s souvent dans les affaires de stup\u00e9fiants.\u00a0\u00bb<br \/>\n\u00ab\u00a0Le Code de proc\u00e9dure p\u00e9nale dit que, d\u00e8s qu\u2019un avocat est concern\u00e9 par des \u00e9coutes, le B\u00e2tonnier doit en \u00eatre inform\u00e9.\u00a0C\u2019est ce qui s\u2019est pass\u00e9 et c\u2019est compl\u00e8tement l\u00e9gal.\u00a0\u00bb<br \/>\n\u00ab\u00a0Il ne faut pas confondre l\u2019affaire des \u00e9coutes et celle des fadettes, qui est une affaire dans l\u2019affaire.\u00a0Les fadettes sont des factures d\u00e9taill\u00e9es. \u00bb<br \/>\n\u00ab\u00a0La loi permet l\u2019\u00e9pluchage des fadettes, en l\u2019occurrence par le PNF. Mais ce serait bien que la loi soit chang\u00e9e mais \u00e7a va un peu loin que de regarder les \u00e9changes entre un avocat, d\u2019autres avocats et des clients. Cela porte atteinte au droit de la d\u00e9fense. Il faudrait, en l\u2019esp\u00e8ce, que le B\u00e2tonnier soit a minima pr\u00e9venu.\u00a0\u00bb<div id='gallery-1' class='gallery galleryid-12801 gallery-columns-3 gallery-size-thumbnail'><figure class='gallery-item'>\n\t\t\t<div class='gallery-icon landscape'>\n\t\t\t\t<a href='https:\/\/archives.regards.fr\/wp-content\/uploads\/2021\/03\/capture_d_e_cran_2021-03-02_a_13-264.47.25.png'><img loading=\"lazy\" decoding=\"async\" width=\"150\" height=\"150\" src=\"https:\/\/archives.regards.fr\/wp-content\/uploads\/2021\/03\/capture_d_e_cran_2021-03-02_a_13-264.47.25-150x150.png\" class=\"attachment-thumbnail size-thumbnail\" alt=\"capture_d_e_cran_2021-03-02_a_13.47.25.png\" \/><\/a>\n\t\t\t<\/div><\/figure>\n\t\t<\/div>\n<\/p>\n","protected":false},"excerpt":{"rendered":"<p>Nicolas Sarkozy a \u00e9t\u00e9 condamn\u00e9 hier \u00e0 trois ans de prison, dont un ferme, pour l\u2019affaire dite des \u00e9coutes. Il a fait appel de cette d\u00e9cision. D\u2019autres proc\u00e8s vont suivre. Que risque r\u00e9ellement l\u2019ancien chef de l\u2019Etat ? Evelyne Sire-Marin, magistrate, est l\u2019invit\u00e9e de #LaMidinale\u200b.<\/p>\n","protected":false},"author":1204,"featured_media":30330,"comment_status":"open","ping_status":"open","sticky":false,"template":"","format":"standard","meta":{"_themeisle_gutenberg_block_has_review":false,"footnotes":""},"categories":[238],"tags":[293],"class_list":["post-12801","post","type-post","status-publish","format-standard","has-post-thumbnail","hentry","category-la-midinale","tag-entretien"],"_links":{"self":[{"href":"https:\/\/archives.regards.fr\/index.php?rest_route=\/wp\/v2\/posts\/12801","targetHints":{"allow":["GET"]}}],"collection":[{"href":"https:\/\/archives.regards.fr\/index.php?rest_route=\/wp\/v2\/posts"}],"about":[{"href":"https:\/\/archives.regards.fr\/index.php?rest_route=\/wp\/v2\/types\/post"}],"author":[{"embeddable":true,"href":"https:\/\/archives.regards.fr\/index.php?rest_route=\/wp\/v2\/users\/1204"}],"replies":[{"embeddable":true,"href":"https:\/\/archives.regards.fr\/index.php?rest_route=%2Fwp%2Fv2%2Fcomments&post=12801"}],"version-history":[{"count":0,"href":"https:\/\/archives.regards.fr\/index.php?rest_route=\/wp\/v2\/posts\/12801\/revisions"}],"wp:featuredmedia":[{"embeddable":true,"href":"https:\/\/archives.regards.fr\/index.php?rest_route=\/wp\/v2\/media\/30330"}],"wp:attachment":[{"href":"https:\/\/archives.regards.fr\/index.php?rest_route=%2Fwp%2Fv2%2Fmedia&parent=12801"}],"wp:term":[{"taxonomy":"category","embeddable":true,"href":"https:\/\/archives.regards.fr\/index.php?rest_route=%2Fwp%2Fv2%2Fcategories&post=12801"},{"taxonomy":"post_tag","embeddable":true,"href":"https:\/\/archives.regards.fr\/index.php?rest_route=%2Fwp%2Fv2%2Ftags&post=12801"}],"curies":[{"name":"wp","href":"https:\/\/api.w.org\/{rel}","templated":true}]}}