{"id":12799,"date":"2021-03-01T11:16:03","date_gmt":"2021-03-01T10:16:03","guid":{"rendered":"https:\/\/wp.muchomaas.com\/article-lilian-alemagna-liberation-est-un-journal-des-gauches-qui-se-doit-d-en-alerter\/"},"modified":"2023-06-24T00:12:08","modified_gmt":"2023-06-23T22:12:08","slug":"article-lilian-alemagna-liberation-est-un-journal-des-gauches-qui-se-doit-d-en-alerter","status":"publish","type":"post","link":"https:\/\/archives.regards.fr\/?p=12799","title":{"rendered":"Lilian Alemagna : \u00ab Il faut alerter les dirigeants de gauche pour qu\u2019ils arrivent \u00e0 une solution d\u2019union \u00bb"},"content":{"rendered":"<p class=\"post_excerpt\">Ce week-end, <em>Lib\u00e9ration<\/em> a publi\u00e9 une enqu\u00eate, sur la base de t\u00e9moignages, sur cet \u00e9lectorat de gauche qui ne votera plus jamais Macron \u2013 y compris en cas de second tour face \u00e0 Le Pen. <em>Lib\u00e9<\/em> entend ainsi alerter les dirigeants de gauche. Lilian Alemagna, chef du service politique de Lib\u00e9ration, est l\u2019invit\u00e9 de #LaMidinale\u200b.<\/p>\n<h2>UNE MIDINALE \u00c0 VOIR&#8230;<\/h2>\n<p><iframe loading=\"lazy\" width=\"490\" height=\"276\" src=\"https:\/\/www.youtube.com\/embed\/z2Rz9Hw4vXw\" frameborder=\"0\" allow=\"accelerometer; autoplay; clipboard-write; encrypted-media; gyroscope; picture-in-picture\" allowfullscreen><\/iframe><\/p>\n<p>&nbsp;<\/p>\n<p><h2>ET \u00c0 LIRE&#8230;<\/h2>\n<p><em>\u00a0<strong>Sur l\u2019enqu\u00eate de Lib\u00e9ration<\/em>\u00a0<\/strong><br \/>\n\u00ab On a juste fait notre travail de journaliste. \u00bb<br \/>\n\u00ab Les dirigeants de gauche nous ont fait remonter le fait qu\u2019ils ont de plus en plus de militants et de sympathisants qui s\u2019interrogent sur leur vote de second tour en cas d\u2019absence de candidat de gauche. \u00bb<br \/>\n\u00ab On a souhait\u00e9, non pas faire un sondage comme le font d\u2019autres m\u00e9dias, mais s\u2019appuyer sur des t\u00e9moignages (\u2026). On a r\u00e9colt\u00e9 plus d\u2019un millier de r\u00e9ponses. \u00bb<br \/>\n\u00ab Plusieurs des t\u00e9moignages convergent vers l\u2019id\u00e9e que cette fois, voter Macron \u00e7a serait non. \u00bb<\/p>\n<p><em>\u00a0<strong>Sur les critiques de la macronie<\/em>\u00a0<\/strong><br \/>\n\u00ab Il y a une absence de remise en question de la macronie. \u00bb<br \/>\n\u00ab Si on regarde qui nous a critiqu\u00e9, c\u2019est surtout des dirigeants de la majorit\u00e9 plut\u00f4t issus du PS ou d\u2019EELV et qui ont rejoint Emmanuel Macron en 2017. C\u2019est un peu pour le pr\u00e9sident, les garants du socle social-d\u00e9mocrate de l\u2019\u00e9lectorat de premier tour. \u00bb<br \/>\n\u00ab Ils s\u2019en prennent \u00e0 nous pour se faire passer pour la gauche responsable et nous faire passer, avec d\u2019autres, pour une gauche irresponsable qui demain ne choisirait pas entre Le Pen et Macron au second tour. \u00bb<br \/>\n\u00ab Nous alertons sur un fait politique qui est que le barrage contre le FN a tenu aux r\u00e9gionales en 2015, au second tour en 2017. Et il y a un risque que ce barrage ne tienne plus aux r\u00e9gionales et en 2022. \u00bb<br \/>\n\u00ab Les duels annonc\u00e9s plus d\u2019un an \u00e0 l\u2019avance ne se sont jamais reproduits dans la V\u00e8me R\u00e9publique. \u00bb<\/p>\n<p><em>\u00a0<strong>Sur Macron et Le Pen<\/em>\u00a0<\/strong><br \/>\n\u00ab Dans les t\u00e9moignages que nous avons re\u00e7us, il y a beaucoup de gens de gauche qui croyaient au discours d\u2019Emmanuel Macron sur l\u2019\u00e9galit\u00e9 des chances, sur l\u2019\u00e9cole ou la R\u00e9publique. Et ils sont d\u00e9\u00e7us. \u00bb<br \/>\n\u00ab Certains des sympathisants de gauche consid\u00e8rent qu\u2019Emmanuel Macron est un marche pied pour le RN. Il fallait le mettre en lumi\u00e8re. \u00bb<br \/>\n\u00ab En 2002, il y a eu une prise de position \u00e9ditoriale pour faire barrage \u00e0 Jean-Marie Le Pen et \u00e9viter que l\u2019extr\u00eame droite arrive au pouvoir en France. La Une de ce weekend sert au d\u00e9bat sur la base de t\u00e9moignages. \u00bb<\/p>\n<p><em>\u00a0<strong>Sur Lib\u00e9ration <\/em>\u00a0<\/strong><br \/>\n\u00ab J\u2019assume la Une de 2017 [\u2018Votez ce que vous voulez mais votez Macron\u2019]. On est un journal d\u2019opinion et il nous revenait de prendre position. \u00bb<br \/>\n\u00ab Lib\u00e9 n\u2019est pas un journal qui a fait campagne pour Emmanuel Macron. On a appel\u00e9 \u00e0 voter Macron \u00e0 la veille du second tour pour faire barrage \u00e0 l\u2019extr\u00eame droite. \u00bb<br \/>\n\u00ab Avec le Une de ce weekend, il n\u2019y aucune volont\u00e9 de noter part de se racheter de la Une de 2017 mais il y a une volont\u00e9 de poser un d\u00e9bat. \u00bb<br \/>\n\u00ab Lib\u00e9ration est un journal des gauches. Lib\u00e9ration doit r\u00e9unir et alerter. \u00bb<br \/>\n\u00ab Il faut alerter les dirigeants de gauche pour qu\u2019ils arrivent \u00e0 une solution d\u2019union. \u00bb<\/p>\n<p><em>\u00a0<strong>Faites-ce que vous voulez mais votez Macron : aujourd\u2019hui encore ?<\/em>\u00a0<\/strong><br \/>\n\u00ab [Si la situation se reproduit], il y aura un d\u00e9bat dans la r\u00e9daction et une prise de position \u00e9ditoriale : on ne se cachera pas derri\u00e8re notre petit doigt. \u00bb<br \/>\n\u00ab On est un journal dans une d\u00e9mocratie : on se doit d\u2019avoir une prise de position \u00e9ditoriale. \u00bb<br \/>\n\u00ab On est un journal o\u00f9 \u00e7a discute beaucoup, on a un comit\u00e9 de r\u00e9daction auquel tous les journalistes peuvent participer et donner leur avis. \u00bb<br \/>\n\u00ab La r\u00e9alit\u00e9 aujourd\u2019hui, dans le peuple de gauche, c\u2019est que des gens nous disent que plus jamais ils ne voteront Macron. \u00bb<br \/>\n\u00ab On a eu des critiques du c\u00f4t\u00e9 des insoumis nous disant que l\u2019on faisait peur en installant le duel entre elle et lui. Mais c\u2019est faux : les sondages valent ce qu\u2019ils valent mais ils cr\u00e9ent une r\u00e9alit\u00e9 politique qu\u2019il faut traiter. \u00bb<\/p>\n<p><em>\u00a0<strong>Sur la d\u00e9mocratie et Emmanuel Macron<\/em>\u00a0<\/strong><br \/>\n\u00ab Je ne mettrai jamais un signe \u00e9gal entre Emmanuel Macron et Marine Le Pen. \u00bb<br \/>\n\u00ab J\u2019ai grandi dans une r\u00e9gion o\u00f9 le FN a \u00e9t\u00e9 au pouvoir et a dirig\u00e9 des municipalit\u00e9s donc je sais faire la diff\u00e9rence entre une gestion d\u2019extr\u00eame droite et une gestion de droite. \u00bb<br \/>\n\u00ab Emmanuel Macron n\u2019est plus le pr\u00e9sident du en m\u00eame temps : il s\u2019appuie beaucoup plus sur sa jambe droite que sur sa jambe gauche. \u00bb<br \/>\n\u00ab La question que la majorit\u00e9 doit se poser, c\u2019est pourquoi les gens de gauche qui ont vot\u00e9 pour elle ne voient pas les mesures sociales, soci\u00e9tales ou en mati\u00e8re d\u2019\u00e9ducation qui ont \u00e9t\u00e9 prises. S\u00fbrement parce que le d\u00e9but de quinquennat a \u00e9t\u00e9 consacr\u00e9 \u00e0 faire des cadeaux aux tr\u00e8s tr\u00e8s ais\u00e9s. \u00bb<br \/>\n\u00ab A partir du moment o\u00f9 l\u2019on d\u00e9cide de remettre sur les rails la r\u00e9forme de l\u2019assurance ch\u00f4mage, c\u2019est-\u00e0-dire de faire des \u00e9conomies sur les gens qui vont \u00eatre victimes de la crise \u00e9conomique et sociale due \u00e0 la crise sanitaire, tout en refusant de taxer l\u2019\u00e9pargne accumul\u00e9e par les plus ais\u00e9s, \u00e7a d\u00e9finit une ligne politique &#8211; de droite. \u00bb<\/p>\n<p><em>\u00a0<strong>Sur Lib\u00e9ration, journal des gauches<\/em>\u00a0<\/strong><br \/>\n\u00ab\u00a0En 2017, on avait \u00e9t\u00e9 \u00e0 l\u2019initiative, quand on ne parlait pas encore de primaires \u00e0 gauche, d\u2019une tentative de primaire qui irait de Fran\u00e7ois Hollande \u00e0 Jean-Luc M\u00e9lenchon. Avec peu d\u2019espoir que \u00e7a aboutisse. Mais c\u2019\u00e9tait notre r\u00f4le en tant que journal qui voulait favoriser l\u2019union.\u00a0Ce sera aussi notre r\u00f4le pour 2022 : faire dialoguer les responsables politiques de gauche, trouver des convergences entre eux et les mettre face \u00e0 leurs responsabilit\u00e9s.\u00a0\u00bb<br \/>\n\u00ab\u00a0Cela ne veut pas dire qu\u2019il faut une candidature unique parce qu\u2019il faut aussi qu\u2019il y ait une diversit\u00e9 pour les \u00e9lecteurs de gauche.\u00a0Mais il faut \u00e9viter le morcellement qui ferait qu\u2019il y ait une impossibilit\u00e9 pour un candidat de gauche d\u2019arriver au second tour.\u00a0\u00bb<br \/>\n\u00ab\u00a0En 1934, les communistes et les socialistes ont su se mettre ensemble dans une m\u00eame manifestation\u00a0contre les Ligues d\u2019extr\u00eame droite ; avant 1981, communistes et socialistes avaient r\u00e9ussi \u00e0 se mettre d\u2019accord pour un programme commun. Pourquoi est-ce que ce serait impossible aujourd\u2019hui ?\u00a0\u00bb<br \/>\n\u00ab\u00a0Il n\u2019y a qu\u2019\u00e0 lire ce que dit sur les r\u00e9seaux Jean Quatremer : il est beaucoup plus proche de la majorit\u00e9 de la r\u00e9daction de Lib\u00e9ration parce qu\u2019il a vu ce qui s\u2019est pass\u00e9 en Europe et \u00e0 Bruxelles, notamment depuis les derni\u00e8res crises politiques.\u00a0\u00bb<div id='gallery-1' class='gallery galleryid-12799 gallery-columns-3 gallery-size-thumbnail'><figure class='gallery-item'>\n\t\t\t<div class='gallery-icon landscape'>\n\t\t\t\t<a href='https:\/\/archives.regards.fr\/wp-content\/uploads\/2021\/03\/screenshot_2021-03-02_at_14-790.07.54.png'><img loading=\"lazy\" decoding=\"async\" width=\"150\" height=\"150\" src=\"https:\/\/archives.regards.fr\/wp-content\/uploads\/2021\/03\/screenshot_2021-03-02_at_14-790.07.54-150x150.png\" class=\"attachment-thumbnail size-thumbnail\" alt=\"screenshot_2021-03-02_at_14.07.54.png\" \/><\/a>\n\t\t\t<\/div><\/figure>\n\t\t<\/div>\n<\/p>\n","protected":false},"excerpt":{"rendered":"<p>Ce week-end, <em>Lib\u00e9ration<\/em> a publi\u00e9 une enqu\u00eate, sur la base de t\u00e9moignages, sur cet \u00e9lectorat de gauche qui ne votera plus jamais Macron \u2013 y compris en cas de second tour face \u00e0 Le Pen. <em>Lib\u00e9<\/em> entend ainsi alerter les dirigeants de gauche. Lilian Alemagna, chef du service politique de Lib\u00e9ration, est l\u2019invit\u00e9 de #LaMidinale\u200b.<\/p>\n","protected":false},"author":1204,"featured_media":30326,"comment_status":"open","ping_status":"open","sticky":false,"template":"","format":"standard","meta":{"_themeisle_gutenberg_block_has_review":false,"footnotes":""},"categories":[238],"tags":[293],"class_list":["post-12799","post","type-post","status-publish","format-standard","has-post-thumbnail","hentry","category-la-midinale","tag-entretien"],"_links":{"self":[{"href":"https:\/\/archives.regards.fr\/index.php?rest_route=\/wp\/v2\/posts\/12799","targetHints":{"allow":["GET"]}}],"collection":[{"href":"https:\/\/archives.regards.fr\/index.php?rest_route=\/wp\/v2\/posts"}],"about":[{"href":"https:\/\/archives.regards.fr\/index.php?rest_route=\/wp\/v2\/types\/post"}],"author":[{"embeddable":true,"href":"https:\/\/archives.regards.fr\/index.php?rest_route=\/wp\/v2\/users\/1204"}],"replies":[{"embeddable":true,"href":"https:\/\/archives.regards.fr\/index.php?rest_route=%2Fwp%2Fv2%2Fcomments&post=12799"}],"version-history":[{"count":0,"href":"https:\/\/archives.regards.fr\/index.php?rest_route=\/wp\/v2\/posts\/12799\/revisions"}],"wp:featuredmedia":[{"embeddable":true,"href":"https:\/\/archives.regards.fr\/index.php?rest_route=\/wp\/v2\/media\/30326"}],"wp:attachment":[{"href":"https:\/\/archives.regards.fr\/index.php?rest_route=%2Fwp%2Fv2%2Fmedia&parent=12799"}],"wp:term":[{"taxonomy":"category","embeddable":true,"href":"https:\/\/archives.regards.fr\/index.php?rest_route=%2Fwp%2Fv2%2Fcategories&post=12799"},{"taxonomy":"post_tag","embeddable":true,"href":"https:\/\/archives.regards.fr\/index.php?rest_route=%2Fwp%2Fv2%2Ftags&post=12799"}],"curies":[{"name":"wp","href":"https:\/\/api.w.org\/{rel}","templated":true}]}}