{"id":12796,"date":"2021-02-26T12:44:13","date_gmt":"2021-02-26T11:44:13","guid":{"rendered":"https:\/\/wp.muchomaas.com\/article-makan-fofana-l-imaginaire-ce-n-est-pas-reserve-aux-bourgeois-il-en-faut-pour\/"},"modified":"2023-06-24T00:12:05","modified_gmt":"2023-06-23T22:12:05","slug":"article-makan-fofana-l-imaginaire-ce-n-est-pas-reserve-aux-bourgeois-il-en-faut-pour","status":"publish","type":"post","link":"https:\/\/archives.regards.fr\/?p=12796","title":{"rendered":"Makan Fofana : \u00ab L&#8217;imaginaire, ce n&#8217;est pas r\u00e9serv\u00e9 aux bourgeois : il en faut pour penser la banlieue du turfu \u00bb"},"content":{"rendered":"<p class=\"post_excerpt\">La banlieue a besoin d&#8217;une contre-histoire en puissance, elle a besoin d&#8217;affabulation et de d&#8217;imaginaire. Bref, elle a besoin de turfu. Makan Fofana, designer, apprenti marabout, chercheur associ\u00e9 \u00e0 l&#8217;universit\u00e9 Queen Mary of London, vient de publier <em>La banlieue du turfu : du chaos na\u00eet la cr\u00e9ation<\/em> aux \u00e9ditions Tana. Il est l&#8217;invit\u00e9 de #LaMidinale.<\/p>\n<h2>UNE MIDINALE \u00c0 VOIR&#8230;<\/h2>\n<p><iframe loading=\"lazy\" width=\"490\" height=\"276\" src=\"https:\/\/www.youtube.com\/embed\/-kW3YKPUKzQ\" frameborder=\"0\" allow=\"accelerometer; autoplay; clipboard-write; encrypted-media; gyroscope; picture-in-picture\" allowfullscreen><\/iframe><\/p>\n<p>&nbsp;<\/p>\n<p><h2>ET \u00c0 LIRE&#8230;<\/h2>\n<p><em>\u00a0<strong>Sur le turfu de la banlieue<\/em>\u00a0<\/strong><br \/>\n\u00ab\u00a0Un futur prend toujours racine dans un environnement culturel et mental.\u00a0\u00bb<br \/>\n\u00ab\u00a0Le terme turfu que j\u2019emploie \u00e9tait pour appuyer le fait que germe un futur d\u00e9sirable pour soi et pour les autres, dans les quartiers.\u00a0\u00bb<br \/>\n\u00ab\u00a0Il ne faut plus dissocier quartiers et r\u00eave, accomplissement et banlieue.\u00a0\u00bb<\/p>\n<p><em>\u00a0<strong>Sur sa d\u00e9finition de la banlieue<\/em>\u00a0<\/strong><br \/>\n\u00ab\u00a0L\u2019erreur souvent faite aujourd\u2019hui, c\u2019est de trop associer son identit\u00e9 \u00e0 la culture des quartiers en oubliant d\u2019y ajouter de la diversit\u00e9, de la magie et de l\u2019explosion.\u00a0\u00bb<br \/>\n\u00ab\u00a0Il y a une d\u00e9finition classique des banlieues : les quartiers politique de la ville (QPV), li\u00e9s \u00e0 un espace g\u00e9ographique. Mais pour moi, c\u2019est beaucoup plus que cela : c\u2019est une culture, un imaginaire, un partage du sensible, une mani\u00e8re de se d\u00e9crire.\u00a0\u00bb<\/p>\n<p><em>\u00a0<strong>Sur les repr\u00e9sentations de la banlieue<\/em>\u00a0<\/strong><br \/>\n\u00ab\u00a0La banlieue du turfu essaie de r\u00e9soudre la dichotomie entre la banlieue qui serait un espace trop bien et un espace pourri.\u00a0\u00bb<br \/>\n\u00ab\u00a0Il y a un paradoxe : les jeunes qui valorisent leur identit\u00e9 de quartier, d\u00e8s qu\u2019ils ont le choix, ils partent.\u00a0\u00bb<br \/>\n\u00ab\u00a0Dans les turfus possibles, on peut changer de vie et aller vers une banlieue symbiotique, changer de lieu et aller vers une banlieue orbitale\u2026 C\u2019est \u00e0 chacun de d\u00e9cider.\u00a0\u00bb<br \/>\n\u00ab\u00a0Il faut sans arr\u00eat faire des propositions de nouveaux r\u00e9cits.\u00a0\u00bb<\/p>\n<p><em>\u00a0<strong>Sur les objectifs de la banlieue du turfu<\/em>\u00a0<\/strong><br \/>\n\u00ab\u00a0Nous devons faire des r\u00eaves communs.\u00a0\u00bb<br \/>\n\u00ab\u00a0La plupart des habitants ont un r\u00eave personnel que l\u2019on peut r\u00e9sumer \u00e0 l\u2019ascenseur social avec un but pr\u00e9cis : faire Sciences po ou devenir rappeur.\u00a0\u00bb<br \/>\n\u00ab\u00a0La banlieue du turfu, c\u2019est un projet commun. Et je ne peut pas imposer \u00e0 tout le monde une image de la banlieue du turfu.\u00a0\u00bb<br \/>\n\u00ab\u00a0La r\u00e9ussite de 100.000 banlieusards, ce n\u2019est pas cela qui fera un projet commun.\u00a0\u00bb<br \/>\n\u00ab\u00a0Pour faire un projet commun, il faut se poser \u00e0 la chicha parce que r\u00e9fl\u00e9chir, \u00e7a prend du temps.\u00a0\u00bb<\/p>\n<p><em>\u00a0<strong>Sur l\u2019islam<\/em>\u00a0<\/strong><br \/>\n\u00ab\u00a0J\u2019ai d\u00e9cid\u00e9 un jour de me consacrer \u00e0 la religion lorsque j\u2019ai rat\u00e9 une d\u00e9tection de football au FC Rennes.\u00a0\u00bb<br \/>\n\u00ab\u00a0La pratique de l\u2019islam dans les quartiers n\u2019est pas une mani\u00e8re de se projeter originalement dans le monde.\u00a0\u00bb<br \/>\n\u00ab\u00a0Chez beaucoup de jeunes de quartier, l\u2019islam sert \u00e0 se rassurer.\u00a0\u00bb<br \/>\n\u00ab\u00a0L\u2019islam permet de se dire : je ne fais peut-\u00eatre pas partie des puissants de ce monde mais je ferai partie de ceux de l\u2019autre monde.\u00a0On s\u2019assoit sur cette fiction, ce r\u00e9cit, et \u00e7a \u00e9vite de gaspiller trop son temps \u00e0 developper une spiritualit\u00e9 de la cr\u00e9ation.\u00a0\u00bb<br \/>\n\u00ab\u00a0La vision de l\u2019islam des quartiers est nihiliste.\u00a0\u00bb<\/p>\n<p><em>\u00a0<strong>Sur les barres HLM<\/em>\u00a0<\/strong><br \/>\n\u00ab\u00a0L\u2019architecture ne r\u00e9pond pas \u00e0 des questionnements philosophiques, existentiels et m\u00e9taphysiques fondamentaux.\u00a0\u00bb<br \/>\n\u00ab Cela fait partie de l\u2019histoire que de faire \u00e9voluer l\u2019architecture : une architecture qui a \u00e9t\u00e9 cr\u00e9\u00e9e \u00e0 un moment donn\u00e9 ne correspond peut-\u00eatre plus aux besoins d\u2019une autre \u00e9poque.\u00a0\u00bb<br \/>\n\u00ab\u00a0Dans mon quartier, on engage des changements par rapport \u00e0 l\u2019ANRU : d\u00e9truire, reconstruire\u2026 Ceux qui disent qu\u2019il ne faut pas d\u00e9truire mon quartier, la plupart n\u2019habitent pas dans le quartier ! Mais ils y ont leurs parents : on ne d\u00e9veloppe pas le territoire parce que il y a des parents alors m\u00eame que les enfants sont partis dans la ville bourgeoise d\u2019\u00e0 c\u00f4t\u00e9.\u00a0\u00bb<br \/>\n\u00ab\u00a0Ceux qui parlent d\u2019\u00e9motion li\u00e9e aux barres HLM ne sont pas dans les quartiers avec nous.\u00a0\u00bb<\/p>\n<p><em>\u00a0<strong>Sur l\u2019imaginaire et la r\u00e9alit\u00e9<\/em>\u00a0<\/strong><br \/>\n\u00ab\u00a0L\u2019un des clich\u00e9s auquel j\u2019ai \u00e9t\u00e9 confront\u00e9 dans mon processus de cr\u00e9ation de la banlieue du turfu, c\u2019est que l\u2019imaginaire, c\u2019\u00e9tait pour les bourgeois.\u00a0\u00bb<br \/>\n\u00ab\u00a0Dans la banlieue, il y a un cercle vicieux fait de proph\u00e9ties autor\u00e9alisatrices dans le mauvais sens. Mais il peut y en avoir dans le bon sens : \u00e0 partir du moment o\u00f9 on partage une possibilit\u00e9 d\u2019un truc nouveau, cette croyance, imaginaire \u00e0 la base, devient une r\u00e9alit\u00e9.\u00a0\u00bb<br \/>\n\u00ab\u00a0Le pi\u00e8ge de ces descriptions r\u00e9elles, c\u2019est qu\u2019elles nous enferment dans un r\u00e9el tout en oubliant les possibilit\u00e9s que le r\u00e9el \u00e9volue.\u00a0\u00bb<br \/>\n\u00ab\u00a0Lorsqu\u2019un homme se recroqueville sur la r\u00e9alit\u00e9, ca devient probl\u00e9matique. L\u2019homme est une esp\u00e8ce fabulatrice.\u00a0\u00bb<br \/>\n\u00ab\u00a0Lorsque l\u2019on regarde les puissants comme les GAFA, on voit bien qu\u2019ils ont conscience de la puissance de l\u2019imaginaire.\u00a0\u00bb<br \/>\n\u00ab\u00a0L\u2019imaginaire est important pour l\u2019humain, pour la sant\u00e9 mais aussi pour l\u2019innovation et la cr\u00e9ation.\u00a0\u00bb<\/p>\n<p><em>\u00a0<strong>Sur la capacit\u00e9 de puissance<\/em>\u00a0<\/strong><br \/>\n\u00ab\u00a0Tout le monde n\u2019aura pas la force de porter un projet comme la banlieue du turfu.\u00a0\u00bb<br \/>\n\u00ab\u00a0Nietzsche m\u2019a apport\u00e9 la volont\u00e9 de puissance, orient\u00e9e par le r\u00e9cit, par la philosophie et pas par le ressentiment.\u00a0\u00bb<br \/>\n\u00ab\u00a0L\u2019une des difficult\u00e9s pour passer d\u2019une vision r\u00e9aliste de la banlieue \u00e0 des possibilit\u00e9s ou l\u2019affabulation, c\u2019est la capacit\u00e9 \u00e0 vivre une transition \u00e9motionnelle. Quelqu\u2019un qui n\u2019arrive pas \u00e0 reprogrammer et retravailler son \u00e9motion \u00e0 travers l\u2019art ou la philosophie ne va pas r\u00e9ussir \u00e0 modifier son \u00e9tat de conscience et \u00e0 imaginer d\u2019autres possibles.\u00a0\u00bb<\/p>\n<p><em>\u00a0<strong>Sur la d\u00e9mocratie dans les chichas<\/em>\u00a0<\/strong><br \/>\n\u00ab\u00a0Les chichas sont en soi des lieux hybrides, entre plusieurs cultures.\u00a0\u00bb<br \/>\n\u00ab\u00a0Dans la majorit\u00e9 des chiches que je connais, y\u2019a des jeunes de quartiers mais aussi des bac+5, des footballers, des cadres \u00e0 Duba\u00ef\u2026\u00a0\u00bb<br \/>\n\u00ab\u00a0Il y a une repr\u00e9sentativit\u00e9 d\u00e9mocratique dans les chiches.\u00a0\u00bb<br \/>\n\u00ab\u00a0Mon projet d\u00e9mocratique dans les chiches, il peut aussi se d\u00e9velopper dans des bars et des bistrots.\u00a0\u00bb<\/p>\n<p><em>\u00a0<strong>Sur le rapport de la banlieue du turfu \u00e0 la politique<\/em>\u00a0<\/strong><br \/>\n\u00ab\u00a0Un des piliers de la banlieue du turfu, c\u2019est l\u2019autonomie politique.\u00a0\u00bb<br \/>\n\u00ab\u00a0Mon propos, c\u2019\u00e9tait d\u2019aller droit au but avec ma muse.\u00a0\u00bb<br \/>\n\u00ab\u00a0L\u2019objectif de la banlieue du turfu, c\u2019est qu\u2019elle produise elle-m\u00eame ses institutions sans passer par les cases politiques classiques.\u00a0\u00bb<br \/>\n\u00ab\u00a0Je pense qu\u2019il peut y avoir des cohabitations entre la banlieue du turfu et les politiques classiques.\u00a0\u00bb<br \/>\n\u00ab\u00a0Il ne faut pas que la banlieue du turfu soit pouss\u00e9e uniquement par des politiques publiques.\u00a0\u00bb<br \/>\n\u00ab\u00a0Je veux montrer qu\u2019il est possible de penser le monde depuis la banlieue et d\u2019y apporter sa contribution.\u00a0\u00bb<div id='gallery-1' class='gallery galleryid-12796 gallery-columns-3 gallery-size-thumbnail'><figure class='gallery-item'>\n\t\t\t<div class='gallery-icon landscape'>\n\t\t\t\t<a href='https:\/\/archives.regards.fr\/wp-content\/uploads\/2021\/02\/capture_d_e_cran_2021-02-26_a_12-a81.37.17.png'><img loading=\"lazy\" decoding=\"async\" width=\"150\" height=\"150\" src=\"https:\/\/archives.regards.fr\/wp-content\/uploads\/2021\/02\/capture_d_e_cran_2021-02-26_a_12-a81.37.17-150x150.png\" class=\"attachment-thumbnail size-thumbnail\" alt=\"capture_d_e_cran_2021-02-26_a_12.37.17.png\" \/><\/a>\n\t\t\t<\/div><\/figure>\n\t\t<\/div>\n<\/p>\n","protected":false},"excerpt":{"rendered":"<p>La banlieue a besoin d&#8217;une contre-histoire en puissance, elle a besoin d&#8217;affabulation et de d&#8217;imaginaire. Bref, elle a besoin de turfu. Makan Fofana, designer, apprenti marabout, chercheur associ\u00e9 \u00e0 l&#8217;universit\u00e9 Queen Mary of London, vient de publier <em>La banlieue du turfu : du chaos na\u00eet la cr\u00e9ation<\/em> aux \u00e9ditions Tana. Il est l&#8217;invit\u00e9 de #LaMidinale.<\/p>\n","protected":false},"author":1204,"featured_media":30321,"comment_status":"open","ping_status":"open","sticky":false,"template":"","format":"standard","meta":{"_themeisle_gutenberg_block_has_review":false,"footnotes":""},"categories":[238],"tags":[293],"class_list":["post-12796","post","type-post","status-publish","format-standard","has-post-thumbnail","hentry","category-la-midinale","tag-entretien"],"_links":{"self":[{"href":"https:\/\/archives.regards.fr\/index.php?rest_route=\/wp\/v2\/posts\/12796","targetHints":{"allow":["GET"]}}],"collection":[{"href":"https:\/\/archives.regards.fr\/index.php?rest_route=\/wp\/v2\/posts"}],"about":[{"href":"https:\/\/archives.regards.fr\/index.php?rest_route=\/wp\/v2\/types\/post"}],"author":[{"embeddable":true,"href":"https:\/\/archives.regards.fr\/index.php?rest_route=\/wp\/v2\/users\/1204"}],"replies":[{"embeddable":true,"href":"https:\/\/archives.regards.fr\/index.php?rest_route=%2Fwp%2Fv2%2Fcomments&post=12796"}],"version-history":[{"count":0,"href":"https:\/\/archives.regards.fr\/index.php?rest_route=\/wp\/v2\/posts\/12796\/revisions"}],"wp:featuredmedia":[{"embeddable":true,"href":"https:\/\/archives.regards.fr\/index.php?rest_route=\/wp\/v2\/media\/30321"}],"wp:attachment":[{"href":"https:\/\/archives.regards.fr\/index.php?rest_route=%2Fwp%2Fv2%2Fmedia&parent=12796"}],"wp:term":[{"taxonomy":"category","embeddable":true,"href":"https:\/\/archives.regards.fr\/index.php?rest_route=%2Fwp%2Fv2%2Fcategories&post=12796"},{"taxonomy":"post_tag","embeddable":true,"href":"https:\/\/archives.regards.fr\/index.php?rest_route=%2Fwp%2Fv2%2Ftags&post=12796"}],"curies":[{"name":"wp","href":"https:\/\/api.w.org\/{rel}","templated":true}]}}