{"id":12794,"date":"2021-02-25T14:21:40","date_gmt":"2021-02-25T13:21:40","guid":{"rendered":"https:\/\/wp.muchomaas.com\/article-thomas-portes-peu-importe-derriere-qui-se-fait-le-rassemblement-a-gauche-on-est\/"},"modified":"2023-06-24T00:12:04","modified_gmt":"2023-06-23T22:12:04","slug":"article-thomas-portes-peu-importe-derriere-qui-se-fait-le-rassemblement-a-gauche-on-est","status":"publish","type":"post","link":"https:\/\/archives.regards.fr\/?p=12794","title":{"rendered":"Thomas Portes : \u00ab Peu importe derri\u00e8re qui se fait le rassemblement \u00e0 gauche, on est loin d&#8217;\u00eatre s\u00fbr de gagner \u00bb"},"content":{"rendered":"<p class=\"post_excerpt\">Ca sert encore \u00e0 quelque chose de revendiquer la gauche dans la p\u00e9riode actuelle ? Thomas Portes, porte-parole de G\u00e9n\u00e9ration.s et pr\u00e9sident de l&#8217;Observatoire national de l&#8217;extr\u00eame droite, est l&#8217;invit\u00e9 de la Midinale.<\/p>\n<h2>UNE MIDINALE \u00c0 VOIR&#8230;<\/h2>\n<p><iframe loading=\"lazy\" width=\"490\" height=\"276\" src=\"https:\/\/www.youtube.com\/embed\/NO3YIUFsGgc\" frameborder=\"0\" allow=\"accelerometer; autoplay; clipboard-write; encrypted-media; gyroscope; picture-in-picture\" allowfullscreen><\/iframe><\/p>\n<p>&nbsp;<\/p>\n<p><h2>ET \u00c0 LIRE&#8230;<\/h2>\n<p><em>\u00a0<strong>Ca sert \u00e0 quoi la gauche ?<\/em>\u00a0<\/strong><br \/>\n\u00ab\u00a0On a plus que jamais besoin de gauche et d\u2019\u00eatre de gauche dans cette p\u00e9riode.\u00a0\u00bb<br \/>\n\u00ab\u00a0La crise a mis en lumi\u00e8re toutes les impasses de notre soci\u00e9t\u00e9 lib\u00e9rale &#8211; on en voit aujourd\u2019hui le d\u00e9sastre.\u00a0\u00bb<br \/>\n\u00ab\u00a0On approche d\u2019une p\u00e9riode \u00e9lectorale o\u00f9 l\u2019on se focalise plus sur les candidatures que sur les projets.\u00a0\u00bb<br \/>\n\u00ab\u00a0Si on veut que des id\u00e9es de gauche et des horizons \u00e9mancipateurs \u00e9mergent, il faut que ces questions \u00e9lectorales et politiques deviennent populaires et prises en compte par les citoyens.\u00a0\u00bb<br \/>\n\u00ab\u00a0Il y a les mobilisations pour le climat, les gilets jaunes, les marches contre les violences polici\u00e8res : si ces mouvements populaires et sociaux ne prennent pas corps aujourd\u2019hui dans la politique, on ne va pas y arriver.\u00a0\u00bb<br \/>\n\u00ab\u00a0A l\u2019approche d\u2019\u00e9lections, municipales, d\u00e9partementales, r\u00e9gionales ou pr\u00e9sidentielles, on voit que l\u2019on butte sur des questions d\u2019appareil.\u00a0\u00bb<br \/>\n\u00ab\u00a0Il y a des sujets sur lesquels on peut se rassembler : sant\u00e9, culture, services publics\u2026\u00a0\u00bb<br \/>\n\u00ab\u00a0Le quinquennat d\u2019Emmanuel Macron a d\u00e9boussol\u00e9 une partie des \u00e9lecteurs et des citoyens avec des taux de participation aux derni\u00e8res \u00e9lections municipales tr\u00e8s faibles.\u00a0\u00bb<br \/>\n\u00ab\u00a0Fran\u00e7ois Hollande a ab\u00eem\u00e9 l\u2019id\u00e9e de gauche : il porte une responsabilit\u00e9 dans la situation actuelle.\u00a0\u00bb<\/p>\n<p><em>\u00a0<strong>Sur les diff\u00e9rences voire les divergences \u00e0 gauche<\/em>\u00a0<\/strong><br \/>\n\u00ab\u00a0Ce qui a toujours fait la richesse de la gauche, c\u2019est sa diversit\u00e9.\u00a0\u00bb<br \/>\n\u00ab\u00a0Il y a un certain nombre d\u2019id\u00e9es sur lesquelles les forces de gauche et \u00e9cologistes peuvent se rassembler.\u00a0\u00bb<br \/>\n\u00ab\u00a0On sait que l\u2019unit\u00e9 est un combat difficile mais il faut aussi \u00e9couter ce que disent les gens : sur le terrain, les gens veulent un rassemblement.\u00a0\u00bb<br \/>\n\u00ab\u00a0Il ne faut pas de rassemblement pour le rassemblement : il faut un projet politique fort et \u00e9mancipateur.\u00a0\u00bb<br \/>\n\u00ab\u00a0Un rassemblement sur la seule base des logos de partis les uns \u00e0 c\u00f4t\u00e9 des autres, \u00e7a ne marchera pas.\u00a0\u00bb<br \/>\n\u00ab\u00a0La radicalit\u00e9 \u00e9cologique et la justice sociale sont les deux piliers majeurs qu\u2019il faut porter au coeur du projet de la gauche.\u00a0\u00bb<br \/>\n\u00ab\u00a0Quelle que soit la personne qui incarne le rassemblement \u00e0 gauche, on n\u2019est m\u00eame pas s\u00fbr de gagner : il y a un travail titanesque \u00e0 faire.\u00a0\u00bb<\/p>\n<p><em>\u00a0<strong>Sur la gauche et l\u2019extr\u00eame droite<\/em>\u00a0<\/strong><br \/>\n\u00ab\u00a0On n\u2019en fait jamais assez contre l\u2019extr\u00eame droite.\u00a0\u00bb<br \/>\n\u00ab\u00a0On attaque toujours Emmanuel Macron sur ses choix n\u00e9olib\u00e9raux : il faut continuer \u00e0 le faire parce que c\u2019est l\u2019ADN de la gauche que de combattre le n\u00e9olib\u00e9ralisme, mais il faut aussi s\u2019attaquer \u00e0 l\u2019extr\u00eame droite et ne pas laisser passer ses discours.\u00a0\u00bb<br \/>\n\u00ab\u00a0Je partage ce qu\u2019a dit C\u00e9cile Duflot sur la question de la gauche et de l\u2019extr\u00eame droite : on n\u2019est pas \u00e0 la hauteur.\u00a0\u00bb<br \/>\n\u00ab\u00a0Les seuls \u00e9lus de la R\u00e9publique qui sont mont\u00e9s au cr\u00e9neau pour d\u00e9fendre G\u00e9n\u00e9ration identitaire, ce sont des membres du Rassemblement national et de l\u2019extr\u00eame droite.\u00a0\u00bb<\/p>\n<p><em>\u00a0<strong>Sur G\u00e9n\u00e9ration.s<\/em>\u00a0<\/strong><br \/>\n\u00ab\u00a0L\u2019ADN de la cr\u00e9ation de G\u00e9n\u00e9ration.s, c\u2019est d\u2019essayer d\u2019avoir grand p\u00f4le \u00e9colo et social qui prenne en compte la radicalit\u00e9 \u00e9cologiste et la justice sociale.\u00a0\u00bb<br \/>\n\u00ab\u00a0G\u00e9n\u00e9ration.s r\u00e9pond \u00e0 toutes les discussions que nous proposent les forces de gauche.\u00a0\u00bb<br \/>\n\u00ab\u00a0Jean-Luc M\u00e9lenchon s\u2019est adress\u00e9 \u00e0 toutes les organisations de gauche et on y a r\u00e9pondu favorablement. On a des discussions avec EELV et d\u2019autres mouvements \u00e9colo.\u00a0\u00bb<br \/>\n\u00ab\u00a0Le but de G\u00e9n\u00e9ration.s, ce n\u2019est pas d\u2019\u00eatre un parti de masse mais d\u2019avoir une organisation politique qui rassemble largement des citoyennes et des citoyens sur deux pieds : l\u2019\u00e9cologie et la lutte des classes.\u00a0\u00bb<br \/>\n\u00ab\u00a0Le but de G\u00e9n\u00e9ration.s n\u2019est pas d\u2019\u00eatre h\u00e9g\u00e9monique mais d\u2019\u00eatre utile au rassemblement et \u00e0 l\u2019int\u00e9r\u00eat g\u00e9n\u00e9ral.\u00a0\u00bb<\/p>\n<p><em>\u00a0<strong>Sur la pr\u00e9sidentielle de 2022<\/em>\u00a0<\/strong><br \/>\n\u00ab\u00a0Aujourd\u2019hui, on n\u2019a pas encore d\u00e9cid\u00e9 quel candidat on allait soutenir pour la pr\u00e9sidentielle de 2022.\u00a0\u00bb<br \/>\n\u00ab\u00a0On continue de croire possible qu\u2019il y ait un seul candidat \u00e0 gauche au premier tour.\u00a0\u00bb<br \/>\n\u00ab\u00a0Jean-Luc M\u00e9lenchon est celui qui a la meilleure dynamique avec un paquet d\u2019\u00e9lecteurs en 2017 et un programme solide. Mais on discute avec lui autant que l\u2019on discute avec les \u00e9colos, avec le PCF, avec le PS (m\u00eame si c\u2019est plus ou moins difficile parce qu\u2019il y a de vraies divergences sur certains sujets).\u00a0\u00bb<br \/>\n\u00ab\u00a0Une \u00e9lection pr\u00e9sidentielle doit certes servir \u00e0 porter des id\u00e9es mais surtout \u00e0 faire gagner un projet pour donner de l\u2019espoir \u00e0 des gens.\u00a0\u00bb<br \/>\n\u00ab\u00a0En l\u2019\u00e9tat actuel des choses, avec 4 ou 5 candidats \u00e0 gauche au premier tour de la pr\u00e9sidentielle, on sait que l\u2019on a perdu d\u2019avance.\u00a0\u00bb<br \/>\n\u00ab\u00a0J\u2019esp\u00e8re que, pour r\u00e9pondre aux attentes de millions de syndicalistes mobilis\u00e9s, de millions de jeunes qui vont marcher pour le climat, aux gilets jaunes\u2026 on va r\u00e9ussir \u00e0 leur montrer l\u2019on peut sortir d\u2019un syst\u00e8me o\u00f9 37 des plus riches familles de France qui sont parties au Luxembourg.\u00a0\u00bb<div id='gallery-1' class='gallery galleryid-12794 gallery-columns-3 gallery-size-thumbnail'><figure class='gallery-item'>\n\t\t\t<div class='gallery-icon landscape'>\n\t\t\t\t<a href='https:\/\/archives.regards.fr\/wp-content\/uploads\/2021\/02\/capture_d_e_cran_2021-02-25_a_14-082.14.24.png'><img loading=\"lazy\" decoding=\"async\" width=\"150\" height=\"150\" src=\"https:\/\/archives.regards.fr\/wp-content\/uploads\/2021\/02\/capture_d_e_cran_2021-02-25_a_14-082.14.24-150x150.png\" class=\"attachment-thumbnail size-thumbnail\" alt=\"capture_d_e_cran_2021-02-25_a_14.14.24.png\" \/><\/a>\n\t\t\t<\/div><\/figure>\n\t\t<\/div>\n<\/p>\n","protected":false},"excerpt":{"rendered":"<p>Ca sert encore \u00e0 quelque chose de revendiquer la gauche dans la p\u00e9riode actuelle ? Thomas Portes, porte-parole de G\u00e9n\u00e9ration.s et pr\u00e9sident de l&#8217;Observatoire national de l&#8217;extr\u00eame droite, est l&#8217;invit\u00e9 de la Midinale.<\/p>\n","protected":false},"author":1204,"featured_media":30319,"comment_status":"open","ping_status":"open","sticky":false,"template":"","format":"standard","meta":{"_themeisle_gutenberg_block_has_review":false,"footnotes":""},"categories":[238],"tags":[293],"class_list":["post-12794","post","type-post","status-publish","format-standard","has-post-thumbnail","hentry","category-la-midinale","tag-entretien"],"_links":{"self":[{"href":"https:\/\/archives.regards.fr\/index.php?rest_route=\/wp\/v2\/posts\/12794","targetHints":{"allow":["GET"]}}],"collection":[{"href":"https:\/\/archives.regards.fr\/index.php?rest_route=\/wp\/v2\/posts"}],"about":[{"href":"https:\/\/archives.regards.fr\/index.php?rest_route=\/wp\/v2\/types\/post"}],"author":[{"embeddable":true,"href":"https:\/\/archives.regards.fr\/index.php?rest_route=\/wp\/v2\/users\/1204"}],"replies":[{"embeddable":true,"href":"https:\/\/archives.regards.fr\/index.php?rest_route=%2Fwp%2Fv2%2Fcomments&post=12794"}],"version-history":[{"count":0,"href":"https:\/\/archives.regards.fr\/index.php?rest_route=\/wp\/v2\/posts\/12794\/revisions"}],"wp:featuredmedia":[{"embeddable":true,"href":"https:\/\/archives.regards.fr\/index.php?rest_route=\/wp\/v2\/media\/30319"}],"wp:attachment":[{"href":"https:\/\/archives.regards.fr\/index.php?rest_route=%2Fwp%2Fv2%2Fmedia&parent=12794"}],"wp:term":[{"taxonomy":"category","embeddable":true,"href":"https:\/\/archives.regards.fr\/index.php?rest_route=%2Fwp%2Fv2%2Fcategories&post=12794"},{"taxonomy":"post_tag","embeddable":true,"href":"https:\/\/archives.regards.fr\/index.php?rest_route=%2Fwp%2Fv2%2Ftags&post=12794"}],"curies":[{"name":"wp","href":"https:\/\/api.w.org\/{rel}","templated":true}]}}