{"id":12793,"date":"2021-02-24T14:20:54","date_gmt":"2021-02-24T13:20:54","guid":{"rendered":"https:\/\/wp.muchomaas.com\/article-covid-19-il-y-a-un-apartheid-vaccinal\/"},"modified":"2023-06-24T00:12:03","modified_gmt":"2023-06-23T22:12:03","slug":"article-covid-19-il-y-a-un-apartheid-vaccinal","status":"publish","type":"post","link":"https:\/\/archives.regards.fr\/?p=12793","title":{"rendered":"Covid-19 : \u00ab Il y a un apartheid vaccinal \u00bb"},"content":{"rendered":"<p class=\"post_excerpt\"><a href=\"https:\/\/www.wesign.it\/fr\/sante\/brevets-sur-les-vaccins-anti-covid-stop-requisition-\">Leur p\u00e9tition<\/a> lanc\u00e9e par pr\u00e8s de 50 associations et 100 personnalit\u00e9s a atteint les 5000 signatures. Ils demandent l&#8217;ouverture des brevets et la r\u00e9quisition des usines pour fabriquer le vaccin. Sylvie Larue de la coop\u00e9rative Cerises et Franck Prouhet, m\u00e9decin g\u00e9n\u00e9raliste, tous deux \u00e0 l&#8217;initiative de l&#8217;appel, sont les invit\u00e9s de #LaMidinale.<\/p>\n<h2>UNE MIDINALE \u00c0 VOIR&#8230;<\/h2>\n<p><iframe loading=\"lazy\" width=\"490\" height=\"276\" src=\"https:\/\/www.youtube.com\/embed\/DfRS9H8y-38\" frameborder=\"0\" allow=\"accelerometer; autoplay; clipboard-write; encrypted-media; gyroscope; picture-in-picture\" allowfullscreen><\/iframe><\/p>\n<p>&nbsp;<\/p>\n<p>Pour signer la p\u00e9tition, c&#8217;est par <a href=\"https:\/\/www.wesign.it\/fr\/sante\/brevets-sur-les-vaccins-anti-covid-stop-requisition\">ici<\/a>.<\/p>\n<h2>ET \u00c0 LIRE&#8230;<\/h2>\n<p><em>\u00a0<strong>Sur l\u2019imp\u00e9ratif que les vaccins soient des biens communs mondiaux<\/em>\u00a0<\/strong><br \/>\n<em>Franck Prouhet<\/em><br \/>\n\u00ab\u00a0Il faut que les vaccins deviennent des biens communs mondiaux.\u00a0\u00bb<br \/>\n\u00ab\u00a0Les brevets sont un frein absolu \u00e0 la diffusion de ce qui devrait \u00eatre un bien commun : cela am\u00e8ne \u00e0 une p\u00e9nurie, \u00e0 des prix hauts, \u00e0 un apartheid vaccinal qui prive les pays les pauvres de vaccins.\u00a0\u00bb<\/p>\n<p><em>Sylvie Larue<\/em><br \/>\n\u00ab\u00a0De plus en plus de voix s\u2019\u00e9l\u00e8vent pour demander que les brevets soient suspendus.\u00a0\u00bb<br \/>\n\u00ab\u00a0Des batailles comme celle-ci ont d\u00e9j\u00e0 \u00e9t\u00e9 men\u00e9es et ont \u00e9t\u00e9 remport\u00e9es, notamment quant au VIH.\u00a0\u00bb<br \/>\n\u00ab\u00a0Ces logiques de profits, des logiques capitalistes, de mises en concurrence des pays entre eux sont de plus en plus insupportables et compl\u00e8tement inefficaces. Il faut que l\u2019on s\u2019en sorte tous ensemble, que l\u2019on soit un pays riche ou un pays pauvre.\u00a0\u00bb<br \/>\n\u00ab\u00a0Il faut privil\u00e9gier la coop\u00e9ration et la mise en commun.\u00a0\u00bb<\/p>\n<p><em>\u00a0<strong>Sur la lutte contre le VIH<\/em>\u00a0<\/strong><br \/>\n<em>Franck Prouhet<\/em><br \/>\n\u00ab\u00a0En 2001, les 39 plus gros laboratoires mondiaux ont avou\u00e9 qu\u2019ils pr\u00e9f\u00e9raient leurs profits \u00e0 la sant\u00e9 des populations notamment africaines, en mettant en proc\u00e8s le gouvernement de Pretoria (Afrique du Sud) parce qu\u2019il avait r\u00e9dig\u00e9 une loi pour produire des g\u00e9n\u00e9riques \u00e0 bas co\u00fbt contre le VIH &#8211; cela divisait par 100 le coup d\u2019un traitement !\u00a0\u00bb<br \/>\n\u00ab\u00a0Les brevets n\u2019ont pas saut\u00e9 mais le scandale absolu qu\u2019\u00e9tait ce proc\u00e8s a permis d\u2019autoriser des mesures un peu d\u00e9rogatoires aux r\u00e8gles de propri\u00e9t\u00e9 intellectuelle.\u00a0\u00bb<\/p>\n<p><em>\u00a0<strong>Sur l\u2019apartheid vaccinal<\/em>\u00a0<\/strong><br \/>\n<em>Franck Prouhet<\/em><br \/>\n\u00ab\u00a0Il y a un apartheid vaccinal.\u00a0\u00bb<br \/>\n\u00ab\u00a096% des stocks de vaccins ARNm Pfizer et Moderna ont \u00e9t\u00e9 achet\u00e9s par les pays riches qui ne repr\u00e9sentent que 14% de la population mondiale.\u00a0\u00bb<br \/>\n\u00ab\u00a0L\u2019OMS estime que seuls 10% de la population pauvre du monde aura acc\u00e8s \u00e0 des vaccins anti-Covid \u00e0 la fin de l\u2019ann\u00e9e.\u00a0\u00bb<br \/>\n \u00ab\u00a0Les variants sont plus contagieux et \u00e9chappent \u00e0 un certain nombre de vaccins.\u00a0\u00bb<br \/>\n\u00ab\u00a0Ceux qui d\u00e9cident de la production vaccinale, ce sont les producteurs et le march\u00e9 et pas des experts, des citoyens.\u00a0\u00bb<br \/>\n\u00ab\u00a0Les financements sont publics et nos usines sont \u00e0 l\u2019arr\u00eat.\u00a0\u00bb<br \/>\n\u00ab\u00a0La base du nationalisme vaccinal, c\u2019est la p\u00e9nurie. Or la p\u00e9nurie est organis\u00e9e par les brevets.\u00a0\u00bb<\/p>\n<p><em>\u00a0<strong>Sur les r\u00e9quisitions envisag\u00e9es pour produire des vaccins<\/em>\u00a0<\/strong><br \/>\n<em>Franck Prouhet<\/em><br \/>\n\u00ab\u00a0Tous les pays n\u2019ont pas les capacit\u00e9s pour produire des vaccins mais des pays comme l\u2019Inde et l\u2019Afrique du Sud, oui.\u00a0\u00bb<br \/>\n\u00ab\u00a0L\u2019Afrique du Sud vend des vaccins au march\u00e9 mondial mais doit en racheter \u00e0 des prix \u00e9lev\u00e9s pour qu\u2019ils soient adapt\u00e9s au variant sud-africain.\u00a0\u00bb<\/p>\n<p><em>Sylvie Larue<\/em><br \/>\n\u00ab\u00a0Il y a une vraie volont\u00e9 de ne pas laisser aux pays qui peuvent produire des vaccins de le faire.\u00a0\u00bb<br \/>\n\u00ab\u00a0Le Covax, c\u2019est consacrer une partie de la production des vaccins \u00e0 l\u2019Afrique. Emmanuel Macron propose ainsi que 3 \u00e0 5% des vaccins soient livr\u00e9s \u00e0 l\u2019Afrique. C\u2019est scandaleux : au lieu d\u2019avoir une autonomie de production, on leur fait l\u2019aum\u00f4ne.\u00a0\u00bb<\/p>\n<p><em>\u00a0<strong>Sur la pharmacovigilance<\/em>\u00a0<\/strong><br \/>\n<em>Franck Prouhet<\/em>\u00a0<br \/>\n\u00ab\u00a0Depuis des ann\u00e9es, des associations m\u00e9dicales d\u00e9noncent les scandales de sant\u00e9.\u00a0\u00bb<br \/>\n\u00ab\u00a0Les scientifiques, les m\u00e9decins, les pharmaciens, les pharmacologues, associ\u00e9s aux syndicats et aux citoyens devraient avoir tous les \u00e9l\u00e9ments d\u2019information, c\u2019est-\u00e0-dire acc\u00e8s aux brevets, pour pouvoir d\u00e9terminer quel vaccin serait meilleur pour telle indication. Aujourd\u2019hui, c\u2019est le secret commercial qui pr\u00e9side.\u00a0\u00bb<div id='gallery-1' class='gallery galleryid-12793 gallery-columns-3 gallery-size-thumbnail'><figure class='gallery-item'>\n\t\t\t<div class='gallery-icon landscape'>\n\t\t\t\t<a href='https:\/\/archives.regards.fr\/wp-content\/uploads\/2021\/02\/capture_d_e_cran_2021-02-24_a_14-5e5.15.13.png'><img loading=\"lazy\" decoding=\"async\" width=\"150\" height=\"150\" src=\"https:\/\/archives.regards.fr\/wp-content\/uploads\/2021\/02\/capture_d_e_cran_2021-02-24_a_14-5e5.15.13-150x150.png\" class=\"attachment-thumbnail size-thumbnail\" alt=\"capture_d_e_cran_2021-02-24_a_14.15.13.png\" \/><\/a>\n\t\t\t<\/div><\/figure>\n\t\t<\/div>\n<\/p>\n","protected":false},"excerpt":{"rendered":"<p><a href=\"https:\/\/www.wesign.it\/fr\/sante\/brevets-sur-les-vaccins-anti-covid-stop-requisition-\">Leur p\u00e9tition<\/a> lanc\u00e9e par pr\u00e8s de 50 associations et 100 personnalit\u00e9s a atteint les 5000 signatures. Ils demandent l&#8217;ouverture des brevets et la r\u00e9quisition des usines pour fabriquer le vaccin. Sylvie Larue de la coop\u00e9rative Cerises et Franck Prouhet, m\u00e9decin g\u00e9n\u00e9raliste, tous deux \u00e0 l&#8217;initiative de l&#8217;appel, sont les invit\u00e9s de #LaMidinale.<\/p>\n","protected":false},"author":1204,"featured_media":30317,"comment_status":"open","ping_status":"open","sticky":false,"template":"","format":"standard","meta":{"_themeisle_gutenberg_block_has_review":false,"footnotes":""},"categories":[238],"tags":[293],"class_list":["post-12793","post","type-post","status-publish","format-standard","has-post-thumbnail","hentry","category-la-midinale","tag-entretien"],"_links":{"self":[{"href":"https:\/\/archives.regards.fr\/index.php?rest_route=\/wp\/v2\/posts\/12793","targetHints":{"allow":["GET"]}}],"collection":[{"href":"https:\/\/archives.regards.fr\/index.php?rest_route=\/wp\/v2\/posts"}],"about":[{"href":"https:\/\/archives.regards.fr\/index.php?rest_route=\/wp\/v2\/types\/post"}],"author":[{"embeddable":true,"href":"https:\/\/archives.regards.fr\/index.php?rest_route=\/wp\/v2\/users\/1204"}],"replies":[{"embeddable":true,"href":"https:\/\/archives.regards.fr\/index.php?rest_route=%2Fwp%2Fv2%2Fcomments&post=12793"}],"version-history":[{"count":0,"href":"https:\/\/archives.regards.fr\/index.php?rest_route=\/wp\/v2\/posts\/12793\/revisions"}],"wp:featuredmedia":[{"embeddable":true,"href":"https:\/\/archives.regards.fr\/index.php?rest_route=\/wp\/v2\/media\/30317"}],"wp:attachment":[{"href":"https:\/\/archives.regards.fr\/index.php?rest_route=%2Fwp%2Fv2%2Fmedia&parent=12793"}],"wp:term":[{"taxonomy":"category","embeddable":true,"href":"https:\/\/archives.regards.fr\/index.php?rest_route=%2Fwp%2Fv2%2Fcategories&post=12793"},{"taxonomy":"post_tag","embeddable":true,"href":"https:\/\/archives.regards.fr\/index.php?rest_route=%2Fwp%2Fv2%2Ftags&post=12793"}],"curies":[{"name":"wp","href":"https:\/\/api.w.org\/{rel}","templated":true}]}}